{"id":2298,"date":"2019-07-28T16:24:00","date_gmt":"2019-07-28T16:24:00","guid":{"rendered":"https:\/\/jorgezanoni.com.br\/2019\/?p=2298"},"modified":"2019-07-28T16:24:00","modified_gmt":"2019-07-28T16:24:00","slug":"homem-morre-e-jovem-de-22-anos-fica-gravemente-ferida-em-acidente-em-piquerobi","status":"publish","type":"post","link":"https:\/\/jorgezanoni.com.br\/2019\/homem-morre-e-jovem-de-22-anos-fica-gravemente-ferida-em-acidente-em-piquerobi\/","title":{"rendered":"Homem morre e jovem, de 22 anos, fica gravemente ferida em acidente em Piquerobi"},"content":{"rendered":"<h2 class=\"content-head__subtitle\" style=\"text-align: justify;\"><strong>Segundo a Pol\u00edcia Rodovi\u00e1ria, motorista foi internada em estado grave no Hospital Regional, em Presidente Prudente.<\/strong><\/h2>\n<div class=\"mc-column content-text active-extra-styles \" style=\"text-align: justify;\" data-block-type=\"unstyled\" data-block-weight=\"35\" data-block-id=\"2\">\n<p class=\"content-text__container \" data-track-category=\"Link no Texto\" data-track-links=\"\">Um homem de 54 anos morreu em um capotamento por volta das 19h deste s\u00e1bado (27) em uma estrada que d\u00e1 acesso ao munic\u00edpio de\u00a0<a href=\"http:\/\/g1.globo.com\/sp\/presidente-prudente-regiao\/cidade\/piquerobi.html\">Piquerobi<\/a>. A filha dele, de 22 anos, ficou gravemente ferida.<\/p>\n<\/div>\n<div class=\"wall protected-content\">\n<div class=\"mc-column content-text active-extra-styles \" style=\"text-align: justify;\" data-block-type=\"unstyled\" data-block-weight=\"24\" data-block-id=\"3\">\n<p class=\"content-text__container \" data-track-category=\"Link no Texto\" data-track-links=\"\">Segundo informa\u00e7\u00f5es da Pol\u00edcia Rodovi\u00e1ria, o ve\u00edculo, de\u00a0<a href=\"http:\/\/g1.globo.com\/sp\/presidente-prudente-regiao\/cidade\/santo-anastacio.html\">Santo Anast\u00e1cio<\/a>, transitava no sentido Piquerobi \u2013 Santo Anast\u00e1cio, quando capotou e chocou-se em um barranco.<\/p>\n<\/div>\n<div class=\"mc-column content-text active-extra-styles \" style=\"text-align: justify;\" data-block-type=\"unstyled\" data-block-weight=\"15\" data-block-id=\"4\">\n<p class=\"content-text__container \" data-track-category=\"Link no Texto\" data-track-links=\"\">Jos\u00e9 Roberto Botacini Silva, que segundo a pol\u00edcia era passageiro do ve\u00edculo, morreu no local.<\/p>\n<\/div>\n<div class=\"mc-column content-text active-extra-styles \" style=\"text-align: justify;\" data-block-type=\"unstyled\" data-block-weight=\"19\" data-block-id=\"5\">\n<p class=\"content-text__container \" data-track-category=\"Link no Texto\" data-track-links=\"\">A filha dele dirigia a camionete e foi socorrida em estado grave no Hospital Regional (HR) de\u00a0<a href=\"http:\/\/g1.globo.com\/sp\/presidente-prudente-regiao\/cidade\/presidente-prudente.html\">Presidente Prudente<\/a>.<\/p>\n<\/div>\n<div class=\"mc-column content-text active-extra-styles \" style=\"text-align: justify;\" data-block-type=\"unstyled\" data-block-weight=\"5\" data-block-id=\"6\">\n<p class=\"content-text__container \" data-track-category=\"Link no Texto\" data-track-links=\"\">Ambos s\u00e3o de Santo Anast\u00e1cio.<\/p>\n<\/div>\n<div class=\"mc-column content-text active-extra-styles \" data-block-type=\"unstyled\" data-block-weight=\"9\" data-block-id=\"7\">\n<p class=\"content-text__container \" style=\"text-align: justify;\" data-track-category=\"Link no Texto\" data-track-links=\"\">A ocorr\u00eancia foi registrada na Delegacia de\u00a0<a href=\"http:\/\/g1.globo.com\/sp\/presidente-prudente-regiao\/cidade\/presidente-venceslau.html\">Presidente Venceslau<\/a>.<\/p>\n<p data-track-category=\"Link no Texto\" data-track-links=\"\"><img loading=\"lazy\" decoding=\"async\" class=\"alignnone size-full wp-image-2299\" src=\"https:\/\/jorgezanoni.com.br\/2019\/wp-content\/uploads\/2019\/07\/pique-1.jpeg\" alt=\"\" width=\"1000\" height=\"750\" srcset=\"https:\/\/jorgezanoni.com.br\/2019\/wp-content\/uploads\/2019\/07\/pique-1.jpeg 1000w, https:\/\/jorgezanoni.com.br\/2019\/wp-content\/uploads\/2019\/07\/pique-1-300x225.jpeg 300w, https:\/\/jorgezanoni.com.br\/2019\/wp-content\/uploads\/2019\/07\/pique-1-768x576.jpeg 768w, https:\/\/jorgezanoni.com.br\/2019\/wp-content\/uploads\/2019\/07\/pique-1-80x60.jpeg 80w, https:\/\/jorgezanoni.com.br\/2019\/wp-content\/uploads\/2019\/07\/pique-1-265x198.jpeg 265w, https:\/\/jorgezanoni.com.br\/2019\/wp-content\/uploads\/2019\/07\/pique-1-696x522.jpeg 696w, https:\/\/jorgezanoni.com.br\/2019\/wp-content\/uploads\/2019\/07\/pique-1-560x420.jpeg 560w\" sizes=\"auto, (max-width: 1000px) 100vw, 1000px\" \/><\/p>\n<div class=\"mc-column content-text active-extra-styles\" data-block-type=\"raw\" data-block-weight=\"2\" data-block-id=\"10\">\n<div class=\"content-intertitle\">\n<h2 style=\"text-align: justify;\">4 acidentes<\/h2>\n<\/div>\n<\/div>\n<div class=\"mc-column content-text active-extra-styles \" style=\"text-align: justify;\" data-block-type=\"unstyled\" data-block-weight=\"28\" data-block-id=\"11\">\n<p class=\"content-text__container \" data-track-category=\"Link no Texto\" data-track-links=\"\">A Pol\u00edcia Rodovi\u00e1ria informou ainda que houve quatro acidentes registrados no Oeste Paulista neste s\u00e1bado: na SP-563 (<a href=\"http:\/\/g1.globo.com\/sp\/presidente-prudente-regiao\/cidade\/monte-castelo-sp.html\">Monte Castelo<\/a>), SP-294 (<a href=\"http:\/\/g1.globo.com\/sp\/presidente-prudente-regiao\/cidade\/tupi-paulista.html\">Tupi Paulista<\/a>), SP-425 (<a href=\"http:\/\/g1.globo.com\/sp\/presidente-prudente-regiao\/cidade\/martinopolis-sp.html\">Martin\u00f3polis<\/a>) e SP-613 (<a href=\"http:\/\/g1.globo.com\/sp\/presidente-prudente-regiao\/cidade\/teodoro-sampaio-sp.html\">Teodoro Sampaio<\/a>).<\/p>\n<\/div>\n<div data-track-category=\"multicontent\" data-track-action=\"ultimo chunk conteudo\" data-track-noninteraction=\"false\" data-track-scroll=\"view\">\n<div class=\"mc-column content-text active-extra-styles \" data-block-type=\"unstyled\" data-block-weight=\"13\" data-block-id=\"12\">\n<p class=\"content-text__container \" style=\"text-align: justify;\" data-track-category=\"Link no Texto\" data-track-links=\"\">A pol\u00edcia informou apenas que \u201cas v\u00edtimas s\u00e3o de menor potencial e gravidade\u201d.<\/p>\n<p data-track-category=\"Link no Texto\" data-track-links=\"\">Fonte: G1<\/p>\n<\/div>\n<\/div>\n<\/div>\n<\/div>\n","protected":false},"excerpt":{"rendered":"<p>Segundo a Pol\u00edcia Rodovi\u00e1ria, motorista foi internada em estado grave no Hospital Regional, em Presidente Prudente. Um homem de 54 anos morreu em um capotamento por volta das 19h deste s\u00e1bado (27) em uma estrada que d\u00e1 acesso ao munic\u00edpio de\u00a0Piquerobi. A filha dele, de 22 anos, ficou gravemente ferida. Segundo informa\u00e7\u00f5es da Pol\u00edcia Rodovi\u00e1ria, [&hellip;]<\/p>\n","protected":false},"author":1,"featured_media":2300,"comment_status":"closed","ping_status":"open","sticky":false,"template":"","format":"standard","meta":{"footnotes":""},"categories":[170,110],"tags":[],"class_list":["post-2298","post","type-post","status-publish","format-standard","has-post-thumbnail","hentry","category-acidentes","category-noticiasdestaque"],"_links":{"self":[{"href":"https:\/\/jorgezanoni.com.br\/2019\/wp-json\/wp\/v2\/posts\/2298","targetHints":{"allow":["GET"]}}],"collection":[{"href":"https:\/\/jorgezanoni.com.br\/2019\/wp-json\/wp\/v2\/posts"}],"about":[{"href":"https:\/\/jorgezanoni.com.br\/2019\/wp-json\/wp\/v2\/types\/post"}],"author":[{"embeddable":true,"href":"https:\/\/jorgezanoni.com.br\/2019\/wp-json\/wp\/v2\/users\/1"}],"replies":[{"embeddable":true,"href":"https:\/\/jorgezanoni.com.br\/2019\/wp-json\/wp\/v2\/comments?post=2298"}],"version-history":[{"count":0,"href":"https:\/\/jorgezanoni.com.br\/2019\/wp-json\/wp\/v2\/posts\/2298\/revisions"}],"wp:featuredmedia":[{"embeddable":true,"href":"https:\/\/jorgezanoni.com.br\/2019\/wp-json\/wp\/v2\/media\/2300"}],"wp:attachment":[{"href":"https:\/\/jorgezanoni.com.br\/2019\/wp-json\/wp\/v2\/media?parent=2298"}],"wp:term":[{"taxonomy":"category","embeddable":true,"href":"https:\/\/jorgezanoni.com.br\/2019\/wp-json\/wp\/v2\/categories?post=2298"},{"taxonomy":"post_tag","embeddable":true,"href":"https:\/\/jorgezanoni.com.br\/2019\/wp-json\/wp\/v2\/tags?post=2298"}],"curies":[{"name":"wp","href":"https:\/\/api.w.org\/{rel}","templated":true}]}}