{"id":22977,"date":"2020-04-04T12:59:53","date_gmt":"2020-04-04T12:59:53","guid":{"rendered":"https:\/\/jorgezanoni.com.br\/2019\/?p=22977"},"modified":"2020-04-04T13:56:48","modified_gmt":"2020-04-04T13:56:48","slug":"segundo-morte-por-suspeita-de-coronavirus-e-registrada-em-dracena","status":"publish","type":"post","link":"https:\/\/jorgezanoni.com.br\/2019\/segundo-morte-por-suspeita-de-coronavirus-e-registrada-em-dracena\/","title":{"rendered":"Segunda morte por suspeita de Coronav\u00edrus \u00e9 registrada em Dracena"},"content":{"rendered":"<div id=\"id_5e8883fcf24580124898144\" class=\"text_exposed_root text_exposed\" style=\"text-align: justify;\">\n<p>NOTA OFICIAL<\/p>\n<p>A Prefeitura de Dracena, comunica o falecimento do idoso de 63 anos, morador de Dracena, que se encontrava internado na UTI em isolamento da Santa Casa de Dracena com SINTOMAS do novo coronav\u00edrus.<\/p>\n<p>O \u00f3bito ocorreu \u00e0s 00h45 de hoje (04), e a Secretaria Municipal de Sa\u00fade foi notificada oficialmente \u00e0s 7h21.<\/p>\n<p>Ainda \u00e9 aguardado o resultado do exame que est\u00e1 na fila do Instituto Adolfo Lutz, portanto, N\u00c3O H\u00c1 COMO AFIRMAR que a causa da morte seja Covid-19.<\/p>\n<p>A Secretaria de Sa\u00fade informa que toda a fam\u00edlia que teve contato direto ou indireto com este senhor, est\u00e1 sendo orientada a ficar em isolamento social por 14 dias, desde quando se deu a suspeita.<\/p>\n<p>O sepultamento ser\u00e1 na cidade de Pacaembu\/SP.<\/p>\n<\/div>\n<p style=\"text-align: justify;\">Fonte: https:\/\/www.facebook.com\/prefeituradracena\/<\/p>\n<p>&nbsp;<\/p>\n","protected":false},"excerpt":{"rendered":"<p>NOTA OFICIAL A Prefeitura de Dracena, comunica o falecimento do idoso de 63 anos, morador de Dracena, que se encontrava internado na UTI em isolamento da Santa Casa de Dracena com SINTOMAS do novo coronav\u00edrus. O \u00f3bito ocorreu \u00e0s 00h45 de hoje (04), e a Secretaria Municipal de Sa\u00fade foi notificada oficialmente \u00e0s 7h21. Ainda [&hellip;]<\/p>\n","protected":false},"author":1,"featured_media":22978,"comment_status":"closed","ping_status":"open","sticky":false,"template":"","format":"standard","meta":{"footnotes":""},"categories":[179,184,110],"tags":[],"class_list":["post-22977","post","type-post","status-publish","format-standard","has-post-thumbnail","hentry","category-cidadeseregiao","category-dracena","category-noticiasdestaque"],"_links":{"self":[{"href":"https:\/\/jorgezanoni.com.br\/2019\/wp-json\/wp\/v2\/posts\/22977","targetHints":{"allow":["GET"]}}],"collection":[{"href":"https:\/\/jorgezanoni.com.br\/2019\/wp-json\/wp\/v2\/posts"}],"about":[{"href":"https:\/\/jorgezanoni.com.br\/2019\/wp-json\/wp\/v2\/types\/post"}],"author":[{"embeddable":true,"href":"https:\/\/jorgezanoni.com.br\/2019\/wp-json\/wp\/v2\/users\/1"}],"replies":[{"embeddable":true,"href":"https:\/\/jorgezanoni.com.br\/2019\/wp-json\/wp\/v2\/comments?post=22977"}],"version-history":[{"count":0,"href":"https:\/\/jorgezanoni.com.br\/2019\/wp-json\/wp\/v2\/posts\/22977\/revisions"}],"wp:featuredmedia":[{"embeddable":true,"href":"https:\/\/jorgezanoni.com.br\/2019\/wp-json\/wp\/v2\/media\/22978"}],"wp:attachment":[{"href":"https:\/\/jorgezanoni.com.br\/2019\/wp-json\/wp\/v2\/media?parent=22977"}],"wp:term":[{"taxonomy":"category","embeddable":true,"href":"https:\/\/jorgezanoni.com.br\/2019\/wp-json\/wp\/v2\/categories?post=22977"},{"taxonomy":"post_tag","embeddable":true,"href":"https:\/\/jorgezanoni.com.br\/2019\/wp-json\/wp\/v2\/tags?post=22977"}],"curies":[{"name":"wp","href":"https:\/\/api.w.org\/{rel}","templated":true}]}}