{"id":22974,"date":"2020-04-04T03:34:03","date_gmt":"2020-04-04T03:34:03","guid":{"rendered":"https:\/\/jorgezanoni.com.br\/2019\/?p=22974"},"modified":"2020-04-04T03:34:03","modified_gmt":"2020-04-04T03:34:03","slug":"o-inimigo-invisivel-e-mortal","status":"publish","type":"post","link":"https:\/\/jorgezanoni.com.br\/2019\/o-inimigo-invisivel-e-mortal\/","title":{"rendered":"O inimigo invis\u00edvel e mortal&#8230;"},"content":{"rendered":"<p style=\"text-align: justify;\"><strong>O INIMIGO INVIS\u00cdVEL E MORTAL&#8230;<\/strong><\/p>\n<p style=\"text-align: justify;\"><strong>*CLAUDIVAL CLEMENTE.<\/strong><\/p>\n<p style=\"text-align: justify;\"><strong>**CLAUDIVAL MOURA CLEMENTE<\/strong><\/p>\n<p style=\"text-align: justify;\">Ap\u00f3s a China ter liberado as primeiras informa\u00e7\u00f5es a respeito do alcance do Covid19, originado na prov\u00edncia chinesa de Wuhan, os especialistas em sa\u00fade p\u00fablica tornaram p\u00fablico as suas impress\u00f5es e a pr\u00f3pria OMS (Organiza\u00e7\u00e3o Mundial da Sa\u00fade, ligada \u00e0 ONU), foram un\u00e2nimes com a prov\u00e1vel dissemina\u00e7\u00e3o(espalhamento) do v\u00edrus em n\u00edvel internacional, que poderia caracterizar uma pandemia, ou seja, atingir todas as partes do mundo.<\/p>\n<p style=\"text-align: justify;\">Infelizmente no Brasil faltou ao Governo Federal aten\u00e7\u00e3o aos sinais de que o v\u00edrus poderia ser importado para c\u00e1, minimizando desde logo, o Presidente Rep\u00fablica o alcance do v\u00edrus, esquecendo-se de que vivemos em um mundo globalizado(mundializa\u00e7\u00e3o do espa\u00e7o geogr\u00e1fico por meio da interliga\u00e7\u00e3o econ\u00f4mica, pol\u00edtica, social e cultural em \u00e2mbito planet\u00e1rio)e o Covid19 chegou ao pa\u00eds por meio de uma pessoa que voltou da It\u00e1lia.<\/p>\n<p style=\"text-align: justify;\">Seria necess\u00e1rio a ado\u00e7\u00e3o de provid\u00eancias para controle das chegadas nos aeroportos, portos e divisas com outros pa\u00edses, mediante um simples exame de temperatura nas pessoas vindas de outras localidades.<\/p>\n<p style=\"text-align: justify;\">Al\u00e9m disso, a melhor conduta seria constituir um comit\u00ea nacional para enfrentamento da situa\u00e7\u00e3o, composto dos Ministros de Estado, dos representantes do Congresso Nacional e do Poder Judici\u00e1rio, dos Governadores dos Estados, dos especialistas em sa\u00fade p\u00fablica e tamb\u00e9m das centrais sindicais, das igrejas e dos \u00f3rg\u00e3os de classe, especialmente Conselho Federal de Medicina, Conselho Federal de Enfermagem e Ordem dos Advogados do Brasil, entre outros.<\/p>\n<p style=\"text-align: justify;\">Este comit\u00ea iria criar as subcomiss\u00f5es e escolher as medidas preventivas e protetivas contra o v\u00edrus que estava vindo assolar o nosso pa\u00eds. Este comit\u00ea tamb\u00e9m iria decidir a respeito do isolamento social e das medidas para proteger os trabalhadores, os empres\u00e1rios e a economia como um todo.<\/p>\n<p style=\"text-align: justify;\">As decis\u00f5es produzidas por este comit\u00ea teriam for\u00e7a de lei e produziriam resultados pr\u00e1ticos desde o in\u00edcio da pandemia (doen\u00e7a espalhada por todo o mundo), evitando decis\u00f5es conflitantes e tamb\u00e9m uma guerra pol\u00edtica, pois o que mais \u00e9 precioso no Brasil sempre e neste momento em especial \u00e9 a paz entre todos. O objetivo de todos, povo e autoridades \u00e9 combater a propaga\u00e7\u00e3o do v\u00edrus.<\/p>\n<p style=\"text-align: justify;\">Os estudos dos cientistas mostram que o Covid19 pela forma como entra e se desenvolve no ser humano, atacando os pulm\u00f5es \u00e9 altamente letal e n\u00e3o se trata de uma simples \u201cgripezinha\u201d ou de um simples \u201cresfriado\u201d; \u00e9 uma doen\u00e7a respirat\u00f3ria que \u00e9 transmitida de pessoa a pessoa, pois quando o ser humano fala expele pequenas got\u00edculas, que se atingem a boca, o nariz ou os olhos de outra pessoa, provoca o cont\u00e1gio, sem que nenhuma das pessoas tenha percebido nada.A transmiss\u00e3o do v\u00edrus ocorre de maneira exponencial, qual seja, um contaminado transmite para outros 10, estes 10 para outros 100, de 100 para 1.000 e assim sucessivamente.<\/p>\n<p style=\"text-align: justify;\">Portanto, a forma mais eficaz de combate ao Covid19, al\u00e9m dos pequenos h\u00e1bitos de higiene, como lavar as m\u00e3os sempre com \u00e1gua e sab\u00e3o ou cobrir a boca e o nariz para os espirros e tosses, tamb\u00e9m se faz tirando o m\u00e1ximo de pessoas de circula\u00e7\u00e3o das cidades. \u00c9 o chamado isolamento social, que \u00e9 incentivar os indiv\u00edduos se afastarem \u00a0do conv\u00edvio social, deixando de ter contato com outras pessoas no trabalho ou na sociedade.<\/p>\n<p style=\"text-align: justify;\">Os demais pa\u00edses que receberam os efeitos mal\u00e9ficos do Covid19, incluindo a China onde o v\u00edrus se iniciou, a pr\u00e1tica do isolamento social impediu o espalhamento do v\u00edrus, mantendo-o restrito \u00e0s pessoas originalmente contaminadas no exterior, ou eventualmente aquelas que tiveram proximidade com os que trouxeram o v\u00edrus do exterior.<\/p>\n<p style=\"text-align: justify;\">O grande problema gerado pelo isolamento social \u00e9 que as pessoas deixam de produzir, pois s\u00e3o afastadas do seu trabalho e os comerciantes e empres\u00e1rios, exceto aqueles que s\u00e3o considerados essenciais, deixam de vender, consequentemente interferindo na renda de cada um dos brasileiros que dependem dos seus empregos ou de suas atividades comerciais, derrubando drasticamente o valor do PIB (Produto Interno Bruto), que \u00e9 a soma de todos os bens e servi\u00e7os finais produzidos por um pa\u00eds, estado ou cidade, geralmente em um ano.<\/p>\n<p style=\"text-align: justify;\">A fun\u00e7\u00e3o social dos governantes, al\u00e9m de prevenir e conter o avan\u00e7o do Covid19 em territ\u00f3rio nacional, tamb\u00e9m \u00e9 proteger a renda dos trabalhadores e a economia, pois sendo fragilizada ir\u00e1 complicar todas as atividades desenvolvidas pelo Estado, tais como, sa\u00fade, educa\u00e7\u00e3o e seguran\u00e7a p\u00fablica.<\/p>\n<p style=\"text-align: justify;\">Revogar o isolamento social certamente n\u00e3o \u00e9 a decis\u00e3o correta, porque o mais importante em um pa\u00eds \u00e9 proteger a popula\u00e7\u00e3o, porque os efeitos do Covid19 s\u00e3o terrivelmente cru\u00e9is, com probabilidade de morte n\u00e3o somente para as pessoas idosas e portadoras de doen\u00e7as cr\u00f4nicas, mas tamb\u00e9m aos adolescentes e jovens, pois se trata de uma doen\u00e7a respirat\u00f3ria grave; considerando a forma como se transmite aos n\u00e3os infectados e tamb\u00e9m porque confunde as defesas do organismo, se camuflando em c\u00e9lula, destruindo esta c\u00e9lula e se transformando em 100 c\u00e9lulas que v\u00e3o direto aos pulm\u00f5es.<\/p>\n<p style=\"text-align: justify;\">Juntamente com o isolamento social, o governo federal em sintonia com os governos estaduais tem que formular uma pol\u00edtica p\u00fablica que seja suficiente para diminuir os efeitos sobre a renda das pessoas. Pol\u00edtica P\u00fablica \u00e9 um conjunto de decis\u00f5es, planos, metas e a\u00e7\u00f5es governamentais (seja a n\u00edvel nacional, estadual ou municipal) voltados para a resolu\u00e7\u00e3o de problemas de interesse p\u00fablico.<\/p>\n<p style=\"text-align: justify;\">A situa\u00e7\u00e3o como se apresenta tem que contar com a participa\u00e7\u00e3o de todos os brasileiros, repetindo cuidado da higiene pessoal, permanecendo em suas casas, evitando contato com outras pessoas, protegendo as pessoas idosas e portadoras de doen\u00e7as cr\u00f4nicas; mas, de igual forma, contar com a pol\u00edtica p\u00fablica para proteger a todos os brasileiros. Naturalmente que somente a edi\u00e7\u00e3o da lei de calamidade p\u00fablica n\u00e3o \u00e9 suficiente para todas estas provid\u00eancias e tampouco uma medida provis\u00f3ria que autoriza a suspens\u00e3o dos contratos de trabalhos por 4 meses, sem remunera\u00e7\u00e3o.<\/p>\n<p style=\"text-align: justify;\">Exige-se muito mais do Governo Federal que disp\u00f5e de capacidade financeira, at\u00e9 mesmo porque a lei de calamidade p\u00fablica autoriza o rompimento do teto de gastos p\u00fablicos ( limite previsto na Constitui\u00e7\u00e3o Federal para as despesas p\u00fablicas), com remanejamento de v\u00e1rias verbas (dinheiro) para socorrer os estados e os munic\u00edpios.<\/p>\n<p style=\"text-align: justify;\">As medidas recentemente tomadas, adiando os vencimentos dos impostos, liberando empr\u00e9stimos para folhas de pagamentos das empresas e uma renda para aqueles que necessitam ser protegidos neste momento, \u00e9 um primeiro passo, de muitos que precisar\u00e3o ser dados, ap\u00f3s este momento ser ultrapassado.<\/p>\n<p style=\"text-align: justify;\">De nada adianta as pr\u00e1ticas negacionistas( que desvalorizam o verdadeiro impacto da doen\u00e7a), nem mesmo as pr\u00e1ticas de ficar no meio do caminho, todos precisam se posicionar em defesa da popula\u00e7\u00e3o brasileira, incluindo os respons\u00e1veis pela forma\u00e7\u00e3o da opini\u00e3o p\u00fablica. \u00c9 preciso emitir a opini\u00e3o, falar, ensinar, transmitir e compartilhar, este \u00e9 o verdadeiro papel daqueles que escrevem para as colunas.<\/p>\n<p style=\"text-align: justify;\">O Brasil ir\u00e1 vender o Covid19, mantendo o isolamento social e praticando as regras b\u00e1sicas de higiene. Em caso de presen\u00e7a dos sintomas do Covid19(nariz escorrendo, dor de garganta, tosse e febre), procure imediatamente a Unidade B\u00e1sica de Sa\u00fade pr\u00f3xima de sua casa e ser\u00e3o prestadas as orienta\u00e7\u00f5es e encaminhamentos pela enfermeira do acolhimento.<\/p>\n<p style=\"text-align: justify;\">Envie d\u00favidas, coment\u00e1rios ou sugest\u00f5es para <a href=\"mailto:bcrcconsultoria@gmail.com\">bcrcconsultoria@gmail.com<\/a>. At\u00e9 a pr\u00f3xima.<\/p>\n<p style=\"text-align: justify;\">*Formado em Direito pela Universidade Estadual de Direito do Norte Pioneiro em Jacarezinho e em Administra\u00e7\u00e3o de Empresas pela Faculdades Integradas de Ourinhos. MBA em Comunica\u00e7\u00e3o Corporativa pela Universidade Est\u00e1cio de S\u00e1(em curso) . S\u00f3cio s\u00eanior da BCRC Consultoria em Comunica\u00e7\u00e3o.<\/p>\n<p style=\"text-align: justify;\">** Revis\u00e3o e colabora\u00e7\u00e3o\u00a0 &#8211; Acad\u00eamico de Administra\u00e7\u00e3o de Empresas na UNICID.<\/p>\n","protected":false},"excerpt":{"rendered":"<p>O INIMIGO INVIS\u00cdVEL E MORTAL&#8230; *CLAUDIVAL CLEMENTE. **CLAUDIVAL MOURA CLEMENTE Ap\u00f3s a China ter liberado as primeiras informa\u00e7\u00f5es a respeito do alcance do Covid19, originado na prov\u00edncia chinesa de Wuhan, os especialistas em sa\u00fade p\u00fablica tornaram p\u00fablico as suas impress\u00f5es e a pr\u00f3pria OMS (Organiza\u00e7\u00e3o Mundial da Sa\u00fade, ligada \u00e0 ONU), foram un\u00e2nimes com a [&hellip;]<\/p>\n","protected":false},"author":1,"featured_media":22975,"comment_status":"closed","ping_status":"open","sticky":false,"template":"","format":"standard","meta":{"footnotes":""},"categories":[175],"tags":[],"class_list":["post-22974","post","type-post","status-publish","format-standard","has-post-thumbnail","hentry","category-artigos"],"_links":{"self":[{"href":"https:\/\/jorgezanoni.com.br\/2019\/wp-json\/wp\/v2\/posts\/22974","targetHints":{"allow":["GET"]}}],"collection":[{"href":"https:\/\/jorgezanoni.com.br\/2019\/wp-json\/wp\/v2\/posts"}],"about":[{"href":"https:\/\/jorgezanoni.com.br\/2019\/wp-json\/wp\/v2\/types\/post"}],"author":[{"embeddable":true,"href":"https:\/\/jorgezanoni.com.br\/2019\/wp-json\/wp\/v2\/users\/1"}],"replies":[{"embeddable":true,"href":"https:\/\/jorgezanoni.com.br\/2019\/wp-json\/wp\/v2\/comments?post=22974"}],"version-history":[{"count":0,"href":"https:\/\/jorgezanoni.com.br\/2019\/wp-json\/wp\/v2\/posts\/22974\/revisions"}],"wp:featuredmedia":[{"embeddable":true,"href":"https:\/\/jorgezanoni.com.br\/2019\/wp-json\/wp\/v2\/media\/22975"}],"wp:attachment":[{"href":"https:\/\/jorgezanoni.com.br\/2019\/wp-json\/wp\/v2\/media?parent=22974"}],"wp:term":[{"taxonomy":"category","embeddable":true,"href":"https:\/\/jorgezanoni.com.br\/2019\/wp-json\/wp\/v2\/categories?post=22974"},{"taxonomy":"post_tag","embeddable":true,"href":"https:\/\/jorgezanoni.com.br\/2019\/wp-json\/wp\/v2\/tags?post=22974"}],"curies":[{"name":"wp","href":"https:\/\/api.w.org\/{rel}","templated":true}]}}