{"id":22939,"date":"2020-04-04T00:46:52","date_gmt":"2020-04-04T00:46:52","guid":{"rendered":"https:\/\/jorgezanoni.com.br\/2019\/?p=22939"},"modified":"2020-04-04T00:46:52","modified_gmt":"2020-04-04T00:46:52","slug":"fundacao-procon-esclarece-sobre-questao-de-fiscalizacao-no-aumento-de-precos-de-produtos","status":"publish","type":"post","link":"https:\/\/jorgezanoni.com.br\/2019\/fundacao-procon-esclarece-sobre-questao-de-fiscalizacao-no-aumento-de-precos-de-produtos\/","title":{"rendered":"Funda\u00e7\u00e3o Procon esclarece sobre quest\u00e3o de fiscaliza\u00e7\u00e3o no aumento de pre\u00e7os de produtos"},"content":{"rendered":"<p style=\"text-align: justify;\"><strong>A Funda\u00e7\u00e3o Procon-SP emitiu uma nota de esclarecimento sobre a quest\u00e3o da fiscaliza\u00e7\u00e3o do aumento de pre\u00e7os de produtos.<\/strong><\/p>\n<p style=\"text-align: justify;\">Em Dracena, as reclama\u00e7\u00f5es referentes a pre\u00e7os abusivos de produtos devem ser feitas pelos telefones (18) 3821-8001\/\/(18) 3821-8000 (Ramal 8090), de segunda a sexta-feira, das\u00a09h \u00e0s 11h e das\u00a013h \u00e0s 17h, ou pelo e-mail procondracena@dracena.sp.gov.br<\/p>\n<p style=\"text-align: justify;\">Ressalta-se que o Procon Municipal de Dracena registra as den\u00fancias e encaminha \u00e0 Regional de Presidente Prudente, pois s\u00f3 o \u00f3rg\u00e3o regional tem a compet\u00eancia de fiscalizar os estabelecimentos.<\/p>\n<p style=\"text-align: justify;\">Tamb\u00e9m \u00e9 poss\u00edvel fazer den\u00fancias no site www.procon.sp.gov.br ou pelas redes sociais marcando @proconsp e informando nome e local do estabelecimento que se quer denunciar.<\/p>\n<p style=\"text-align: justify;\">Veja a nota na \u00edntegra abaixo:<\/p>\n<p><img loading=\"lazy\" decoding=\"async\" class=\"alignnone size-full wp-image-22940\" src=\"https:\/\/jorgezanoni.com.br\/2019\/wp-content\/uploads\/2020\/04\/procom.jpg\" alt=\"\" width=\"927\" height=\"1206\" srcset=\"https:\/\/jorgezanoni.com.br\/2019\/wp-content\/uploads\/2020\/04\/procom.jpg 927w, https:\/\/jorgezanoni.com.br\/2019\/wp-content\/uploads\/2020\/04\/procom-231x300.jpg 231w, https:\/\/jorgezanoni.com.br\/2019\/wp-content\/uploads\/2020\/04\/procom-787x1024.jpg 787w, https:\/\/jorgezanoni.com.br\/2019\/wp-content\/uploads\/2020\/04\/procom-768x999.jpg 768w, https:\/\/jorgezanoni.com.br\/2019\/wp-content\/uploads\/2020\/04\/procom-696x905.jpg 696w, https:\/\/jorgezanoni.com.br\/2019\/wp-content\/uploads\/2020\/04\/procom-323x420.jpg 323w\" sizes=\"auto, (max-width: 927px) 100vw, 927px\" \/><\/p>\n","protected":false},"excerpt":{"rendered":"<p>A Funda\u00e7\u00e3o Procon-SP emitiu uma nota de esclarecimento sobre a quest\u00e3o da fiscaliza\u00e7\u00e3o do aumento de pre\u00e7os de produtos. Em Dracena, as reclama\u00e7\u00f5es referentes a pre\u00e7os abusivos de produtos devem ser feitas pelos telefones (18) 3821-8001\/\/(18) 3821-8000 (Ramal 8090), de segunda a sexta-feira, das\u00a09h \u00e0s 11h e das\u00a013h \u00e0s 17h, ou pelo e-mail procondracena@dracena.sp.gov.br Ressalta-se [&hellip;]<\/p>\n","protected":false},"author":1,"featured_media":22941,"comment_status":"closed","ping_status":"open","sticky":false,"template":"","format":"standard","meta":{"footnotes":""},"categories":[110,116],"tags":[],"class_list":["post-22939","post","type-post","status-publish","format-standard","has-post-thumbnail","hentry","category-noticiasdestaque","category-politicaeeconomia"],"_links":{"self":[{"href":"https:\/\/jorgezanoni.com.br\/2019\/wp-json\/wp\/v2\/posts\/22939","targetHints":{"allow":["GET"]}}],"collection":[{"href":"https:\/\/jorgezanoni.com.br\/2019\/wp-json\/wp\/v2\/posts"}],"about":[{"href":"https:\/\/jorgezanoni.com.br\/2019\/wp-json\/wp\/v2\/types\/post"}],"author":[{"embeddable":true,"href":"https:\/\/jorgezanoni.com.br\/2019\/wp-json\/wp\/v2\/users\/1"}],"replies":[{"embeddable":true,"href":"https:\/\/jorgezanoni.com.br\/2019\/wp-json\/wp\/v2\/comments?post=22939"}],"version-history":[{"count":0,"href":"https:\/\/jorgezanoni.com.br\/2019\/wp-json\/wp\/v2\/posts\/22939\/revisions"}],"wp:featuredmedia":[{"embeddable":true,"href":"https:\/\/jorgezanoni.com.br\/2019\/wp-json\/wp\/v2\/media\/22941"}],"wp:attachment":[{"href":"https:\/\/jorgezanoni.com.br\/2019\/wp-json\/wp\/v2\/media?parent=22939"}],"wp:term":[{"taxonomy":"category","embeddable":true,"href":"https:\/\/jorgezanoni.com.br\/2019\/wp-json\/wp\/v2\/categories?post=22939"},{"taxonomy":"post_tag","embeddable":true,"href":"https:\/\/jorgezanoni.com.br\/2019\/wp-json\/wp\/v2\/tags?post=22939"}],"curies":[{"name":"wp","href":"https:\/\/api.w.org\/{rel}","templated":true}]}}