{"id":22932,"date":"2020-04-04T00:13:11","date_gmt":"2020-04-04T00:13:11","guid":{"rendered":"https:\/\/jorgezanoni.com.br\/2019\/?p=22932"},"modified":"2020-04-04T00:13:12","modified_gmt":"2020-04-04T00:13:12","slug":"ao-trabalhar-para-sustentar-familia-sorveteiro-e-denunciado-e-populacao-se-mobiliza-para-ajudar","status":"publish","type":"post","link":"https:\/\/jorgezanoni.com.br\/2019\/ao-trabalhar-para-sustentar-familia-sorveteiro-e-denunciado-e-populacao-se-mobiliza-para-ajudar\/","title":{"rendered":"Ao trabalhar para sustentar fam\u00edlia, sorveteiro \u00e9 denunciado e popula\u00e7\u00e3o se mobiliza para ajudar"},"content":{"rendered":"<p class=\"td-post-sub-title\" style=\"text-align: justify;\"><strong>Paulo Marques exp\u00f4s a situa\u00e7\u00e3o em suas redes sociais, e a hist\u00f3ria tomou grandes propor\u00e7\u00f5es, comovendo os lucelienses<\/strong><\/p>\n<div class=\"td-module-meta-info\">\n<div class=\"td-post-author-name\" style=\"text-align: justify;\">\n<div class=\"td-author-by\">POR<\/div>\n<p><a href=\"https:\/\/www.impactonoticias.com.br\/author\/dayane\/\">DAYANE MILANI<\/a><\/div>\n<\/div>\n<div><\/div>\n<div>\n<p style=\"text-align: justify;\">O sorveteiro de Luc\u00e9lia, Paulo Marques, de 25 anos, casado e pai de um beb\u00ea de um ano e dois meses, ficou desesperado e viu a sua vida virar de ponta cabe\u00e7a ap\u00f3s receber uma notifica\u00e7\u00e3o na quarta-feira (1\u00ba), da equipe de fiscaliza\u00e7\u00e3o da Prefeitura que o proibia de fazer suas vendas nas ruas da cidade.<\/p>\n<p style=\"text-align: justify;\">Ele explica que em mais um dia de trabalho no Munic\u00edpio, recebeu a orienta\u00e7\u00e3o que n\u00e3o poderia continuar com o trabalho ambulante. Paulo afirma que foi notificado depois de uma comerciante registrar a den\u00fancia na Prefeitura.<\/p>\n<p style=\"text-align: justify;\"><img loading=\"lazy\" decoding=\"async\" class=\"aligncenter size-full wp-image-52414\" src=\"https:\/\/i2.wp.com\/www.impactonoticias.com.br\/wp-content\/uploads\/2020\/04\/f90b4eb2-260e-49a8-9cf1-01839ca48ff4-1.jpg?resize=696%2C825&amp;ssl=1\" sizes=\"auto, (max-width: 696px) 100vw, 696px\" srcset=\"https:\/\/i2.wp.com\/www.impactonoticias.com.br\/wp-content\/uploads\/2020\/04\/f90b4eb2-260e-49a8-9cf1-01839ca48ff4-1.jpg?w=718&amp;ssl=1 718w, https:\/\/i2.wp.com\/www.impactonoticias.com.br\/wp-content\/uploads\/2020\/04\/f90b4eb2-260e-49a8-9cf1-01839ca48ff4-1.jpg?resize=253%2C300&amp;ssl=1 253w, https:\/\/i2.wp.com\/www.impactonoticias.com.br\/wp-content\/uploads\/2020\/04\/f90b4eb2-260e-49a8-9cf1-01839ca48ff4-1.jpg?resize=696%2C825&amp;ssl=1 696w, https:\/\/i2.wp.com\/www.impactonoticias.com.br\/wp-content\/uploads\/2020\/04\/f90b4eb2-260e-49a8-9cf1-01839ca48ff4-1.jpg?resize=354%2C420&amp;ssl=1 354w\" alt=\"\" width=\"696\" height=\"825\" \/>\u201cUma mulher, acompanhada de um homem, que acredito ser o marido, chegou at\u00e9 mim, comprou o sorvete, experimentou, e ainda perguntou para quem eu trabalhava. Minutos depois a Prefeitura me notificou, e eu fui obrigado a voltar para casa\u201d, disse. \u201cFoi uma armadilha, porque ela chegou a me filmar e tirar fotos enquanto eu trabalhava\u201d, explicou o sorveteiro.<\/p>\n<p style=\"text-align: justify;\">Ap\u00f3s o fato, ele exp\u00f4s a situa\u00e7\u00e3o em suas redes sociais, e a hist\u00f3ria tomou grandes propor\u00e7\u00f5es, comovendo os lucelienses.<\/p>\n<p style=\"text-align: justify;\">\u201cN\u00e3o era a minha inten\u00e7\u00e3o, mas minhas vendas melhoraram muito depois que publiquei minha hist\u00f3ria no Facebook. Al\u00e9m disso, muitas pessoas est\u00e3o vindo em minha casa para doar alimentos, cestas b\u00e1sicas, fraudas e at\u00e9 dinheiro\u201d, relata.<\/p>\n<p style=\"text-align: justify;\"><img loading=\"lazy\" decoding=\"async\" class=\"aligncenter size-full wp-image-52415\" src=\"https:\/\/i2.wp.com\/www.impactonoticias.com.br\/wp-content\/uploads\/2020\/04\/9fc695fc-f66f-42ae-a9e8-5f3e1642f977-1.jpg?resize=696%2C464&amp;ssl=1\" sizes=\"auto, (max-width: 696px) 100vw, 696px\" srcset=\"https:\/\/i2.wp.com\/www.impactonoticias.com.br\/wp-content\/uploads\/2020\/04\/9fc695fc-f66f-42ae-a9e8-5f3e1642f977-1.jpg?w=850&amp;ssl=1 850w, https:\/\/i2.wp.com\/www.impactonoticias.com.br\/wp-content\/uploads\/2020\/04\/9fc695fc-f66f-42ae-a9e8-5f3e1642f977-1.jpg?resize=300%2C200&amp;ssl=1 300w, https:\/\/i2.wp.com\/www.impactonoticias.com.br\/wp-content\/uploads\/2020\/04\/9fc695fc-f66f-42ae-a9e8-5f3e1642f977-1.jpg?resize=768%2C512&amp;ssl=1 768w, https:\/\/i2.wp.com\/www.impactonoticias.com.br\/wp-content\/uploads\/2020\/04\/9fc695fc-f66f-42ae-a9e8-5f3e1642f977-1.jpg?resize=696%2C464&amp;ssl=1 696w, https:\/\/i2.wp.com\/www.impactonoticias.com.br\/wp-content\/uploads\/2020\/04\/9fc695fc-f66f-42ae-a9e8-5f3e1642f977-1.jpg?resize=630%2C420&amp;ssl=1 630w\" alt=\"\" width=\"696\" height=\"464\" \/>Em em dias normais de venda na rua, o sorveteiro faturava em torno de R$ 40 e R$ 50 por dia, por\u00e9m, \u201cquase todo o lucro com as vendas \u00e9 empregado na compra de leite e fraudas para o filho\u201d. Agora, ele vende o sorvete por telefone e faz entregas delivery e drive thru.<\/p>\n<p style=\"text-align: justify;\">\u201cEla (a denunciante) jamais precisava fazer isso com algu\u00e9m que necessita tanto. Estamos em um momento t\u00e3o dif\u00edcil por conta desta doen\u00e7a (coronav\u00edrus), um tem que ajudar o outro\u201d, diz.<\/p>\n<p style=\"text-align: justify;\">E continua: \u201cAs pessoas de Luc\u00e9lia est\u00e3o ajudando muito. Eu queria agradecer a todos que me ajudaram nesse momento t\u00e3o dif\u00edcil que Deus aben\u00e7oe em dobro. Obrigado de cora\u00e7\u00e3o\u201d, finaliza o sorveteiro.<\/p>\n<p style=\"text-align: justify;\"><strong>DESABAFO NAS REDES SOCIAIS<\/strong><\/p>\n<p style=\"text-align: justify;\"><strong>Dia 1\u00ba de abril<\/strong>\u00a0\u2013 \u201cHoje eu fui denunciado por estar vendendo sorvete nas ruas de Luc\u00e9lia e a denunciante tem uma sorveteria aqui na cidade, ela teve a capacidade de comprar meu sorvete e me filmar e depois me denunciar, n\u00e3o estou vendendo porque eu quero e sim porque eu preciso porque tenho um filho pequeno pra criar e essa \u00e9 minha \u00fanica op\u00e7\u00e3o de trabalho, mas estou em paz, Deus est\u00e1 comigo eu confio Nele e deixo nas m\u00e3os dele\u201d, escreveu. Esta postagem chegou a mais de 590 curtidas, 400 coment\u00e1rios e 280 compartilhamentos.<\/p>\n<p style=\"text-align: justify;\"><strong>Dia 2 de abril<\/strong>\u00a0\u2013 \u201cEu nunca imaginava que meu post ia ter tanta repercuss\u00e3o. Eu fiz esse post n\u00e3o foi para ficar conhecido e, sim, para mostrar minha indigna\u00e7\u00e3o pelo o ocorrido, eu n\u00e3o tenho raiva da pessoa que fez isso comigo porque Deus ensinou \u201cn\u00f3is\u201d amar o pr\u00f3ximo e perdoar. Eu agrade\u00e7o de cora\u00e7\u00e3o aqueles que me ajudaram e que deus aben\u00e7oe a vida deles. A males que v\u00eam para o bem\u201d, escreveu.<\/p>\n<p style=\"text-align: justify;\"><strong>Dia 3 de abril<\/strong>\u00a0\u2013 \u201cGanhei muitas doa\u00e7\u00f5es de alimentos. Fiz duas cesta e doei para duas fam\u00edlias que precisavam de alimentos. Me sinto muito honrado por ter ajudado essas fam\u00edlias e que Deus nos aben\u00e7oe e nos proteja desse mundo sem compaix\u00e3o e amor ao pr\u00f3ximo\u201d, compartilhou.<\/p>\n<p style=\"text-align: justify;\"><strong>COMO\u00c7\u00c3O SOCIAL<\/strong><\/p>\n<p style=\"text-align: justify;\">\u201cBora pessoal ajudar o Paulo Marques a vender os sorvetes dele, hoje denunciaram o menino, por estar vendo sorvete na rua, onde ele n\u00e3o tem outro sustento, e tem um filho pequeno para criar, e antes de pensar em ajudar, a pessoa, preferiu denunci\u00e1-lo, mas como Deus \u00e9 na vida dele, n\u00e3o deixou que ele fosse prejudicado, \u201cbora\u201d ent\u00e3o, nesse calor juntar o \u00fatil ao agrad\u00e1vel, pois \u00e9 muito bom os sorvetes dele\u201d, diz um internauta.<\/p>\n<p style=\"text-align: justify;\"><strong>PREFEITURA DE LUC\u00c9LIA<\/strong><\/p>\n<p style=\"text-align: justify;\">A Prefeitura de Luc\u00e9lia recebeu na tarde de quarta-feira (1\u00ba), den\u00fancia referente \u00e0 venda de ambulante nas ruas do munic\u00edpio, neste caso, se tratava de um sorveteiro. Em atendimento ao Decreto n.\u00ba 8.864 \u2013 decreta situa\u00e7\u00e3o de emerg\u00eancia de sa\u00fade p\u00fablica no munic\u00edpio de Luc\u00e9lia, decorrente da pandemia do Covid \u2013 19, o novo coronav\u00edrus, e disp\u00f5e sobre as medidas para conten\u00e7\u00e3o e enfrentamento, que suspende a atividade de com\u00e9rcio ambulante de qualquer natureza, os fiscais abordaram o profissional solicitando que o mesmo encerrasse o atendimento ao p\u00fablico.<\/p>\n<p style=\"text-align: justify;\">A Prefeitura de Luc\u00e9lia ressalta que a Secretaria de Assist\u00eancia Social entrou em contato com o profissional e viabiliza atendimento em Programas Assistenciais nos quais o mesmo possa se enquadrar.<\/p>\n<p>Fonte: https:\/\/www.impactonoticias.com.br\/<\/p>\n<\/div>\n","protected":false},"excerpt":{"rendered":"<p>Paulo Marques exp\u00f4s a situa\u00e7\u00e3o em suas redes sociais, e a hist\u00f3ria tomou grandes propor\u00e7\u00f5es, comovendo os lucelienses POR DAYANE MILANI O sorveteiro de Luc\u00e9lia, Paulo Marques, de 25 anos, casado e pai de um beb\u00ea de um ano e dois meses, ficou desesperado e viu a sua vida virar de ponta cabe\u00e7a ap\u00f3s receber [&hellip;]<\/p>\n","protected":false},"author":1,"featured_media":22933,"comment_status":"closed","ping_status":"open","sticky":false,"template":"","format":"standard","meta":{"footnotes":""},"categories":[195,179,110],"tags":[],"class_list":["post-22932","post","type-post","status-publish","format-standard","has-post-thumbnail","hentry","category-adamantina","category-cidadeseregiao","category-noticiasdestaque"],"_links":{"self":[{"href":"https:\/\/jorgezanoni.com.br\/2019\/wp-json\/wp\/v2\/posts\/22932","targetHints":{"allow":["GET"]}}],"collection":[{"href":"https:\/\/jorgezanoni.com.br\/2019\/wp-json\/wp\/v2\/posts"}],"about":[{"href":"https:\/\/jorgezanoni.com.br\/2019\/wp-json\/wp\/v2\/types\/post"}],"author":[{"embeddable":true,"href":"https:\/\/jorgezanoni.com.br\/2019\/wp-json\/wp\/v2\/users\/1"}],"replies":[{"embeddable":true,"href":"https:\/\/jorgezanoni.com.br\/2019\/wp-json\/wp\/v2\/comments?post=22932"}],"version-history":[{"count":0,"href":"https:\/\/jorgezanoni.com.br\/2019\/wp-json\/wp\/v2\/posts\/22932\/revisions"}],"wp:featuredmedia":[{"embeddable":true,"href":"https:\/\/jorgezanoni.com.br\/2019\/wp-json\/wp\/v2\/media\/22933"}],"wp:attachment":[{"href":"https:\/\/jorgezanoni.com.br\/2019\/wp-json\/wp\/v2\/media?parent=22932"}],"wp:term":[{"taxonomy":"category","embeddable":true,"href":"https:\/\/jorgezanoni.com.br\/2019\/wp-json\/wp\/v2\/categories?post=22932"},{"taxonomy":"post_tag","embeddable":true,"href":"https:\/\/jorgezanoni.com.br\/2019\/wp-json\/wp\/v2\/tags?post=22932"}],"curies":[{"name":"wp","href":"https:\/\/api.w.org\/{rel}","templated":true}]}}