{"id":22921,"date":"2020-04-03T23:06:39","date_gmt":"2020-04-03T23:06:39","guid":{"rendered":"https:\/\/jorgezanoni.com.br\/2019\/?p=22921"},"modified":"2020-04-03T23:06:39","modified_gmt":"2020-04-03T23:06:39","slug":"paulo-dancieri-criador-do-s-o-s-dracena-fala-sobre-o-projeto","status":"publish","type":"post","link":"https:\/\/jorgezanoni.com.br\/2019\/paulo-dancieri-criador-do-s-o-s-dracena-fala-sobre-o-projeto\/","title":{"rendered":"Paulo Dancieri criador do S.O.S. Dracena, fala sobre o projeto"},"content":{"rendered":"<p style=\"text-align: justify;\">Dracena. Cidade Maravilhosa!!! JUNTOS SOMOS FORTES!!! Compartilhem!!!<span class=\"_5mfr\"><span class=\"_6qdm\">\ud83d\ude4f<\/span><\/span><span class=\"_5mfr\"><span class=\"_6qdm\">\ud83d\ude4f<\/span><\/span><span class=\"_5mfr\"><span class=\"_6qdm\">\ud83d\ude4f<\/span><\/span><br \/>\nOs Vouchers est\u00e3o apenas nos pr\u00f3prios supermercados que participam da a\u00e7\u00e3o<br \/>\nE os kits devem ser retirados depois pela pessoa portadora do voucher na MESMA LOJA onde o voucher foi comprado. VAMOS COLABORAR!!! JUNTOS SOMOS FORTES!!!<br \/>\nALGU\u00c9M EST\u00c1 PRECISANDO MUITO NESSE MOMENTO!!!<a class=\"_58cn\" href=\"https:\/\/www.facebook.com\/hashtag\/sosdracena?source=feed_text&amp;epa=HASHTAG\" data-ft=\"{&quot;type&quot;:104,&quot;tn&quot;:&quot;*N&quot;}\"><span class=\"_5afx\"><span class=\"_58cl _5afz\" aria-label=\"hashtag\">#<\/span><span class=\"_58cm\">sosdracena<\/span><\/span><\/a>\u00a0<a class=\"_58cn\" href=\"https:\/\/www.facebook.com\/hashtag\/ajudeumafam%C3%ADlia?source=feed_text&amp;epa=HASHTAG\" data-ft=\"{&quot;type&quot;:104,&quot;tn&quot;:&quot;*N&quot;}\"><span class=\"_5afx\"><span class=\"_58cl _5afz\" aria-label=\"hashtag\">#<\/span><span class=\"_58cm\">AjudeumaFam\u00edlia<\/span><\/span><\/a>\u00a0<a class=\"_58cn\" href=\"https:\/\/www.facebook.com\/hashtag\/r?source=feed_text&amp;epa=HASHTAG\" data-ft=\"{&quot;type&quot;:104,&quot;tn&quot;:&quot;*N&quot;}\"><span class=\"_5afx\"><span class=\"_58cl _5afz\" aria-label=\"hashtag\">#<\/span><span class=\"_58cm\">R<\/span><\/span><\/a>$39,00\u00a0<a class=\"_58cn\" href=\"https:\/\/www.facebook.com\/hashtag\/deusaben%C3%A7oe?source=feed_text&amp;epa=HASHTAG\" data-ft=\"{&quot;type&quot;:104,&quot;tn&quot;:&quot;*N&quot;}\"><span class=\"_5afx\"><span class=\"_58cl _5afz\" aria-label=\"hashtag\">#<\/span><span class=\"_58cm\">Deusaben\u00e7oe<\/span><\/span><\/a> Se n\u00e3o tiver a quem dar, pode entregar na Floricultura Feito com Carinho que encaminharemos \u00e0s pessoas necessitadas.<\/p>\n<div id=\"fb-root\"><\/div>\n<p><script async=\"1\" defer=\"1\" crossorigin=\"anonymous\" src=\"https:\/\/connect.facebook.net\/en_US\/sdk.js#xfbml=1&amp;version=v6.0\"><\/script><\/p>\n<div class=\"fb-video\" data-href=\"https:\/\/www.facebook.com\/danielekeikomasaoka.sano\/videos\/1698747650268345\/\" data-width=\"696\">\n<blockquote cite=\"https:\/\/www.facebook.com\/danielekeikomasaoka.sano\/videos\/1698747650268345\/\" class=\"fb-xfbml-parse-ignore\"><p><a href=\"https:\/\/www.facebook.com\/danielekeikomasaoka.sano\/videos\/1698747650268345\/\"><\/a><\/p>\n<p>Dracena. Cidade Maravilhosa!!! JUNTOS SOMOS FORTES!!! Compartilhem!!!\ud83d\ude4f\ud83d\ude4f\ud83d\ude4fOs vouchers est\u00e3o  apenas nos pr\u00f3prios supermercados que participam da a\u00e7\u00e3oE os kits devem ser retirados depois pela pessoa portadora do voucher na MESMA LOJA onde o voucher foi comprado. VAMOS COLABORAR!!! JUNTOS SOMOS FORTES!!!ALGU\u00c9M EST\u00c1 PRECISANDO MUITO NESSE MOMENTO!!!#sosdracena #AjudeumaFam\u00edlia #R$39,00 #Deusaben\u00e7oe Se n\u00e3o tiver a quem dar, pode entregar para a Floricultura Feito com Carinho que encaminharemos \u00e0s pessoas necessitadas.<\/p>\n<p>Posted by <a href=\"https:\/\/www.facebook.com\/danielekeikomasaoka.sano\">Daniele Keiko Masaoka Sano<\/a> on Friday, April 3, 2020<\/p><\/blockquote>\n<\/div>\n","protected":false},"excerpt":{"rendered":"<p>Dracena. Cidade Maravilhosa!!! JUNTOS SOMOS FORTES!!! Compartilhem!!!\ud83d\ude4f\ud83d\ude4f\ud83d\ude4f Os Vouchers est\u00e3o apenas nos pr\u00f3prios supermercados que participam da a\u00e7\u00e3o E os kits devem ser retirados depois pela pessoa portadora do voucher na MESMA LOJA onde o voucher foi comprado. VAMOS COLABORAR!!! JUNTOS SOMOS FORTES!!! ALGU\u00c9M EST\u00c1 PRECISANDO MUITO NESSE MOMENTO!!!#sosdracena\u00a0#AjudeumaFam\u00edlia\u00a0#R$39,00\u00a0#Deusaben\u00e7oe Se n\u00e3o tiver a quem dar, [&hellip;]<\/p>\n","protected":false},"author":1,"featured_media":22922,"comment_status":"closed","ping_status":"open","sticky":false,"template":"","format":"video","meta":{"footnotes":""},"categories":[110,169],"tags":[],"class_list":["post-22921","post","type-post","status-publish","format-video","has-post-thumbnail","hentry","category-noticiasdestaque","category-videos","post_format-post-format-video"],"_links":{"self":[{"href":"https:\/\/jorgezanoni.com.br\/2019\/wp-json\/wp\/v2\/posts\/22921","targetHints":{"allow":["GET"]}}],"collection":[{"href":"https:\/\/jorgezanoni.com.br\/2019\/wp-json\/wp\/v2\/posts"}],"about":[{"href":"https:\/\/jorgezanoni.com.br\/2019\/wp-json\/wp\/v2\/types\/post"}],"author":[{"embeddable":true,"href":"https:\/\/jorgezanoni.com.br\/2019\/wp-json\/wp\/v2\/users\/1"}],"replies":[{"embeddable":true,"href":"https:\/\/jorgezanoni.com.br\/2019\/wp-json\/wp\/v2\/comments?post=22921"}],"version-history":[{"count":0,"href":"https:\/\/jorgezanoni.com.br\/2019\/wp-json\/wp\/v2\/posts\/22921\/revisions"}],"wp:featuredmedia":[{"embeddable":true,"href":"https:\/\/jorgezanoni.com.br\/2019\/wp-json\/wp\/v2\/media\/22922"}],"wp:attachment":[{"href":"https:\/\/jorgezanoni.com.br\/2019\/wp-json\/wp\/v2\/media?parent=22921"}],"wp:term":[{"taxonomy":"category","embeddable":true,"href":"https:\/\/jorgezanoni.com.br\/2019\/wp-json\/wp\/v2\/categories?post=22921"},{"taxonomy":"post_tag","embeddable":true,"href":"https:\/\/jorgezanoni.com.br\/2019\/wp-json\/wp\/v2\/tags?post=22921"}],"curies":[{"name":"wp","href":"https:\/\/api.w.org\/{rel}","templated":true}]}}