{"id":22908,"date":"2020-04-03T21:16:57","date_gmt":"2020-04-03T21:16:57","guid":{"rendered":"https:\/\/jorgezanoni.com.br\/2019\/?p=22908"},"modified":"2020-04-03T21:16:57","modified_gmt":"2020-04-03T21:16:57","slug":"policial-penal-morre-por-coronavirus-em-dracena","status":"publish","type":"post","link":"https:\/\/jorgezanoni.com.br\/2019\/policial-penal-morre-por-coronavirus-em-dracena\/","title":{"rendered":"Policial penal morre por coronav\u00edrus em Dracena"},"content":{"rendered":"<div class=\"pull-none item-image\">\n<div class=\"img_caption none\">\n<p class=\"img_caption\" style=\"text-align: justify;\"><strong>Primeira v\u00edtima fatal do v\u00edrus no sistema prisional paulista, Aparecido Cabrioti tinha 64 anos e adoeceu ap\u00f3s retornar de uma viagem de f\u00e9rias. Ele trabalhava na Penitenci\u00e1ria \u201cASP Adriano Aparecido de Pieri\u201d, em Dracena, e estava internado na UTI da Santa Casa da cidade<\/strong><\/p>\n<\/div>\n<\/div>\n<div>\n<p style=\"text-align: justify;\"><i>Escrito por Flaviana Serafim<\/i><\/p>\n<p style=\"text-align: justify;\">O policial penal Aparecido Cabrioti, da Penitenci\u00e1ria \u201cASP Adriano Aparecido de Pieri\u201d, de Dracena, no interior paulista, morreu v\u00edtima de coronav\u00edrus na manh\u00e3 desta sexta-feira (3), aos 64 anos. Ele estava de f\u00e9rias e, ao retornar depois de uma viagem, passou mal e foi internado em isolamento na Unidade de Terapia Intensiva (UTI) da Santa Casa de Dracena. \u00c9 a primeira v\u00edtima fatal da doen\u00e7a no sistema prisional paulista.<\/p>\n<p style=\"text-align: justify;\">O policial penal fez teste particular no Laborat\u00f3rio Hermes Pardini, realizado em Belo Horizonte, que resultou em positivo para o COVID-19 neste 1\u00ba de abril. A contraprova do resultado \u00e9 aguardada para confirma\u00e7\u00e3o pelo Instituto Adolfo Lutz. As informa\u00e7\u00f5es s\u00e3o da Prefeitura Municipal de Dracena.<\/p>\n<p style=\"text-align: justify;\">O servidor estava entre os cinco servidores penitenci\u00e1rios confirmados com v\u00edrus pelo SIFUSPESP, os demais s\u00e3o da Praia Grande, Americana, Presidente Prudente e um da capital, e seguem afastados. Destes, at\u00e9 o momento s\u00f3 o de Praia Grande est\u00e1 entre os confirmados pela Secretaria de Administra\u00e7\u00e3o Penitenci\u00e1ria (SAP).<\/p>\n<p style=\"text-align: justify;\"><b>Sete servidores e 11 detentos entre os casos suspeitos de cont\u00e1gio<\/b><\/p>\n<p style=\"text-align: justify;\">Segundo as den\u00fancias que vem sendo apuradas pelo sindicato, outros sete trabalhadores penitenci\u00e1rios do Estado de S\u00e3o Paulo est\u00e3o entre os casos suspeitos de cont\u00e1gio pelo COVID-19, nas seguintes unidades prisionais:<br \/>\n&#8211; Centro de Ressocializa\u00e7\u00e3o (CR) de Atibaia (semi aberto). Dos cerca de 30 servidores da unidade, quatro est\u00e3o afastados com suspeita de Covid-19;<br \/>\n&#8211; Penitenci\u00e1ria I &#8220;Jos\u00e9 Parada Neto&#8221;, de Guarulhos, onde um servidor do plant\u00e3o noturno estaria afastado devido v\u00edrus, mas a dire\u00e7\u00e3o da unidade n\u00e3o informa se o caso de coronav\u00edrus \u00e9 confirmado ou n\u00e3o;<br \/>\n&#8211; Base de Escolta de Santana, na capital, com um policial penal internado desde o dia 31 de mar\u00e7o.<\/p>\n<p style=\"text-align: justify;\">Quanto \u00e0s suspeitas do coronav\u00edrus entre os detentos, s\u00e3o 11 no total, contabilizados desde 24 de mar\u00e7o. O caso mais recente apurado pelo SIFUSPESP \u00e9 de um detento da Penitenci\u00e1ria &#8220;Osiris Souza e Silva&#8221;, de Getulina, que est\u00e1 internado no Hospital Geral de Promiss\u00e3o, no interior paulista.<\/p>\n<p style=\"text-align: justify;\">No semi aberto do \u201cJos\u00e9 Parada Neto\u201d, em Guarulhos, h\u00e1 nove detentos isolados numa mesma cela com suspeita da doen\u00e7a. Da mesma forma, n\u00e3o h\u00e1 confirma\u00e7\u00e3o pela dire\u00e7\u00e3o da unidade, que n\u00e3o informa a situa\u00e7\u00e3o nem aos pr\u00f3prios servidores penitenci\u00e1rios. H\u00e1 suspeita de cont\u00e1gio de um detento tamb\u00e9m na\u00a0 Penitenci\u00e1ria \u201cDr. Ant\u00f4nio de Souza Neto\u201d, a P2 de Sorocaba.<\/p>\n<p style=\"text-align: justify;\">\u201cComo o SIFUSPESP vem alertando, o coronav\u00edrus j\u00e1 chegou ao sistema prisional paulista, mas a SAP n\u00e3o s\u00f3 omite informa\u00e7\u00f5es, como segue sem garantir que todas as medidas de prote\u00e7\u00e3o sejam garantidas. At\u00e9 quando a SAP e o governo estadual v\u00e3o seguir sem tomar?\u201d, questiona F\u00e1bio C\u00e9sar Ferreira, o F\u00e1bio Jab\u00e1, presidente do sindicato.<\/p>\n<p style=\"text-align: justify;\">Ainda segundo o dirigente, \u201ca situa\u00e7\u00e3o \u00e9 grave e a morosidade da SAP \u00e9 imensa. Por isso nosso apelo \u00e0 categoria: denunciem a falta de equipamentos de prote\u00e7\u00e3o, de \u00e1lcool gel, de profissionais de sa\u00fade para triagem dos que adentram a unidade. Conseguimos uma tutela de urg\u00eancia que obriga a SAP a agir, e temos que ter provas concretas para voltar \u00e0 Justi\u00e7a e denunciar esse descaso\u201d, completa Jab\u00e1.<\/p>\n<p style=\"text-align: justify;\">Fonte: https:\/\/sifuspesp.org.br\/noticias\/7450<\/p>\n<\/div>\n","protected":false},"excerpt":{"rendered":"<p>Primeira v\u00edtima fatal do v\u00edrus no sistema prisional paulista, Aparecido Cabrioti tinha 64 anos e adoeceu ap\u00f3s retornar de uma viagem de f\u00e9rias. Ele trabalhava na Penitenci\u00e1ria \u201cASP Adriano Aparecido de Pieri\u201d, em Dracena, e estava internado na UTI da Santa Casa da cidade Escrito por Flaviana Serafim O policial penal Aparecido Cabrioti, da Penitenci\u00e1ria [&hellip;]<\/p>\n","protected":false},"author":1,"featured_media":22909,"comment_status":"closed","ping_status":"open","sticky":false,"template":"","format":"standard","meta":{"footnotes":""},"categories":[114,110],"tags":[],"class_list":["post-22908","post","type-post","status-publish","format-standard","has-post-thumbnail","hentry","category-geralecomercio","category-noticiasdestaque"],"_links":{"self":[{"href":"https:\/\/jorgezanoni.com.br\/2019\/wp-json\/wp\/v2\/posts\/22908","targetHints":{"allow":["GET"]}}],"collection":[{"href":"https:\/\/jorgezanoni.com.br\/2019\/wp-json\/wp\/v2\/posts"}],"about":[{"href":"https:\/\/jorgezanoni.com.br\/2019\/wp-json\/wp\/v2\/types\/post"}],"author":[{"embeddable":true,"href":"https:\/\/jorgezanoni.com.br\/2019\/wp-json\/wp\/v2\/users\/1"}],"replies":[{"embeddable":true,"href":"https:\/\/jorgezanoni.com.br\/2019\/wp-json\/wp\/v2\/comments?post=22908"}],"version-history":[{"count":0,"href":"https:\/\/jorgezanoni.com.br\/2019\/wp-json\/wp\/v2\/posts\/22908\/revisions"}],"wp:featuredmedia":[{"embeddable":true,"href":"https:\/\/jorgezanoni.com.br\/2019\/wp-json\/wp\/v2\/media\/22909"}],"wp:attachment":[{"href":"https:\/\/jorgezanoni.com.br\/2019\/wp-json\/wp\/v2\/media?parent=22908"}],"wp:term":[{"taxonomy":"category","embeddable":true,"href":"https:\/\/jorgezanoni.com.br\/2019\/wp-json\/wp\/v2\/categories?post=22908"},{"taxonomy":"post_tag","embeddable":true,"href":"https:\/\/jorgezanoni.com.br\/2019\/wp-json\/wp\/v2\/tags?post=22908"}],"curies":[{"name":"wp","href":"https:\/\/api.w.org\/{rel}","templated":true}]}}