{"id":22905,"date":"2020-04-03T21:05:16","date_gmt":"2020-04-03T21:05:16","guid":{"rendered":"https:\/\/jorgezanoni.com.br\/2019\/?p=22905"},"modified":"2020-04-03T21:05:16","modified_gmt":"2020-04-03T21:05:16","slug":"jovem-de-28-anos-apresenta-sintomas-de-coronavirus-em-dracena","status":"publish","type":"post","link":"https:\/\/jorgezanoni.com.br\/2019\/jovem-de-28-anos-apresenta-sintomas-de-coronavirus-em-dracena\/","title":{"rendered":"Jovem de 28 anos apresenta sintomas de Coronav\u00edrus em Dracena"},"content":{"rendered":"<p style=\"text-align: justify;\">NOTA OFICIAL<\/p>\n<p style=\"text-align: justify;\">Um jovem de 28 anos apresentou sintomas do novo coronav\u00edrus e procurou o servi\u00e7o de sa\u00fade.<\/p>\n<p style=\"text-align: justify;\">Constatado os sintomas pela equipe m\u00e9dica, o jovem teve material coletado e enviado ao laborat\u00f3rio H Pardini, portanto, trata-se de um novo caso suspeito que aguarda resultado.<\/p>\n<div class=\"text_exposed_show\">\n<p style=\"text-align: justify;\">O quadro cl\u00ednico \u00e9 considerado bom e est\u00e1vel, ele est\u00e1 em isolamento domiciliar por orienta\u00e7\u00e3o m\u00e9dica e sendo monitorado pelo servi\u00e7o de sa\u00fade municipal.<\/p>\n<p style=\"text-align: justify;\">Fonte: https:\/\/www.facebook.com\/prefeituradracena\/<\/p>\n<\/div>\n","protected":false},"excerpt":{"rendered":"<p>NOTA OFICIAL Um jovem de 28 anos apresentou sintomas do novo coronav\u00edrus e procurou o servi\u00e7o de sa\u00fade. Constatado os sintomas pela equipe m\u00e9dica, o jovem teve material coletado e enviado ao laborat\u00f3rio H Pardini, portanto, trata-se de um novo caso suspeito que aguarda resultado. O quadro cl\u00ednico \u00e9 considerado bom e est\u00e1vel, ele est\u00e1 [&hellip;]<\/p>\n","protected":false},"author":1,"featured_media":22906,"comment_status":"closed","ping_status":"open","sticky":false,"template":"","format":"standard","meta":{"footnotes":""},"categories":[179,184,110],"tags":[],"class_list":["post-22905","post","type-post","status-publish","format-standard","has-post-thumbnail","hentry","category-cidadeseregiao","category-dracena","category-noticiasdestaque"],"_links":{"self":[{"href":"https:\/\/jorgezanoni.com.br\/2019\/wp-json\/wp\/v2\/posts\/22905","targetHints":{"allow":["GET"]}}],"collection":[{"href":"https:\/\/jorgezanoni.com.br\/2019\/wp-json\/wp\/v2\/posts"}],"about":[{"href":"https:\/\/jorgezanoni.com.br\/2019\/wp-json\/wp\/v2\/types\/post"}],"author":[{"embeddable":true,"href":"https:\/\/jorgezanoni.com.br\/2019\/wp-json\/wp\/v2\/users\/1"}],"replies":[{"embeddable":true,"href":"https:\/\/jorgezanoni.com.br\/2019\/wp-json\/wp\/v2\/comments?post=22905"}],"version-history":[{"count":0,"href":"https:\/\/jorgezanoni.com.br\/2019\/wp-json\/wp\/v2\/posts\/22905\/revisions"}],"wp:featuredmedia":[{"embeddable":true,"href":"https:\/\/jorgezanoni.com.br\/2019\/wp-json\/wp\/v2\/media\/22906"}],"wp:attachment":[{"href":"https:\/\/jorgezanoni.com.br\/2019\/wp-json\/wp\/v2\/media?parent=22905"}],"wp:term":[{"taxonomy":"category","embeddable":true,"href":"https:\/\/jorgezanoni.com.br\/2019\/wp-json\/wp\/v2\/categories?post=22905"},{"taxonomy":"post_tag","embeddable":true,"href":"https:\/\/jorgezanoni.com.br\/2019\/wp-json\/wp\/v2\/tags?post=22905"}],"curies":[{"name":"wp","href":"https:\/\/api.w.org\/{rel}","templated":true}]}}