{"id":22854,"date":"2020-04-03T00:24:05","date_gmt":"2020-04-03T00:24:05","guid":{"rendered":"https:\/\/jorgezanoni.com.br\/2019\/?p=22854"},"modified":"2020-04-03T00:27:22","modified_gmt":"2020-04-03T00:27:22","slug":"veiculos-abandonados-em-vias-publicas-aumentam-a-cada-dia-em-dracena","status":"publish","type":"post","link":"https:\/\/jorgezanoni.com.br\/2019\/veiculos-abandonados-em-vias-publicas-aumentam-a-cada-dia-em-dracena\/","title":{"rendered":"Ve\u00edculos abandonados em vias p\u00fablicas aumentam a cada dia em Dracena"},"content":{"rendered":"<p style=\"text-align: justify;\"><strong>Em Dracena, a lei municipal n\u00ba 3802\/2010 regula esse tipo de situa\u00e7\u00e3o. Os mun\u00edcipes devem denunciar os poss\u00edveis casos de abandono de ve\u00edculos na secretaria municipal de Infraestrutura, Habita\u00e7\u00e3o e Assuntos Vi\u00e1rios pelo telefone 3821-8019.<\/strong><\/p>\n<p style=\"text-align: justify;\">O abandono de ve\u00edculos na via p\u00fablica \u00e9 uma pr\u00e1tica que causa transtornos \u00e0 popula\u00e7\u00e3o. Al\u00e9m de dificultar o tr\u00e1fego de ve\u00edculos e a passagem dos pedestres, os ve\u00edculos podem se tornar criadouro de pernilongos, mosquitos de diversas doen\u00e7as e animais pe\u00e7onhentos em raz\u00e3o do ac\u00famulo de folhas, galhos, \u00e1gua e at\u00e9 mesmo crescimento de vegeta\u00e7\u00e3o.<\/p>\n<p style=\"text-align: justify;\">O procedimento da Secretaria de Assuntos V\u00ed\u00e1rios funciona da seguinte forma:\u00a0\u00a0\u00e9 realizada a fiscaliza\u00e7\u00e3o no local para apura\u00e7\u00e3o da situa\u00e7\u00e3o de abandono. Uma vez constatado o abandono, os dados do ve\u00edculo s\u00e3o pesquisados para que seja feita uma notifica\u00e7\u00e3o ao propriet\u00e1rio\/respons\u00e1vel pelo ve\u00edculo, que ter\u00e1 um prazo de cinco dias para tomar provid\u00eancias. Caso a situa\u00e7\u00e3o n\u00e3o seja resolvida no prazo estipulado, o servi\u00e7o de guincho (da empresa que administra o p\u00e1tio de ve\u00edculos apreendidos) \u00e9 acionado e o ve\u00edculo \u00e9 recolhido.<\/p>\n<p style=\"text-align: justify;\">O artigo 6\u00ba da lei municipal estabelece que \u201cos ve\u00edculos, carca\u00e7as, chassis ou partes de ve\u00edculos abandonados em via p\u00fablica, ser\u00e3o removidos para o dep\u00f3sito fixado pelo \u00f3rg\u00e3o ou entidade competente e sua restitui\u00e7\u00e3o s\u00f3 ocorrer\u00e1 mediante o pagamento das multas, taxas e despesas, com remo\u00e7\u00e3o e perman\u00eancia, al\u00e9m de outros encargos previstos na legisla\u00e7\u00e3o espec\u00edfica\u201d.<\/p>\n<p style=\"text-align: justify;\">O problema \u00e9 recorrente e n\u00e3o se v\u00ea nenhuma autua\u00e7\u00e3o ou trabalho nesse sentido pela Prefeitura Municipal atrav\u00e9s da Secretaria respons\u00e1vel. Ser\u00e1 que os respons\u00e1veis n\u00e3o sabem das suas atribui\u00e7\u00f5es, ou fazem vistas grossa? Vamos agir com rigor, a cidade est\u00e1 feia e cada qual se achando no direito de fazer o que melhor lhe conv\u00e9m.<\/p>\n<p style=\"text-align: justify;\">Em uma r\u00e1pida volta, a reportagem do Site JZ flagrou diversos ve\u00edculos nessa situa\u00e7\u00e3o e para facilitar os fiscais e secret\u00e1rios respons\u00e1veis que deveriam executar o trabalho a eles confiados, vamos mostrar as fotos e passar o endere\u00e7o, ou seja s\u00f3 n\u00e3o toma provid\u00eancia mesmo se n\u00e3o quiserem.<\/p>\n<p><img loading=\"lazy\" decoding=\"async\" class=\"alignnone size-full wp-image-22855\" src=\"https:\/\/jorgezanoni.com.br\/2019\/wp-content\/uploads\/2020\/04\/IMG_3021.jpg\" alt=\"\" width=\"800\" height=\"600\" srcset=\"https:\/\/jorgezanoni.com.br\/2019\/wp-content\/uploads\/2020\/04\/IMG_3021.jpg 800w, https:\/\/jorgezanoni.com.br\/2019\/wp-content\/uploads\/2020\/04\/IMG_3021-300x225.jpg 300w, https:\/\/jorgezanoni.com.br\/2019\/wp-content\/uploads\/2020\/04\/IMG_3021-768x576.jpg 768w, https:\/\/jorgezanoni.com.br\/2019\/wp-content\/uploads\/2020\/04\/IMG_3021-80x60.jpg 80w, https:\/\/jorgezanoni.com.br\/2019\/wp-content\/uploads\/2020\/04\/IMG_3021-265x198.jpg 265w, https:\/\/jorgezanoni.com.br\/2019\/wp-content\/uploads\/2020\/04\/IMG_3021-696x522.jpg 696w, https:\/\/jorgezanoni.com.br\/2019\/wp-content\/uploads\/2020\/04\/IMG_3021-560x420.jpg 560w\" sizes=\"auto, (max-width: 800px) 100vw, 800px\" \/>Rua Almirante Barroso entre as Avenidas Presidente Vargas e Roosevelt &#8211; Centro<\/p>\n<p><img loading=\"lazy\" decoding=\"async\" class=\"alignnone size-full wp-image-22866\" src=\"https:\/\/jorgezanoni.com.br\/2019\/wp-content\/uploads\/2020\/04\/IMG_3022-1.jpg\" alt=\"\" width=\"800\" height=\"600\" srcset=\"https:\/\/jorgezanoni.com.br\/2019\/wp-content\/uploads\/2020\/04\/IMG_3022-1.jpg 800w, https:\/\/jorgezanoni.com.br\/2019\/wp-content\/uploads\/2020\/04\/IMG_3022-1-300x225.jpg 300w, https:\/\/jorgezanoni.com.br\/2019\/wp-content\/uploads\/2020\/04\/IMG_3022-1-768x576.jpg 768w, https:\/\/jorgezanoni.com.br\/2019\/wp-content\/uploads\/2020\/04\/IMG_3022-1-80x60.jpg 80w, https:\/\/jorgezanoni.com.br\/2019\/wp-content\/uploads\/2020\/04\/IMG_3022-1-265x198.jpg 265w, https:\/\/jorgezanoni.com.br\/2019\/wp-content\/uploads\/2020\/04\/IMG_3022-1-696x522.jpg 696w, https:\/\/jorgezanoni.com.br\/2019\/wp-content\/uploads\/2020\/04\/IMG_3022-1-560x420.jpg 560w\" sizes=\"auto, (max-width: 800px) 100vw, 800px\" \/>Rua Almirante Barroso entre as Avenidas Presidente Vargas e Roosevelt &#8211; Centro<\/p>\n<p><img loading=\"lazy\" decoding=\"async\" class=\"alignnone size-full wp-image-22867\" src=\"https:\/\/jorgezanoni.com.br\/2019\/wp-content\/uploads\/2020\/04\/IMG_3466-1.jpg\" alt=\"\" width=\"800\" height=\"600\" srcset=\"https:\/\/jorgezanoni.com.br\/2019\/wp-content\/uploads\/2020\/04\/IMG_3466-1.jpg 800w, https:\/\/jorgezanoni.com.br\/2019\/wp-content\/uploads\/2020\/04\/IMG_3466-1-300x225.jpg 300w, https:\/\/jorgezanoni.com.br\/2019\/wp-content\/uploads\/2020\/04\/IMG_3466-1-768x576.jpg 768w, https:\/\/jorgezanoni.com.br\/2019\/wp-content\/uploads\/2020\/04\/IMG_3466-1-80x60.jpg 80w, https:\/\/jorgezanoni.com.br\/2019\/wp-content\/uploads\/2020\/04\/IMG_3466-1-265x198.jpg 265w, https:\/\/jorgezanoni.com.br\/2019\/wp-content\/uploads\/2020\/04\/IMG_3466-1-696x522.jpg 696w, https:\/\/jorgezanoni.com.br\/2019\/wp-content\/uploads\/2020\/04\/IMG_3466-1-560x420.jpg 560w\" sizes=\"auto, (max-width: 800px) 100vw, 800px\" \/>Rua Vendramim entre Tup\u00e3 e Irradia\u00e7\u00e3o &#8211; Vila Luc\u00e9lia<\/p>\n<p><img loading=\"lazy\" decoding=\"async\" class=\"alignnone size-full wp-image-22868\" src=\"https:\/\/jorgezanoni.com.br\/2019\/wp-content\/uploads\/2020\/04\/IMG_3467-1.jpg\" alt=\"\" width=\"800\" height=\"600\" srcset=\"https:\/\/jorgezanoni.com.br\/2019\/wp-content\/uploads\/2020\/04\/IMG_3467-1.jpg 800w, https:\/\/jorgezanoni.com.br\/2019\/wp-content\/uploads\/2020\/04\/IMG_3467-1-300x225.jpg 300w, https:\/\/jorgezanoni.com.br\/2019\/wp-content\/uploads\/2020\/04\/IMG_3467-1-768x576.jpg 768w, https:\/\/jorgezanoni.com.br\/2019\/wp-content\/uploads\/2020\/04\/IMG_3467-1-80x60.jpg 80w, https:\/\/jorgezanoni.com.br\/2019\/wp-content\/uploads\/2020\/04\/IMG_3467-1-265x198.jpg 265w, https:\/\/jorgezanoni.com.br\/2019\/wp-content\/uploads\/2020\/04\/IMG_3467-1-696x522.jpg 696w, https:\/\/jorgezanoni.com.br\/2019\/wp-content\/uploads\/2020\/04\/IMG_3467-1-560x420.jpg 560w\" sizes=\"auto, (max-width: 800px) 100vw, 800px\" \/>Rua Vendramim entre Tup\u00e3 e Irradia\u00e7\u00e3o &#8211; Vila Luc\u00e9lia<\/p>\n<p><img loading=\"lazy\" decoding=\"async\" class=\"alignnone size-full wp-image-22870\" src=\"https:\/\/jorgezanoni.com.br\/2019\/wp-content\/uploads\/2020\/04\/IMG_3470-1.jpg\" alt=\"\" width=\"800\" height=\"600\" srcset=\"https:\/\/jorgezanoni.com.br\/2019\/wp-content\/uploads\/2020\/04\/IMG_3470-1.jpg 800w, https:\/\/jorgezanoni.com.br\/2019\/wp-content\/uploads\/2020\/04\/IMG_3470-1-300x225.jpg 300w, https:\/\/jorgezanoni.com.br\/2019\/wp-content\/uploads\/2020\/04\/IMG_3470-1-768x576.jpg 768w, https:\/\/jorgezanoni.com.br\/2019\/wp-content\/uploads\/2020\/04\/IMG_3470-1-80x60.jpg 80w, https:\/\/jorgezanoni.com.br\/2019\/wp-content\/uploads\/2020\/04\/IMG_3470-1-265x198.jpg 265w, https:\/\/jorgezanoni.com.br\/2019\/wp-content\/uploads\/2020\/04\/IMG_3470-1-696x522.jpg 696w, https:\/\/jorgezanoni.com.br\/2019\/wp-content\/uploads\/2020\/04\/IMG_3470-1-560x420.jpg 560w\" sizes=\"auto, (max-width: 800px) 100vw, 800px\" \/>Rua Ipiranga entre Miguel do Nascimento e Carlos Gomes &#8211; Jardim Jussara<\/p>\n<p><img loading=\"lazy\" decoding=\"async\" class=\"alignnone size-full wp-image-22871\" src=\"https:\/\/jorgezanoni.com.br\/2019\/wp-content\/uploads\/2020\/04\/IMG_3471-1.jpg\" alt=\"\" width=\"800\" height=\"600\" srcset=\"https:\/\/jorgezanoni.com.br\/2019\/wp-content\/uploads\/2020\/04\/IMG_3471-1.jpg 800w, https:\/\/jorgezanoni.com.br\/2019\/wp-content\/uploads\/2020\/04\/IMG_3471-1-300x225.jpg 300w, https:\/\/jorgezanoni.com.br\/2019\/wp-content\/uploads\/2020\/04\/IMG_3471-1-768x576.jpg 768w, https:\/\/jorgezanoni.com.br\/2019\/wp-content\/uploads\/2020\/04\/IMG_3471-1-80x60.jpg 80w, https:\/\/jorgezanoni.com.br\/2019\/wp-content\/uploads\/2020\/04\/IMG_3471-1-265x198.jpg 265w, https:\/\/jorgezanoni.com.br\/2019\/wp-content\/uploads\/2020\/04\/IMG_3471-1-696x522.jpg 696w, https:\/\/jorgezanoni.com.br\/2019\/wp-content\/uploads\/2020\/04\/IMG_3471-1-560x420.jpg 560w\" sizes=\"auto, (max-width: 800px) 100vw, 800px\" \/>Rua Princesa Isabel entre Adolpho Cavalheri e Humberto de Campos &#8211; Jardim Jussara<\/p>\n<p><img loading=\"lazy\" decoding=\"async\" class=\"alignnone size-full wp-image-22872\" src=\"https:\/\/jorgezanoni.com.br\/2019\/wp-content\/uploads\/2020\/04\/IMG_3472-1.jpg\" alt=\"\" width=\"800\" height=\"600\" srcset=\"https:\/\/jorgezanoni.com.br\/2019\/wp-content\/uploads\/2020\/04\/IMG_3472-1.jpg 800w, https:\/\/jorgezanoni.com.br\/2019\/wp-content\/uploads\/2020\/04\/IMG_3472-1-300x225.jpg 300w, https:\/\/jorgezanoni.com.br\/2019\/wp-content\/uploads\/2020\/04\/IMG_3472-1-768x576.jpg 768w, https:\/\/jorgezanoni.com.br\/2019\/wp-content\/uploads\/2020\/04\/IMG_3472-1-80x60.jpg 80w, https:\/\/jorgezanoni.com.br\/2019\/wp-content\/uploads\/2020\/04\/IMG_3472-1-265x198.jpg 265w, https:\/\/jorgezanoni.com.br\/2019\/wp-content\/uploads\/2020\/04\/IMG_3472-1-696x522.jpg 696w, https:\/\/jorgezanoni.com.br\/2019\/wp-content\/uploads\/2020\/04\/IMG_3472-1-560x420.jpg 560w\" sizes=\"auto, (max-width: 800px) 100vw, 800px\" \/>Final da Avenida Rui Barbosa com SP-294 &#8211; Jardim Jussara<\/p>\n<p><img loading=\"lazy\" decoding=\"async\" class=\"alignnone size-full wp-image-22873\" src=\"https:\/\/jorgezanoni.com.br\/2019\/wp-content\/uploads\/2020\/04\/IMG_3473-1.jpg\" alt=\"\" width=\"800\" height=\"600\" srcset=\"https:\/\/jorgezanoni.com.br\/2019\/wp-content\/uploads\/2020\/04\/IMG_3473-1.jpg 800w, https:\/\/jorgezanoni.com.br\/2019\/wp-content\/uploads\/2020\/04\/IMG_3473-1-300x225.jpg 300w, https:\/\/jorgezanoni.com.br\/2019\/wp-content\/uploads\/2020\/04\/IMG_3473-1-768x576.jpg 768w, https:\/\/jorgezanoni.com.br\/2019\/wp-content\/uploads\/2020\/04\/IMG_3473-1-80x60.jpg 80w, https:\/\/jorgezanoni.com.br\/2019\/wp-content\/uploads\/2020\/04\/IMG_3473-1-265x198.jpg 265w, https:\/\/jorgezanoni.com.br\/2019\/wp-content\/uploads\/2020\/04\/IMG_3473-1-696x522.jpg 696w, https:\/\/jorgezanoni.com.br\/2019\/wp-content\/uploads\/2020\/04\/IMG_3473-1-560x420.jpg 560w\" sizes=\"auto, (max-width: 800px) 100vw, 800px\" \/>Final da Avenida Rui Barbosa com SP-294 &#8211; Jardim Jussara<\/p>\n<p><img loading=\"lazy\" decoding=\"async\" class=\"alignnone size-full wp-image-22874\" src=\"https:\/\/jorgezanoni.com.br\/2019\/wp-content\/uploads\/2020\/04\/IMG_3474-1.jpg\" alt=\"\" width=\"800\" height=\"600\" srcset=\"https:\/\/jorgezanoni.com.br\/2019\/wp-content\/uploads\/2020\/04\/IMG_3474-1.jpg 800w, https:\/\/jorgezanoni.com.br\/2019\/wp-content\/uploads\/2020\/04\/IMG_3474-1-300x225.jpg 300w, https:\/\/jorgezanoni.com.br\/2019\/wp-content\/uploads\/2020\/04\/IMG_3474-1-768x576.jpg 768w, https:\/\/jorgezanoni.com.br\/2019\/wp-content\/uploads\/2020\/04\/IMG_3474-1-80x60.jpg 80w, https:\/\/jorgezanoni.com.br\/2019\/wp-content\/uploads\/2020\/04\/IMG_3474-1-265x198.jpg 265w, https:\/\/jorgezanoni.com.br\/2019\/wp-content\/uploads\/2020\/04\/IMG_3474-1-696x522.jpg 696w, https:\/\/jorgezanoni.com.br\/2019\/wp-content\/uploads\/2020\/04\/IMG_3474-1-560x420.jpg 560w\" sizes=\"auto, (max-width: 800px) 100vw, 800px\" \/>Final da Avenida Rui Barbosa com SP-294 &#8211; Jardim Jussara<\/p>\n<p><img loading=\"lazy\" decoding=\"async\" class=\"alignnone size-full wp-image-22875\" src=\"https:\/\/jorgezanoni.com.br\/2019\/wp-content\/uploads\/2020\/04\/IMG_3477.jpg\" alt=\"\" width=\"800\" height=\"600\" srcset=\"https:\/\/jorgezanoni.com.br\/2019\/wp-content\/uploads\/2020\/04\/IMG_3477.jpg 800w, https:\/\/jorgezanoni.com.br\/2019\/wp-content\/uploads\/2020\/04\/IMG_3477-300x225.jpg 300w, https:\/\/jorgezanoni.com.br\/2019\/wp-content\/uploads\/2020\/04\/IMG_3477-768x576.jpg 768w, https:\/\/jorgezanoni.com.br\/2019\/wp-content\/uploads\/2020\/04\/IMG_3477-80x60.jpg 80w, https:\/\/jorgezanoni.com.br\/2019\/wp-content\/uploads\/2020\/04\/IMG_3477-265x198.jpg 265w, https:\/\/jorgezanoni.com.br\/2019\/wp-content\/uploads\/2020\/04\/IMG_3477-696x522.jpg 696w, https:\/\/jorgezanoni.com.br\/2019\/wp-content\/uploads\/2020\/04\/IMG_3477-560x420.jpg 560w\" sizes=\"auto, (max-width: 800px) 100vw, 800px\" \/>Rua Venezuela entre avenida Jos\u00e9 Bonif\u00e1cio e rua Monte Castelo &#8211; Centro<\/p>\n<p><img loading=\"lazy\" decoding=\"async\" class=\"alignnone size-full wp-image-22876\" src=\"https:\/\/jorgezanoni.com.br\/2019\/wp-content\/uploads\/2020\/04\/IMG_3478.jpg\" alt=\"\" width=\"800\" height=\"600\" srcset=\"https:\/\/jorgezanoni.com.br\/2019\/wp-content\/uploads\/2020\/04\/IMG_3478.jpg 800w, https:\/\/jorgezanoni.com.br\/2019\/wp-content\/uploads\/2020\/04\/IMG_3478-300x225.jpg 300w, https:\/\/jorgezanoni.com.br\/2019\/wp-content\/uploads\/2020\/04\/IMG_3478-768x576.jpg 768w, https:\/\/jorgezanoni.com.br\/2019\/wp-content\/uploads\/2020\/04\/IMG_3478-80x60.jpg 80w, https:\/\/jorgezanoni.com.br\/2019\/wp-content\/uploads\/2020\/04\/IMG_3478-265x198.jpg 265w, https:\/\/jorgezanoni.com.br\/2019\/wp-content\/uploads\/2020\/04\/IMG_3478-696x522.jpg 696w, https:\/\/jorgezanoni.com.br\/2019\/wp-content\/uploads\/2020\/04\/IMG_3478-560x420.jpg 560w\" sizes=\"auto, (max-width: 800px) 100vw, 800px\" \/>Av. Alcides Chacon Couto pr\u00f3ximo entrada da Fapidra &#8211; bairro Metr\u00f3pole<\/p>\n<p><img loading=\"lazy\" decoding=\"async\" class=\"alignnone size-full wp-image-22877\" src=\"https:\/\/jorgezanoni.com.br\/2019\/wp-content\/uploads\/2020\/04\/IMG_3479.jpg\" alt=\"\" width=\"800\" height=\"600\" srcset=\"https:\/\/jorgezanoni.com.br\/2019\/wp-content\/uploads\/2020\/04\/IMG_3479.jpg 800w, https:\/\/jorgezanoni.com.br\/2019\/wp-content\/uploads\/2020\/04\/IMG_3479-300x225.jpg 300w, https:\/\/jorgezanoni.com.br\/2019\/wp-content\/uploads\/2020\/04\/IMG_3479-768x576.jpg 768w, https:\/\/jorgezanoni.com.br\/2019\/wp-content\/uploads\/2020\/04\/IMG_3479-80x60.jpg 80w, https:\/\/jorgezanoni.com.br\/2019\/wp-content\/uploads\/2020\/04\/IMG_3479-265x198.jpg 265w, https:\/\/jorgezanoni.com.br\/2019\/wp-content\/uploads\/2020\/04\/IMG_3479-696x522.jpg 696w, https:\/\/jorgezanoni.com.br\/2019\/wp-content\/uploads\/2020\/04\/IMG_3479-560x420.jpg 560w\" sizes=\"auto, (max-width: 800px) 100vw, 800px\" \/>Av. Alcides Chacon Couto pr\u00f3ximo entrada da Fapidra &#8211; bairro Metr\u00f3pole<\/p>\n<p><img loading=\"lazy\" decoding=\"async\" class=\"alignnone size-full wp-image-22878\" src=\"https:\/\/jorgezanoni.com.br\/2019\/wp-content\/uploads\/2020\/04\/IMG_3480.jpg\" alt=\"\" width=\"800\" height=\"600\" srcset=\"https:\/\/jorgezanoni.com.br\/2019\/wp-content\/uploads\/2020\/04\/IMG_3480.jpg 800w, https:\/\/jorgezanoni.com.br\/2019\/wp-content\/uploads\/2020\/04\/IMG_3480-300x225.jpg 300w, https:\/\/jorgezanoni.com.br\/2019\/wp-content\/uploads\/2020\/04\/IMG_3480-768x576.jpg 768w, https:\/\/jorgezanoni.com.br\/2019\/wp-content\/uploads\/2020\/04\/IMG_3480-80x60.jpg 80w, https:\/\/jorgezanoni.com.br\/2019\/wp-content\/uploads\/2020\/04\/IMG_3480-265x198.jpg 265w, https:\/\/jorgezanoni.com.br\/2019\/wp-content\/uploads\/2020\/04\/IMG_3480-696x522.jpg 696w, https:\/\/jorgezanoni.com.br\/2019\/wp-content\/uploads\/2020\/04\/IMG_3480-560x420.jpg 560w\" sizes=\"auto, (max-width: 800px) 100vw, 800px\" \/>Rua Maracaj\u00fa entre Tapaj\u00f3s e Araguaia &#8211; Jardim Vera Cruz<\/p>\n<p><img loading=\"lazy\" decoding=\"async\" class=\"alignnone size-full wp-image-22879\" src=\"https:\/\/jorgezanoni.com.br\/2019\/wp-content\/uploads\/2020\/04\/IMG_3481.jpg\" alt=\"\" width=\"800\" height=\"600\" srcset=\"https:\/\/jorgezanoni.com.br\/2019\/wp-content\/uploads\/2020\/04\/IMG_3481.jpg 800w, https:\/\/jorgezanoni.com.br\/2019\/wp-content\/uploads\/2020\/04\/IMG_3481-300x225.jpg 300w, https:\/\/jorgezanoni.com.br\/2019\/wp-content\/uploads\/2020\/04\/IMG_3481-768x576.jpg 768w, https:\/\/jorgezanoni.com.br\/2019\/wp-content\/uploads\/2020\/04\/IMG_3481-80x60.jpg 80w, https:\/\/jorgezanoni.com.br\/2019\/wp-content\/uploads\/2020\/04\/IMG_3481-265x198.jpg 265w, https:\/\/jorgezanoni.com.br\/2019\/wp-content\/uploads\/2020\/04\/IMG_3481-696x522.jpg 696w, https:\/\/jorgezanoni.com.br\/2019\/wp-content\/uploads\/2020\/04\/IMG_3481-560x420.jpg 560w\" sizes=\"auto, (max-width: 800px) 100vw, 800px\" \/>Rua Cunha Bueno entre Xavantes e Xingu &#8211; jardim Vera Cruz<\/p>\n<p>Jorge Zanoni<\/p>\n<p>&nbsp;<\/p>\n","protected":false},"excerpt":{"rendered":"<p>Em Dracena, a lei municipal n\u00ba 3802\/2010 regula esse tipo de situa\u00e7\u00e3o. Os mun\u00edcipes devem denunciar os poss\u00edveis casos de abandono de ve\u00edculos na secretaria municipal de Infraestrutura, Habita\u00e7\u00e3o e Assuntos Vi\u00e1rios pelo telefone 3821-8019. O abandono de ve\u00edculos na via p\u00fablica \u00e9 uma pr\u00e1tica que causa transtornos \u00e0 popula\u00e7\u00e3o. Al\u00e9m de dificultar o tr\u00e1fego [&hellip;]<\/p>\n","protected":false},"author":1,"featured_media":22865,"comment_status":"closed","ping_status":"open","sticky":false,"template":"","format":"standard","meta":{"footnotes":""},"categories":[179,184,180,110],"tags":[],"class_list":["post-22854","post","type-post","status-publish","format-standard","has-post-thumbnail","hentry","category-cidadeseregiao","category-dracena","category-estradastransitoveiculos","category-noticiasdestaque"],"_links":{"self":[{"href":"https:\/\/jorgezanoni.com.br\/2019\/wp-json\/wp\/v2\/posts\/22854","targetHints":{"allow":["GET"]}}],"collection":[{"href":"https:\/\/jorgezanoni.com.br\/2019\/wp-json\/wp\/v2\/posts"}],"about":[{"href":"https:\/\/jorgezanoni.com.br\/2019\/wp-json\/wp\/v2\/types\/post"}],"author":[{"embeddable":true,"href":"https:\/\/jorgezanoni.com.br\/2019\/wp-json\/wp\/v2\/users\/1"}],"replies":[{"embeddable":true,"href":"https:\/\/jorgezanoni.com.br\/2019\/wp-json\/wp\/v2\/comments?post=22854"}],"version-history":[{"count":0,"href":"https:\/\/jorgezanoni.com.br\/2019\/wp-json\/wp\/v2\/posts\/22854\/revisions"}],"wp:featuredmedia":[{"embeddable":true,"href":"https:\/\/jorgezanoni.com.br\/2019\/wp-json\/wp\/v2\/media\/22865"}],"wp:attachment":[{"href":"https:\/\/jorgezanoni.com.br\/2019\/wp-json\/wp\/v2\/media?parent=22854"}],"wp:term":[{"taxonomy":"category","embeddable":true,"href":"https:\/\/jorgezanoni.com.br\/2019\/wp-json\/wp\/v2\/categories?post=22854"},{"taxonomy":"post_tag","embeddable":true,"href":"https:\/\/jorgezanoni.com.br\/2019\/wp-json\/wp\/v2\/tags?post=22854"}],"curies":[{"name":"wp","href":"https:\/\/api.w.org\/{rel}","templated":true}]}}