{"id":22832,"date":"2020-04-02T18:05:55","date_gmt":"2020-04-02T18:05:55","guid":{"rendered":"https:\/\/jorgezanoni.com.br\/2019\/?p=22832"},"modified":"2020-04-02T18:05:55","modified_gmt":"2020-04-02T18:05:55","slug":"confira-o-plantao-policial-02-04-20","status":"publish","type":"post","link":"https:\/\/jorgezanoni.com.br\/2019\/confira-o-plantao-policial-02-04-20\/","title":{"rendered":"Confira o Plant\u00e3o Policial 02\/04\/20"},"content":{"rendered":"<p style=\"text-align: justify;\"><strong>SEMPRE ATENTOS: EM OURO VERDE, POLICIAIS EM APREENDEM MENOR POR PORTE DE DROGAS. <\/strong><\/p>\n<p style=\"text-align: justify;\">Porte de Drogas -Flagrante.<\/p>\n<p style=\"text-align: justify;\">Data: 01MAR20 \u00e0s 20h10min.<\/p>\n<p style=\"text-align: justify;\">Local: Av. Rio Grande do Sul\u2013Para\u00edso \u2013 Ouro Verde\/SP.<\/p>\n<p style=\"text-align: justify;\">Sindicado: homem de 16 anos<\/p>\n<p style=\"text-align: justify;\">Apreens\u00e3o: 0,017 de maconha.<\/p>\n<p style=\"text-align: justify;\">Na noite de ontem (01) policiais militares em patrulhamento pela Rua Rio Grande do Sul avistaram o adolescente de 16 anos que ao ver a equipe policial agiu de forma estranha, isso chamou a aten\u00e7\u00e3o da equipe pelo nervosismo, sendo abordado e em revista pessoal foi encontrado uma por\u00e7\u00e3o de 0,017g de maconha. O menor assumiu a propriedade da droga dizendo que era para seu uso, sendo tomada as provid\u00eancias administrativas.<\/p>\n<p style=\"text-align: justify;\"><strong>POL\u00cdCIA MILITAR PRENDE EM FLAGRANTE HOMEM QUE ESTARI APLICANDO V\u00c1RIOS GOLPES NA REGI\u00c3O E RECUPERA CART\u00d5ES DE V\u00cdTIMAS E DINHEIRO. <\/strong><\/p>\n<p style=\"text-align: justify;\">Estelionato-Flagrante.<\/p>\n<p style=\"text-align: justify;\">Data: 01MAR20 \u00e0s 17h59min.<\/p>\n<p style=\"text-align: justify;\">Local: Av. Rio Branco Centro &#8211; Luc\u00e9lia\/SP.<\/p>\n<p style=\"text-align: justify;\">V\u00edtima 01: mulher de 79 anos<\/p>\n<p style=\"text-align: justify;\">V\u00edtima 02: homem de 43 anos<\/p>\n<p style=\"text-align: justify;\">V\u00edtima 03: homem de 62 anos<\/p>\n<p style=\"text-align: justify;\">Indiciado: homem 27 anos<\/p>\n<p style=\"text-align: justify;\">Na data de ontem (01) na cidade de Adamantina a Pol\u00edcia Militar ap\u00f3s informa\u00e7\u00f5es de que um indiv\u00edduo estava praticando estelionato na regi\u00e3o, ligando para a v\u00edtima falando que haviam clonado o cart\u00e3o e que algu\u00e9m j\u00e1 havia realizado compras e que passaria algu\u00e9m na resid\u00eancia para buscar o cart\u00e3o para levar a ag\u00eancia banc\u00e1ria para sanar o problema, e que na data de hoje (01) j\u00e1 havia feito tr\u00eas v\u00edtimas no munic\u00edpio, a equipe policial militar conseguiu uma foto do prov\u00e1vel autor, e ap\u00f3s algumas horas durante patrulhamento pela \u00e1rea central, ele foi localizado O autor (homem de 29 anos) ao perceber que seria abordado tentou emprender fuga a p\u00e9, por\u00e9m a tentativa foi frustrada pela equipe policial. Na busca pessoal localizamos com o autor um cart\u00e3o de cr\u00e9dito do banco do Brasil em nome de uma das v\u00edtimas, sessenta reais, um celular iPhone e uma chave de um quarto de um hotel da cidade de Adamantina. Indagado confessou os crimes praticados e informou que no quarto do hotel teria mais objetos referente ao estelionato. Em vistoria no quarto foi localizado um total de 1990,00 reais em c\u00e9dulas de diversos valores, duas m\u00e1quinas de cart\u00e3o de cr\u00e9dito, um celular da marca Samsung, roupas, comprovante de saques referente aos cart\u00f5es de cr\u00e9dito das v\u00edtimas, 11 cart\u00f5es de cr\u00e9ditos de v\u00e1rias bandeiras e bancos, em nome de diversas pessoas e uma moto que estava estacionado no p\u00e1tio do hotel. Foi dado voz de pris\u00e3o ao autor por infringir o artigo 171 do C\u00f3digo Penal, permanecendo o autor a disposi\u00e7\u00e3o da Justi\u00e7a.<\/p>\n<p style=\"text-align: justify;\"><strong>AMEA\u00c7OU OS PAIS, DESOBEDECEU ORDEM JUDICIAL E PEDIU PARA SER PRESO.\u00a0 <\/strong><\/p>\n<p style=\"text-align: justify;\">Descuprimento de medida judicial<\/p>\n<p style=\"text-align: justify;\">Data: 02MAR20 \u00e0s 00h37min.<\/p>\n<p style=\"text-align: justify;\">Local: Rua Janete Clair \u2013 Jd. Brasil\u00e2ndia \u2013 Dracena\/SP.<\/p>\n<p style=\"text-align: justify;\">Autor: homem de 28 anos<\/p>\n<p style=\"text-align: justify;\">V\u00edtima 01: homem de 51 anos<\/p>\n<p style=\"text-align: justify;\">V\u00edtima 02: mulher de 59 anos<strong>\u00a0<\/strong><\/p>\n<p style=\"text-align: justify;\">Na madrugada de hoje (02) a Pol\u00edcia Militar na cidade de Dracena ap\u00f3s solicita\u00e7\u00e3o via 190 em que as v\u00edtimas, um homem de 51 anos e uma mulher de 59 anos possuem uma medida protetiva contra o filho e ele (28) mesmo tendo conhecimento da medida pulou o muro e acabou por invadir a resid\u00eancia, passando a pedir dinheiro e falar que iria pegar uma faca e sair na rua e roubar pessoas. Foi acionado a Pol\u00edcia Militar que localizou o autor no interior do quarto e ao ver a equipe policial, se levantou e pediu para ser preso, confirmando a vers\u00e3o dada por seus pais. Foi dada voz de pris\u00e3o ao autor por descumprimento de ordem judicial permanecendo recolhido a disposi\u00e7\u00e3o da Justi\u00e7a.<\/p>\n<p style=\"text-align: justify;\"><strong>POL\u00cdCIA MILITR PRENDE HOMEM POR AGRESS\u00c3O EM OSVALDO CRUZ.\u00a0 <\/strong><\/p>\n<p style=\"text-align: justify;\">Agress\u00e3o &#8211; Flagrante<\/p>\n<p style=\"text-align: justify;\">Data: 02MAR20 \u00e0s 00h18min.<\/p>\n<p style=\"text-align: justify;\">Local: Rua Feb \u2013 Centro \u2013 Osvaldo Cruz\/SP.<\/p>\n<p style=\"text-align: justify;\">Autor: homem de 33 anos<\/p>\n<p style=\"text-align: justify;\">V\u00edtima: mulher de 41 anos<strong>\u00a0<\/strong><\/p>\n<p style=\"text-align: justify;\">Na data de hoje (02) a Pol\u00edcia Militar chegou no local j\u00e1 estando no local a Unidade de Resgate socorrendo a v\u00edtima (41) para a Santa Casa de Osvaldo Cruz, com a perna direita lesionada. Segundo relatos ap\u00f3s um desentendimento com seu companheiro de 33 anos, o qual n\u00e3o permitia a sua sa\u00edda da resid\u00eancia, fechando as portas da casa, ao tentar segur\u00e1-la passou uma rasteira, derrubando-a no ch\u00e3o, vindo torcer o joelho. Ap\u00f3s receber cuidados m\u00e9dicos na Santa Casa de Osvaldo Cruz foi liberada e o autor permaneceu preso em flagrante sendo encaminhado para cadeia p\u00fablica de Adamantina, ficando \u00e0 disposi\u00e7\u00e3o da Justi\u00e7a.<strong>\u00a0<\/strong><\/p>\n<p style=\"text-align: justify;\"><strong>#25BPMI\u00a0\u00a0\u00a0\u00a0\u00a0\u00a0\u00a0\u00a0\u00a0\u00a0\u00a0\u00a0\u00a0\u00a0\u00a0\u00a0\u00a0 <\/strong><\/p>\n<p style=\"text-align: justify;\"><strong>#POLICIAMILITARSP<\/strong><\/p>\n<p style=\"text-align: justify;\"><strong>#AFOR\u00c7AP\u00daBLICADES\u00c3OPAULO<\/strong><\/p>\n<p style=\"text-align: justify;\"><strong>COMUNICA\u00c7\u00c3O SOCIAL DO 25\u00ba BPM\/I &#8211; Dracena e regi\u00e3o.<\/strong><\/p>\n","protected":false},"excerpt":{"rendered":"<p>SEMPRE ATENTOS: EM OURO VERDE, POLICIAIS EM APREENDEM MENOR POR PORTE DE DROGAS. Porte de Drogas -Flagrante. Data: 01MAR20 \u00e0s 20h10min. Local: Av. Rio Grande do Sul\u2013Para\u00edso \u2013 Ouro Verde\/SP. Sindicado: homem de 16 anos Apreens\u00e3o: 0,017 de maconha. Na noite de ontem (01) policiais militares em patrulhamento pela Rua Rio Grande do Sul avistaram [&hellip;]<\/p>\n","protected":false},"author":1,"featured_media":22833,"comment_status":"closed","ping_status":"open","sticky":false,"template":"","format":"standard","meta":{"footnotes":""},"categories":[110,2],"tags":[],"class_list":["post-22832","post","type-post","status-publish","format-standard","has-post-thumbnail","hentry","category-noticiasdestaque","category-policial"],"_links":{"self":[{"href":"https:\/\/jorgezanoni.com.br\/2019\/wp-json\/wp\/v2\/posts\/22832","targetHints":{"allow":["GET"]}}],"collection":[{"href":"https:\/\/jorgezanoni.com.br\/2019\/wp-json\/wp\/v2\/posts"}],"about":[{"href":"https:\/\/jorgezanoni.com.br\/2019\/wp-json\/wp\/v2\/types\/post"}],"author":[{"embeddable":true,"href":"https:\/\/jorgezanoni.com.br\/2019\/wp-json\/wp\/v2\/users\/1"}],"replies":[{"embeddable":true,"href":"https:\/\/jorgezanoni.com.br\/2019\/wp-json\/wp\/v2\/comments?post=22832"}],"version-history":[{"count":0,"href":"https:\/\/jorgezanoni.com.br\/2019\/wp-json\/wp\/v2\/posts\/22832\/revisions"}],"wp:featuredmedia":[{"embeddable":true,"href":"https:\/\/jorgezanoni.com.br\/2019\/wp-json\/wp\/v2\/media\/22833"}],"wp:attachment":[{"href":"https:\/\/jorgezanoni.com.br\/2019\/wp-json\/wp\/v2\/media?parent=22832"}],"wp:term":[{"taxonomy":"category","embeddable":true,"href":"https:\/\/jorgezanoni.com.br\/2019\/wp-json\/wp\/v2\/categories?post=22832"},{"taxonomy":"post_tag","embeddable":true,"href":"https:\/\/jorgezanoni.com.br\/2019\/wp-json\/wp\/v2\/tags?post=22832"}],"curies":[{"name":"wp","href":"https:\/\/api.w.org\/{rel}","templated":true}]}}