{"id":2283,"date":"2019-07-28T13:55:28","date_gmt":"2019-07-28T13:55:28","guid":{"rendered":"https:\/\/jorgezanoni.com.br\/2019\/?p=2283"},"modified":"2019-07-28T13:55:28","modified_gmt":"2019-07-28T13:55:28","slug":"uma-politica-comercial-autofagica","status":"publish","type":"post","link":"https:\/\/jorgezanoni.com.br\/2019\/uma-politica-comercial-autofagica\/","title":{"rendered":"Uma pol\u00edtica comercial autof\u00e1gica"},"content":{"rendered":"<p style=\"text-align: justify;\">O presidente Jair Bolsonaro, subserviente a pol\u00edtica externa dos Estados Unidos, como \u00e9 de seu feitio, anunciou no domingo passado que est\u00e1 alinhado a pol\u00edtica de boicote aos navios iranianos ancorados no porto de Paranagu\u00e1, impedidos de prosseguir seu destino por falta de combust\u00edvel, negado pela Petrobr\u00e1s com medo de sofrer retalia\u00e7\u00f5es do governo estadunidense. Como bom soldado, acatando ordens do superior, o presidente diz que estamos \u201calinhado a pol\u00edtica deles, ent\u00e3o fazemos o que tem que ser feito\u201d, diz o ex-capit\u00e3o em cumprimento as ordens dadas por seus comandantes.<\/p>\n<p style=\"text-align: justify;\">O problema \u00e9 que o Governo brasileiro n\u00e3o \u00e9 uma caserna e o Ir\u00e3 \u00e9 respons\u00e1vel pela terceira maior importa\u00e7\u00e3o de carne e o destino de um quinto do milho exportado pelo Brasil. Somente no primeiro semestre deste ano, o com\u00e9rcio foi superavit\u00e1rio para o Brasil em US$ 1,27 bilh\u00e3o.\u00a0 A opera\u00e7\u00e3o de com\u00e9rcio exterior mais comum entre os dois pa\u00edses \u00e9 a exporta\u00e7\u00e3o das \u201cperigosas cargas\u201d de milho e a importa\u00e7\u00e3o de ureia como fertilizante agr\u00edcola. Esse \u00e9 o caso dos navios ancorados a espera de uma solu\u00e7\u00e3o.<\/p>\n<p style=\"text-align: justify;\">Como resposta vi\u00e1vel, a empresa Eleva, respons\u00e1vel pelo fornecimento de milho aos iranianos, afirmou que ela ser\u00e1 a compradora do combust\u00edvel da Petrobras e que, portanto, n\u00e3o h\u00e1 risco de que a estatal seja alvo das san\u00e7\u00f5es americanas e que a \u201cdemora num desfecho para o caso gera o risco de uma grave crise ambiental no Porto de Paranagu\u00e1 pelo fato de a carga conter n\u00edveis elevados de conservantes para manter sua integridade durante a viagem. H\u00e1 tamb\u00e9m a imin\u00eancia de uma crise humanit\u00e1ria, j\u00e1 que h\u00e1 50 tripulantes a bordo confinados h\u00e1 um m\u00eas e meio no local sem poder desembarcar. Tudo isso sem falar que a falta de combust\u00edvel deixar\u00e1 os navios \u00e0 deriva, sujeitos \u00e0 for\u00e7a de vento e mar, podendo causar danos \u00e0 navega\u00e7\u00e3o, aos tripulantes, a outras embarca\u00e7\u00f5es e, no extremo, levar ao fechamento do Porto de Paranagu\u00e1\u201d, disse a Eleva.<\/p>\n<p style=\"text-align: justify;\">Ademais, o Escrit\u00f3rio de Controle de Ativos Estrangeiros dos EUA, respons\u00e1vel pelo boicote n\u00e3o pro\u00edbe o com\u00e9rcio de produtos agr\u00edcolas e rem\u00e9dios, produtos que n\u00e3o est\u00e3o inclu\u00eddos nas san\u00e7\u00f5es americanas, enquadrados na chamada &#8220;exce\u00e7\u00e3o humanit\u00e1ria&#8221;.<\/p>\n<p style=\"text-align: justify;\">Portanto, trata-se de mais um arrombo autof\u00e1gico na pol\u00edtica externa brasileira, a servi\u00e7o de um governo caprichoso em bajular o \u201ccapit\u00e3o do mato\u201d, Donald Trump. O Ir\u00e3 atualmente \u00e9 a \u201cbola da vez\u201d, hoje o segundo maior produtor de petr\u00f3leo, combust\u00edvel que move a economia americana.<\/p>\n<p style=\"text-align: justify;\">Chamo a aten\u00e7\u00e3o para os produtores de milho e carne no Brasil. Quem vai botar o \u201cguizo no gato\u201d? Algum empres\u00e1rio tem que protestar, ou existe um del\u00edrio coletivo sobre mais essa sandice na pol\u00edtica externa. Os preju\u00edzos ser\u00e3o enormes, e mais uma vez, com o prest\u00edgio do Brasil seguidamente arranhado no mundo \u00e1rabe(\u201cremember\u201d mudan\u00e7a da Embaixada Brasileira para Jerusal\u00e9m), quem vai arcar com o d\u00e9ficit na balan\u00e7a comercial?<\/p>\n<p style=\"text-align: justify;\">S\u00f3 existe uma tenebrosa resposta: fechamento de empresas e desemprego acompanhado de mais um adendo a crise econ\u00f4mica em recess\u00e3o galopante.<\/p>\n<p>DOUGLAS BUCALEN\/ GOI\u00c2NIA &#8211; GO<\/p>\n<p style=\"text-align: justify;\">\n<p style=\"text-align: justify;\">\n","protected":false},"excerpt":{"rendered":"<p>O presidente Jair Bolsonaro, subserviente a pol\u00edtica externa dos Estados Unidos, como \u00e9 de seu feitio, anunciou no domingo passado que est\u00e1 alinhado a pol\u00edtica de boicote aos navios iranianos ancorados no porto de Paranagu\u00e1, impedidos de prosseguir seu destino por falta de combust\u00edvel, negado pela Petrobr\u00e1s com medo de sofrer retalia\u00e7\u00f5es do governo estadunidense. [&hellip;]<\/p>\n","protected":false},"author":1,"featured_media":2284,"comment_status":"closed","ping_status":"open","sticky":false,"template":"","format":"standard","meta":{"footnotes":""},"categories":[175],"tags":[],"class_list":["post-2283","post","type-post","status-publish","format-standard","has-post-thumbnail","hentry","category-artigos"],"_links":{"self":[{"href":"https:\/\/jorgezanoni.com.br\/2019\/wp-json\/wp\/v2\/posts\/2283","targetHints":{"allow":["GET"]}}],"collection":[{"href":"https:\/\/jorgezanoni.com.br\/2019\/wp-json\/wp\/v2\/posts"}],"about":[{"href":"https:\/\/jorgezanoni.com.br\/2019\/wp-json\/wp\/v2\/types\/post"}],"author":[{"embeddable":true,"href":"https:\/\/jorgezanoni.com.br\/2019\/wp-json\/wp\/v2\/users\/1"}],"replies":[{"embeddable":true,"href":"https:\/\/jorgezanoni.com.br\/2019\/wp-json\/wp\/v2\/comments?post=2283"}],"version-history":[{"count":0,"href":"https:\/\/jorgezanoni.com.br\/2019\/wp-json\/wp\/v2\/posts\/2283\/revisions"}],"wp:featuredmedia":[{"embeddable":true,"href":"https:\/\/jorgezanoni.com.br\/2019\/wp-json\/wp\/v2\/media\/2284"}],"wp:attachment":[{"href":"https:\/\/jorgezanoni.com.br\/2019\/wp-json\/wp\/v2\/media?parent=2283"}],"wp:term":[{"taxonomy":"category","embeddable":true,"href":"https:\/\/jorgezanoni.com.br\/2019\/wp-json\/wp\/v2\/categories?post=2283"},{"taxonomy":"post_tag","embeddable":true,"href":"https:\/\/jorgezanoni.com.br\/2019\/wp-json\/wp\/v2\/tags?post=2283"}],"curies":[{"name":"wp","href":"https:\/\/api.w.org\/{rel}","templated":true}]}}