{"id":22826,"date":"2020-04-02T16:46:23","date_gmt":"2020-04-02T16:46:23","guid":{"rendered":"https:\/\/jorgezanoni.com.br\/2019\/?p=22826"},"modified":"2020-04-02T16:46:24","modified_gmt":"2020-04-02T16:46:24","slug":"dia-mundial-de-conscientizacao-do-autismo","status":"publish","type":"post","link":"https:\/\/jorgezanoni.com.br\/2019\/dia-mundial-de-conscientizacao-do-autismo\/","title":{"rendered":"Dia Mundial de Conscientiza\u00e7\u00e3o do Autismo"},"content":{"rendered":"<p style=\"text-align: justify;\">O\u00a0<b>Dia Mundial do Autismo<\/b>, celebrado anualmente em\u00a0<a title=\"2 de abril\" href=\"https:\/\/pt.wikipedia.org\/wiki\/2_de_abril\">2 de abril<\/a>, foi criado pela\u00a0<a title=\"Organiza\u00e7\u00e3o das Na\u00e7\u00f5es Unidas\" href=\"https:\/\/pt.wikipedia.org\/wiki\/Organiza%C3%A7%C3%A3o_das_Na%C3%A7%C3%B5es_Unidas\">Organiza\u00e7\u00e3o das Na\u00e7\u00f5es Unidas<\/a><sup id=\"cite_ref-1\" class=\"reference\"><a href=\"https:\/\/pt.wikipedia.org\/wiki\/Dia_Mundial_de_Conscientiza%C3%A7%C3%A3o_do_Autismo#cite_note-1\">[1]<\/a><\/sup>\u00a0em\u00a0<a title=\"18 de dezembro\" href=\"https:\/\/pt.wikipedia.org\/wiki\/18_de_dezembro\">18 de dezembro<\/a>\u00a0de\u00a0<a title=\"2007\" href=\"https:\/\/pt.wikipedia.org\/wiki\/2007\">2007<\/a><sup id=\"cite_ref-2\" class=\"reference\"><a href=\"https:\/\/pt.wikipedia.org\/wiki\/Dia_Mundial_de_Conscientiza%C3%A7%C3%A3o_do_Autismo#cite_note-2\">[2]<\/a><\/sup>\u00a0para a conscientiza\u00e7\u00e3o acerca dessa quest\u00e3o.<sup id=\"cite_ref-3\" class=\"reference\"><a href=\"https:\/\/pt.wikipedia.org\/wiki\/Dia_Mundial_de_Conscientiza%C3%A7%C3%A3o_do_Autismo#cite_note-3\">[3]<\/a><\/sup>\u00a0No primeiro evento, em\u00a0<a title=\"2 de abril\" href=\"https:\/\/pt.wikipedia.org\/wiki\/2_de_abril\">2 de abril<\/a>\u00a0de\u00a0<a title=\"2008\" href=\"https:\/\/pt.wikipedia.org\/wiki\/2008\">2008<\/a>, o Secret\u00e1rio-Geral da ONU, Ban Ki-moon, elogiou a iniciativa do\u00a0<a title=\"Catar\" href=\"https:\/\/pt.wikipedia.org\/wiki\/Catar\">Catar<\/a>\u00a0e da fam\u00edlia real do pa\u00eds, um dos maiores incentivadores para a proposta de cria\u00e7\u00e3o do dia, pelos esfor\u00e7os de chamar a aten\u00e7\u00e3o sobre o\u00a0<a title=\"Autismo\" href=\"https:\/\/pt.wikipedia.org\/wiki\/Autismo\">autismo<\/a>.<\/p>\n<p style=\"text-align: justify;\">No evento de\u00a0<a title=\"2010\" href=\"https:\/\/pt.wikipedia.org\/wiki\/2010\">2010<\/a>, a ONU declarou que, segundo especialistas, acredita-se que este transtorno de desenvolvimento atinja cerca de 70 milh\u00f5es de pessoas em todo o mundo, afetando a maneira como esses indiv\u00edduos se comunicam e interagem.<sup id=\"cite_ref-4\" class=\"reference\"><a href=\"https:\/\/pt.wikipedia.org\/wiki\/Dia_Mundial_de_Conscientiza%C3%A7%C3%A3o_do_Autismo#cite_note-4\">[4]<\/a><\/sup><\/p>\n<p style=\"text-align: justify;\">Em\u00a0<a title=\"2011\" href=\"https:\/\/pt.wikipedia.org\/wiki\/2011\">2011<\/a>, o\u00a0<a title=\"Brasil\" href=\"https:\/\/pt.wikipedia.org\/wiki\/Brasil\">Brasil<\/a>\u00a0teve o\u00a0<a title=\"Cristo Redentor\" href=\"https:\/\/pt.wikipedia.org\/wiki\/Cristo_Redentor\">Cristo Redentor<\/a><sup id=\"cite_ref-:0_5-0\" class=\"reference\"><a href=\"https:\/\/pt.wikipedia.org\/wiki\/Dia_Mundial_de_Conscientiza%C3%A7%C3%A3o_do_Autismo#cite_note-:0-5\">[5]<\/a><\/sup>, no\u00a0<a class=\"mw-redirect\" title=\"Rio de Janeiro (cidade)\" href=\"https:\/\/pt.wikipedia.org\/wiki\/Rio_de_Janeiro_(cidade)\">Rio de Janeiro<\/a>, iluminado de azul nos dias\u00a0<a title=\"1 de abril\" href=\"https:\/\/pt.wikipedia.org\/wiki\/1_de_abril\">1<\/a>\u00a0e\u00a0<a title=\"2 de abril\" href=\"https:\/\/pt.wikipedia.org\/wiki\/2_de_abril\">2 de abril<\/a>, al\u00e9m da\u00a0<a title=\"Ponte Oct\u00e1vio Frias de Oliveira\" href=\"https:\/\/pt.wikipedia.org\/wiki\/Ponte_Oct%C3%A1vio_Frias_de_Oliveira\">Ponte Estaiada<\/a>\u00a0em\u00a0<a class=\"mw-redirect\" title=\"S\u00e3o Paulo (cidade)\" href=\"https:\/\/pt.wikipedia.org\/wiki\/S%C3%A3o_Paulo_(cidade)\">S\u00e3o Paulo<\/a><sup id=\"cite_ref-6\" class=\"reference\"><a href=\"https:\/\/pt.wikipedia.org\/wiki\/Dia_Mundial_de_Conscientiza%C3%A7%C3%A3o_do_Autismo#cite_note-6\">[6]<\/a><\/sup>, os pr\u00e9dios do\u00a0<a class=\"mw-redirect\" title=\"Senado Federal\" href=\"https:\/\/pt.wikipedia.org\/wiki\/Senado_Federal\">Senado Federal<\/a>\u00a0e do\u00a0<a class=\"mw-disambig\" title=\"Minist\u00e9rio da Sa\u00fade\" href=\"https:\/\/pt.wikipedia.org\/wiki\/Minist%C3%A9rio_da_Sa%C3%BAde\">Minist\u00e9rio da Sa\u00fade<\/a>\u00a0em\u00a0<a title=\"Bras\u00edlia\" href=\"https:\/\/pt.wikipedia.org\/wiki\/Bras%C3%ADlia\">Bras\u00edlia<\/a><sup id=\"cite_ref-7\" class=\"reference\"><a href=\"https:\/\/pt.wikipedia.org\/wiki\/Dia_Mundial_de_Conscientiza%C3%A7%C3%A3o_do_Autismo#cite_note-7\">[7]<\/a><\/sup>, o\u00a0<a title=\"Teatro Amazonas\" href=\"https:\/\/pt.wikipedia.org\/wiki\/Teatro_Amazonas\">Teatro Amazonas<\/a>\u00a0em\u00a0<a title=\"Manaus\" href=\"https:\/\/pt.wikipedia.org\/wiki\/Manaus\">Manaus<\/a><sup id=\"cite_ref-8\" class=\"reference\"><a href=\"https:\/\/pt.wikipedia.org\/wiki\/Dia_Mundial_de_Conscientiza%C3%A7%C3%A3o_do_Autismo#cite_note-8\">[8]<\/a><\/sup>, a torre da\u00a0<a title=\"Usina do Gas\u00f4metro\" href=\"https:\/\/pt.wikipedia.org\/wiki\/Usina_do_Gas%C3%B4metro\">Usina do Gas\u00f4metro<\/a>, em\u00a0<a title=\"Porto Alegre\" href=\"https:\/\/pt.wikipedia.org\/wiki\/Porto_Alegre\">Porto Alegre<\/a>, entre muitos outros. Em\u00a0<a title=\"Portugal\" href=\"https:\/\/pt.wikipedia.org\/wiki\/Portugal\">Portugal<\/a>, monumentos e pr\u00e9dios, como a\u00a0<a class=\"mw-redirect\" title=\"Torre dos Cl\u00e9rigos\" href=\"https:\/\/pt.wikipedia.org\/wiki\/Torre_dos_Cl%C3%A9rigos\">Torre dos Cl\u00e9rigos<\/a>\u00a0e a\u00a0<a title=\"Santu\u00e1rio Nacional de Cristo Rei\" href=\"https:\/\/pt.wikipedia.org\/wiki\/Santu%C3%A1rio_Nacional_de_Cristo_Rei\">est\u00e1tua do Cristo Rei<\/a>\u00a0em frente a\u00a0<a title=\"Lisboa\" href=\"https:\/\/pt.wikipedia.org\/wiki\/Lisboa\">Lisboa<\/a>\u00a0tamb\u00e9m foram iluminados de azul para a data<sup id=\"cite_ref-9\" class=\"reference\"><a href=\"https:\/\/pt.wikipedia.org\/wiki\/Dia_Mundial_de_Conscientiza%C3%A7%C3%A3o_do_Autismo#cite_note-9\">[9]<\/a><\/sup><sup id=\"cite_ref-10\" class=\"reference\"><a href=\"https:\/\/pt.wikipedia.org\/wiki\/Dia_Mundial_de_Conscientiza%C3%A7%C3%A3o_do_Autismo#cite_note-10\">[10]<\/a><\/sup>.<\/p>\n<p style=\"text-align: justify;\">Desde 2011, o\u00a0<a title=\"Cristo Redentor\" href=\"https:\/\/pt.wikipedia.org\/wiki\/Cristo_Redentor\">Cristo Redentor<\/a><sup id=\"cite_ref-:0_5-1\" class=\"reference\"><a href=\"https:\/\/pt.wikipedia.org\/wiki\/Dia_Mundial_de_Conscientiza%C3%A7%C3%A3o_do_Autismo#cite_note-:0-5\">[5]<\/a><\/sup>, no\u00a0<a class=\"mw-redirect\" title=\"Rio de Janeiro (cidade)\" href=\"https:\/\/pt.wikipedia.org\/wiki\/Rio_de_Janeiro_(cidade)\">Rio de Janeiro<\/a>, vem se iluminando de azul todo ano para a data<sup id=\"cite_ref-11\" class=\"reference\"><a href=\"https:\/\/pt.wikipedia.org\/wiki\/Dia_Mundial_de_Conscientiza%C3%A7%C3%A3o_do_Autismo#cite_note-11\">[11]<\/a><\/sup><sup id=\"cite_ref-12\" class=\"reference\"><a href=\"https:\/\/pt.wikipedia.org\/wiki\/Dia_Mundial_de_Conscientiza%C3%A7%C3%A3o_do_Autismo#cite_note-12\">[12]<\/a><\/sup><sup id=\"cite_ref-:1_13-0\" class=\"reference\"><a href=\"https:\/\/pt.wikipedia.org\/wiki\/Dia_Mundial_de_Conscientiza%C3%A7%C3%A3o_do_Autismo#cite_note-:1-13\">[13]<\/a><\/sup>.<\/p>\n<p style=\"text-align: justify;\">O tema de 2018 da\u00a0<a title=\"Organiza\u00e7\u00e3o das Na\u00e7\u00f5es Unidas\" href=\"https:\/\/pt.wikipedia.org\/wiki\/Organiza%C3%A7%C3%A3o_das_Na%C3%A7%C3%B5es_Unidas\">ONU<\/a>\u00a0para a data foi \u201c<b>Empoderando Mulheres e Meninas com Autismo<\/b>\u201d (\u201c<i>Empowering Women and Girls with Autism<\/i>\u201d, no original em ingl\u00eas).<\/p>\n<p style=\"text-align: justify;\">NO BRASIL: Em 14 de abril de 2018, a ent\u00e3o presidente em exerc\u00edcio do <a title=\"Brasil\" href=\"https:\/\/pt.wikipedia.org\/wiki\/Brasil\">Brasil<\/a>\u00a0e presidente do\u00a0<a title=\"Supremo Tribunal Federal\" href=\"https:\/\/pt.wikipedia.org\/wiki\/Supremo_Tribunal_Federal\">Supremo Tribunal Federal<\/a>, ministra\u00a0<a title=\"C\u00e1rmen L\u00facia\" href=\"https:\/\/pt.wikipedia.org\/wiki\/C%C3%A1rmen_L%C3%BAcia\">C\u00e1rmen L\u00facia<\/a>, sancionou a lei que institui o dia 2 de abril como o Dia Nacional de Conscientiza\u00e7\u00e3o sobre o Autismo.<\/p>\n<p style=\"text-align: justify;\">Fonte: https:\/\/pt.wikipedia.org\/wiki\/Dia_Mundial_de_Conscientiza%C3%A7%C3%A3o_do_Autismo<\/p>\n","protected":false},"excerpt":{"rendered":"<p>O\u00a0Dia Mundial do Autismo, celebrado anualmente em\u00a02 de abril, foi criado pela\u00a0Organiza\u00e7\u00e3o das Na\u00e7\u00f5es Unidas[1]\u00a0em\u00a018 de dezembro\u00a0de\u00a02007[2]\u00a0para a conscientiza\u00e7\u00e3o acerca dessa quest\u00e3o.[3]\u00a0No primeiro evento, em\u00a02 de abril\u00a0de\u00a02008, o Secret\u00e1rio-Geral da ONU, Ban Ki-moon, elogiou a iniciativa do\u00a0Catar\u00a0e da fam\u00edlia real do pa\u00eds, um dos maiores incentivadores para a proposta de cria\u00e7\u00e3o do dia, pelos esfor\u00e7os [&hellip;]<\/p>\n","protected":false},"author":1,"featured_media":22827,"comment_status":"closed","ping_status":"open","sticky":false,"template":"","format":"standard","meta":{"footnotes":""},"categories":[114,110],"tags":[],"class_list":["post-22826","post","type-post","status-publish","format-standard","has-post-thumbnail","hentry","category-geralecomercio","category-noticiasdestaque"],"_links":{"self":[{"href":"https:\/\/jorgezanoni.com.br\/2019\/wp-json\/wp\/v2\/posts\/22826","targetHints":{"allow":["GET"]}}],"collection":[{"href":"https:\/\/jorgezanoni.com.br\/2019\/wp-json\/wp\/v2\/posts"}],"about":[{"href":"https:\/\/jorgezanoni.com.br\/2019\/wp-json\/wp\/v2\/types\/post"}],"author":[{"embeddable":true,"href":"https:\/\/jorgezanoni.com.br\/2019\/wp-json\/wp\/v2\/users\/1"}],"replies":[{"embeddable":true,"href":"https:\/\/jorgezanoni.com.br\/2019\/wp-json\/wp\/v2\/comments?post=22826"}],"version-history":[{"count":0,"href":"https:\/\/jorgezanoni.com.br\/2019\/wp-json\/wp\/v2\/posts\/22826\/revisions"}],"wp:featuredmedia":[{"embeddable":true,"href":"https:\/\/jorgezanoni.com.br\/2019\/wp-json\/wp\/v2\/media\/22827"}],"wp:attachment":[{"href":"https:\/\/jorgezanoni.com.br\/2019\/wp-json\/wp\/v2\/media?parent=22826"}],"wp:term":[{"taxonomy":"category","embeddable":true,"href":"https:\/\/jorgezanoni.com.br\/2019\/wp-json\/wp\/v2\/categories?post=22826"},{"taxonomy":"post_tag","embeddable":true,"href":"https:\/\/jorgezanoni.com.br\/2019\/wp-json\/wp\/v2\/tags?post=22826"}],"curies":[{"name":"wp","href":"https:\/\/api.w.org\/{rel}","templated":true}]}}