{"id":22763,"date":"2020-04-02T00:07:53","date_gmt":"2020-04-02T00:07:53","guid":{"rendered":"https:\/\/jorgezanoni.com.br\/2019\/?p=22763"},"modified":"2020-04-02T00:07:53","modified_gmt":"2020-04-02T00:07:53","slug":"encanador-tem-projeto-para-alimentacao-de-animais-de-rua-e-pede-colaboracao-de-empresarios","status":"publish","type":"post","link":"https:\/\/jorgezanoni.com.br\/2019\/encanador-tem-projeto-para-alimentacao-de-animais-de-rua-e-pede-colaboracao-de-empresarios\/","title":{"rendered":"Encanador tem projeto para alimenta\u00e7\u00e3o de animais de rua e pede colabora\u00e7\u00e3o de empres\u00e1rios"},"content":{"rendered":"<p style=\"text-align: justify;\">O conhecido C\u00e9lio encanador est\u00e1 lan\u00e7ando um projeto in\u00e9dito na cidade de Dracena, para que animais tenham comida e \u00e1gua em alguns estabelecimentos comerciais da cidade. Para tanto pede a colabora\u00e7\u00e3o para quem puder ajudar, ligar para o Cel. 99704-2127 que ele dar\u00e1 maiores explica\u00e7\u00f5es. No v\u00eddeo C\u00e9lio e o empres\u00e1rio Valter Fernandes que j\u00e1 aderiu a id\u00e9ia.<\/p>\n<div style=\"width: 696px;\" class=\"wp-video\"><video class=\"wp-video-shortcode\" id=\"video-22763-1\" width=\"696\" height=\"392\" preload=\"metadata\" controls=\"controls\"><source type=\"video\/mp4\" src=\"https:\/\/jorgezanoni.com.br\/2019\/wp-content\/uploads\/2020\/04\/WhatsApp-Video-2020-03-31-at-20.23.38.mp4?_=1\" \/><a href=\"https:\/\/jorgezanoni.com.br\/2019\/wp-content\/uploads\/2020\/04\/WhatsApp-Video-2020-03-31-at-20.23.38.mp4\">https:\/\/jorgezanoni.com.br\/2019\/wp-content\/uploads\/2020\/04\/WhatsApp-Video-2020-03-31-at-20.23.38.mp4<\/a><\/video><\/div>\n","protected":false},"excerpt":{"rendered":"<p>O conhecido C\u00e9lio encanador est\u00e1 lan\u00e7ando um projeto in\u00e9dito na cidade de Dracena, para que animais tenham comida e \u00e1gua em alguns estabelecimentos comerciais da cidade. Para tanto pede a colabora\u00e7\u00e3o para quem puder ajudar, ligar para o Cel. 99704-2127 que ele dar\u00e1 maiores explica\u00e7\u00f5es. No v\u00eddeo C\u00e9lio e o empres\u00e1rio Valter Fernandes que j\u00e1 [&hellip;]<\/p>\n","protected":false},"author":1,"featured_media":22766,"comment_status":"closed","ping_status":"open","sticky":false,"template":"","format":"video","meta":{"footnotes":""},"categories":[169],"tags":[],"class_list":["post-22763","post","type-post","status-publish","format-video","has-post-thumbnail","hentry","category-videos","post_format-post-format-video"],"_links":{"self":[{"href":"https:\/\/jorgezanoni.com.br\/2019\/wp-json\/wp\/v2\/posts\/22763","targetHints":{"allow":["GET"]}}],"collection":[{"href":"https:\/\/jorgezanoni.com.br\/2019\/wp-json\/wp\/v2\/posts"}],"about":[{"href":"https:\/\/jorgezanoni.com.br\/2019\/wp-json\/wp\/v2\/types\/post"}],"author":[{"embeddable":true,"href":"https:\/\/jorgezanoni.com.br\/2019\/wp-json\/wp\/v2\/users\/1"}],"replies":[{"embeddable":true,"href":"https:\/\/jorgezanoni.com.br\/2019\/wp-json\/wp\/v2\/comments?post=22763"}],"version-history":[{"count":0,"href":"https:\/\/jorgezanoni.com.br\/2019\/wp-json\/wp\/v2\/posts\/22763\/revisions"}],"wp:featuredmedia":[{"embeddable":true,"href":"https:\/\/jorgezanoni.com.br\/2019\/wp-json\/wp\/v2\/media\/22766"}],"wp:attachment":[{"href":"https:\/\/jorgezanoni.com.br\/2019\/wp-json\/wp\/v2\/media?parent=22763"}],"wp:term":[{"taxonomy":"category","embeddable":true,"href":"https:\/\/jorgezanoni.com.br\/2019\/wp-json\/wp\/v2\/categories?post=22763"},{"taxonomy":"post_tag","embeddable":true,"href":"https:\/\/jorgezanoni.com.br\/2019\/wp-json\/wp\/v2\/tags?post=22763"}],"curies":[{"name":"wp","href":"https:\/\/api.w.org\/{rel}","templated":true}]}}