{"id":22756,"date":"2020-04-01T23:00:26","date_gmt":"2020-04-01T23:00:26","guid":{"rendered":"https:\/\/jorgezanoni.com.br\/2019\/?p=22756"},"modified":"2020-04-01T23:00:26","modified_gmt":"2020-04-01T23:00:26","slug":"morre-o-sargento-pm-acassio","status":"publish","type":"post","link":"https:\/\/jorgezanoni.com.br\/2019\/morre-o-sargento-pm-acassio\/","title":{"rendered":"Morre o Sargento PM Ac\u00e1ssio"},"content":{"rendered":"<p style=\"text-align: justify;\">Faleceu no in\u00edcio da noite desta quarta-feira (1), em Pacaembu, aos 51 anos de idade, o policial militar aposentado 3\u00ba Sargento Ac\u00e1ssio Cardoso Roberto.<\/p>\n<p style=\"text-align: justify;\">Ac\u00e1ssio vinha enfrentando problemas de sa\u00fade que o debilitaram ultimamente. Ele estava inconsciente e acamado.<\/p>\n<p style=\"text-align: justify;\">Ele se aposentou em agosto do ano passado, ap\u00f3s prestar quase 27 anos de servi\u00e7os \u00e0 Pol\u00edcia Militar do Estado de S\u00e3o Paulo.<\/p>\n<p style=\"text-align: justify;\">Nossa reportagem falou com o Sargento Ivonildo, comandante do 1\u00ba Pelot\u00e3o de Pacaembu que confirmou o \u00f3bito do pacaembuense e lamentou sua partida.<\/p>\n<p style=\"text-align: justify;\">Casado com a professora Rose Ferraresi, deixa filhos e demais familiares.<\/p>\n<p style=\"text-align: justify;\">O hor\u00e1rio de vel\u00f3rio e sepultamento ser\u00e1 informado posteriormente.<\/p>\n<p style=\"text-align: justify;\">Aos familiares e amigos em luto, as condol\u00eancias e votos de pesar do Site JZ.<\/p>\n<p style=\"text-align: justify;\">Fonte: Folha Regional<\/p>\n","protected":false},"excerpt":{"rendered":"<p>Faleceu no in\u00edcio da noite desta quarta-feira (1), em Pacaembu, aos 51 anos de idade, o policial militar aposentado 3\u00ba Sargento Ac\u00e1ssio Cardoso Roberto. Ac\u00e1ssio vinha enfrentando problemas de sa\u00fade que o debilitaram ultimamente. Ele estava inconsciente e acamado. Ele se aposentou em agosto do ano passado, ap\u00f3s prestar quase 27 anos de servi\u00e7os \u00e0 [&hellip;]<\/p>\n","protected":false},"author":1,"featured_media":22757,"comment_status":"closed","ping_status":"open","sticky":false,"template":"","format":"standard","meta":{"footnotes":""},"categories":[178],"tags":[],"class_list":["post-22756","post","type-post","status-publish","format-standard","has-post-thumbnail","hentry","category-notadefalecimento"],"_links":{"self":[{"href":"https:\/\/jorgezanoni.com.br\/2019\/wp-json\/wp\/v2\/posts\/22756","targetHints":{"allow":["GET"]}}],"collection":[{"href":"https:\/\/jorgezanoni.com.br\/2019\/wp-json\/wp\/v2\/posts"}],"about":[{"href":"https:\/\/jorgezanoni.com.br\/2019\/wp-json\/wp\/v2\/types\/post"}],"author":[{"embeddable":true,"href":"https:\/\/jorgezanoni.com.br\/2019\/wp-json\/wp\/v2\/users\/1"}],"replies":[{"embeddable":true,"href":"https:\/\/jorgezanoni.com.br\/2019\/wp-json\/wp\/v2\/comments?post=22756"}],"version-history":[{"count":0,"href":"https:\/\/jorgezanoni.com.br\/2019\/wp-json\/wp\/v2\/posts\/22756\/revisions"}],"wp:featuredmedia":[{"embeddable":true,"href":"https:\/\/jorgezanoni.com.br\/2019\/wp-json\/wp\/v2\/media\/22757"}],"wp:attachment":[{"href":"https:\/\/jorgezanoni.com.br\/2019\/wp-json\/wp\/v2\/media?parent=22756"}],"wp:term":[{"taxonomy":"category","embeddable":true,"href":"https:\/\/jorgezanoni.com.br\/2019\/wp-json\/wp\/v2\/categories?post=22756"},{"taxonomy":"post_tag","embeddable":true,"href":"https:\/\/jorgezanoni.com.br\/2019\/wp-json\/wp\/v2\/tags?post=22756"}],"curies":[{"name":"wp","href":"https:\/\/api.w.org\/{rel}","templated":true}]}}