{"id":22753,"date":"2020-04-01T22:30:01","date_gmt":"2020-04-01T22:30:01","guid":{"rendered":"https:\/\/jorgezanoni.com.br\/2019\/?p=22753"},"modified":"2020-04-01T22:30:01","modified_gmt":"2020-04-01T22:30:01","slug":"feira-livre-de-dracena-aconteceu-hoje-com-restricoes-porem-muitos-idosos-foram-vistos-pelo-local","status":"publish","type":"post","link":"https:\/\/jorgezanoni.com.br\/2019\/feira-livre-de-dracena-aconteceu-hoje-com-restricoes-porem-muitos-idosos-foram-vistos-pelo-local\/","title":{"rendered":"Feira livre de Dracena aconteceu hoje com restri\u00e7\u00f5es, por\u00e9m muitos idosos foram vistos pelo local"},"content":{"rendered":"<div id=\"fb-root\"><\/div>\n<p><script async=\"1\" defer=\"1\" crossorigin=\"anonymous\" src=\"https:\/\/connect.facebook.net\/en_US\/sdk.js#xfbml=1&amp;version=v6.0\"><\/script><\/p>\n<div class=\"fb-video\" data-href=\"https:\/\/www.facebook.com\/jorgezanonidracena\/videos\/250015022702907\/\" data-width=\"696\">\n<blockquote cite=\"https:\/\/www.facebook.com\/jorgezanonidracena\/videos\/250015022702907\/\" class=\"fb-xfbml-parse-ignore\"><p><a href=\"https:\/\/www.facebook.com\/jorgezanonidracena\/videos\/250015022702907\/\">Feira livre de Dracena aconteceu hoje com restri\u00e7\u00f5es, por\u00e9m muitos idosos foram vistos pelo local<\/a><\/p>\n<p>Feira livre de Dracena aconteceu hoje com restri\u00e7\u00f5es, por\u00e9m muitos idosos foram vistos pelo local.<\/p>\n<p>Posted by <a href=\"https:\/\/www.facebook.com\/jorgezanonidracena\/\">Jorge Zanoni<\/a> on Wednesday, April 1, 2020<\/p><\/blockquote>\n<\/div>\n","protected":false},"excerpt":{"rendered":"<p>Feira livre de Dracena aconteceu hoje com restri\u00e7\u00f5es, por\u00e9m muitos idosos foram vistos pelo local Feira livre de Dracena aconteceu hoje com restri\u00e7\u00f5es, por\u00e9m muitos idosos foram vistos pelo local. Posted by Jorge Zanoni on Wednesday, April 1, 2020<\/p>\n","protected":false},"author":1,"featured_media":22754,"comment_status":"closed","ping_status":"open","sticky":false,"template":"","format":"video","meta":{"footnotes":""},"categories":[179,184,110,169],"tags":[],"class_list":["post-22753","post","type-post","status-publish","format-video","has-post-thumbnail","hentry","category-cidadeseregiao","category-dracena","category-noticiasdestaque","category-videos","post_format-post-format-video"],"_links":{"self":[{"href":"https:\/\/jorgezanoni.com.br\/2019\/wp-json\/wp\/v2\/posts\/22753","targetHints":{"allow":["GET"]}}],"collection":[{"href":"https:\/\/jorgezanoni.com.br\/2019\/wp-json\/wp\/v2\/posts"}],"about":[{"href":"https:\/\/jorgezanoni.com.br\/2019\/wp-json\/wp\/v2\/types\/post"}],"author":[{"embeddable":true,"href":"https:\/\/jorgezanoni.com.br\/2019\/wp-json\/wp\/v2\/users\/1"}],"replies":[{"embeddable":true,"href":"https:\/\/jorgezanoni.com.br\/2019\/wp-json\/wp\/v2\/comments?post=22753"}],"version-history":[{"count":0,"href":"https:\/\/jorgezanoni.com.br\/2019\/wp-json\/wp\/v2\/posts\/22753\/revisions"}],"wp:featuredmedia":[{"embeddable":true,"href":"https:\/\/jorgezanoni.com.br\/2019\/wp-json\/wp\/v2\/media\/22754"}],"wp:attachment":[{"href":"https:\/\/jorgezanoni.com.br\/2019\/wp-json\/wp\/v2\/media?parent=22753"}],"wp:term":[{"taxonomy":"category","embeddable":true,"href":"https:\/\/jorgezanoni.com.br\/2019\/wp-json\/wp\/v2\/categories?post=22753"},{"taxonomy":"post_tag","embeddable":true,"href":"https:\/\/jorgezanoni.com.br\/2019\/wp-json\/wp\/v2\/tags?post=22753"}],"curies":[{"name":"wp","href":"https:\/\/api.w.org\/{rel}","templated":true}]}}