{"id":22747,"date":"2020-04-01T22:14:24","date_gmt":"2020-04-01T22:14:24","guid":{"rendered":"https:\/\/jorgezanoni.com.br\/2019\/?p=22747"},"modified":"2020-04-01T22:18:45","modified_gmt":"2020-04-01T22:18:45","slug":"cacambas-pertencentes-a-prefeitura-estao-abandonadas-no-recinto-da-fapidra","status":"publish","type":"post","link":"https:\/\/jorgezanoni.com.br\/2019\/cacambas-pertencentes-a-prefeitura-estao-abandonadas-no-recinto-da-fapidra\/","title":{"rendered":"Ca\u00e7ambas pertencentes a Prefeitura est\u00e3o abandonadas no recinto da Fapidra"},"content":{"rendered":"<div id=\"fb-root\"><\/div>\n<p><script async=\"1\" defer=\"1\" crossorigin=\"anonymous\" src=\"https:\/\/connect.facebook.net\/en_US\/sdk.js#xfbml=1&amp;version=v6.0\"><\/script><\/p>\n<div class=\"fb-video\" data-href=\"https:\/\/www.facebook.com\/jorgezanonidracena\/videos\/1348964988623179\/\" data-width=\"696\">\n<blockquote cite=\"https:\/\/www.facebook.com\/jorgezanonidracena\/videos\/1348964988623179\/\" class=\"fb-xfbml-parse-ignore\"><p><a href=\"https:\/\/www.facebook.com\/jorgezanonidracena\/videos\/1348964988623179\/\">Ca\u00e7ambas pertencentes a Prefeitura est\u00e3o abandonadas no recinto da Fapidra<\/a><\/p>\n<p>Ca\u00e7ambas pertencentes a Prefeitura est\u00e3o abandonadas no recinto da Fapidra<\/p>\n<p>Posted by <a href=\"https:\/\/www.facebook.com\/jorgezanonidracena\/\">Jorge Zanoni<\/a> on Wednesday, April 1, 2020<\/p><\/blockquote>\n<\/div>\n<p><img loading=\"lazy\" decoding=\"async\" class=\"alignnone size-full wp-image-22748\" src=\"https:\/\/jorgezanoni.com.br\/2019\/wp-content\/uploads\/2020\/04\/ca\u00e7amba.jpg\" alt=\"\" width=\"1280\" height=\"720\" srcset=\"https:\/\/jorgezanoni.com.br\/2019\/wp-content\/uploads\/2020\/04\/ca\u00e7amba.jpg 1280w, https:\/\/jorgezanoni.com.br\/2019\/wp-content\/uploads\/2020\/04\/ca\u00e7amba-300x169.jpg 300w, https:\/\/jorgezanoni.com.br\/2019\/wp-content\/uploads\/2020\/04\/ca\u00e7amba-1024x576.jpg 1024w, https:\/\/jorgezanoni.com.br\/2019\/wp-content\/uploads\/2020\/04\/ca\u00e7amba-768x432.jpg 768w, https:\/\/jorgezanoni.com.br\/2019\/wp-content\/uploads\/2020\/04\/ca\u00e7amba-696x392.jpg 696w, https:\/\/jorgezanoni.com.br\/2019\/wp-content\/uploads\/2020\/04\/ca\u00e7amba-1068x601.jpg 1068w, https:\/\/jorgezanoni.com.br\/2019\/wp-content\/uploads\/2020\/04\/ca\u00e7amba-747x420.jpg 747w\" sizes=\"auto, (max-width: 1280px) 100vw, 1280px\" \/> <img loading=\"lazy\" decoding=\"async\" class=\"alignnone size-full wp-image-22750\" src=\"https:\/\/jorgezanoni.com.br\/2019\/wp-content\/uploads\/2020\/04\/ca\u00e7amba2.jpg\" alt=\"\" width=\"1280\" height=\"720\" srcset=\"https:\/\/jorgezanoni.com.br\/2019\/wp-content\/uploads\/2020\/04\/ca\u00e7amba2.jpg 1280w, https:\/\/jorgezanoni.com.br\/2019\/wp-content\/uploads\/2020\/04\/ca\u00e7amba2-300x169.jpg 300w, https:\/\/jorgezanoni.com.br\/2019\/wp-content\/uploads\/2020\/04\/ca\u00e7amba2-1024x576.jpg 1024w, https:\/\/jorgezanoni.com.br\/2019\/wp-content\/uploads\/2020\/04\/ca\u00e7amba2-768x432.jpg 768w, https:\/\/jorgezanoni.com.br\/2019\/wp-content\/uploads\/2020\/04\/ca\u00e7amba2-696x392.jpg 696w, https:\/\/jorgezanoni.com.br\/2019\/wp-content\/uploads\/2020\/04\/ca\u00e7amba2-1068x601.jpg 1068w, https:\/\/jorgezanoni.com.br\/2019\/wp-content\/uploads\/2020\/04\/ca\u00e7amba2-747x420.jpg 747w\" sizes=\"auto, (max-width: 1280px) 100vw, 1280px\" \/> <img loading=\"lazy\" decoding=\"async\" class=\"alignnone size-full wp-image-22751\" src=\"https:\/\/jorgezanoni.com.br\/2019\/wp-content\/uploads\/2020\/04\/ca\u00e7amba3.jpg\" alt=\"\" width=\"1280\" height=\"720\" srcset=\"https:\/\/jorgezanoni.com.br\/2019\/wp-content\/uploads\/2020\/04\/ca\u00e7amba3.jpg 1280w, https:\/\/jorgezanoni.com.br\/2019\/wp-content\/uploads\/2020\/04\/ca\u00e7amba3-300x169.jpg 300w, https:\/\/jorgezanoni.com.br\/2019\/wp-content\/uploads\/2020\/04\/ca\u00e7amba3-1024x576.jpg 1024w, https:\/\/jorgezanoni.com.br\/2019\/wp-content\/uploads\/2020\/04\/ca\u00e7amba3-768x432.jpg 768w, https:\/\/jorgezanoni.com.br\/2019\/wp-content\/uploads\/2020\/04\/ca\u00e7amba3-696x392.jpg 696w, https:\/\/jorgezanoni.com.br\/2019\/wp-content\/uploads\/2020\/04\/ca\u00e7amba3-1068x601.jpg 1068w, https:\/\/jorgezanoni.com.br\/2019\/wp-content\/uploads\/2020\/04\/ca\u00e7amba3-747x420.jpg 747w\" sizes=\"auto, (max-width: 1280px) 100vw, 1280px\" \/><\/p>\n<p>Fotos de Internauta<\/p>\n","protected":false},"excerpt":{"rendered":"<p>Ca\u00e7ambas pertencentes a Prefeitura est\u00e3o abandonadas no recinto da Fapidra Ca\u00e7ambas pertencentes a Prefeitura est\u00e3o abandonadas no recinto da Fapidra Posted by Jorge Zanoni on Wednesday, April 1, 2020 Fotos de Internauta<\/p>\n","protected":false},"author":1,"featured_media":22749,"comment_status":"closed","ping_status":"open","sticky":false,"template":"","format":"video","meta":{"footnotes":""},"categories":[179,184,110,169],"tags":[],"class_list":["post-22747","post","type-post","status-publish","format-video","has-post-thumbnail","hentry","category-cidadeseregiao","category-dracena","category-noticiasdestaque","category-videos","post_format-post-format-video"],"_links":{"self":[{"href":"https:\/\/jorgezanoni.com.br\/2019\/wp-json\/wp\/v2\/posts\/22747","targetHints":{"allow":["GET"]}}],"collection":[{"href":"https:\/\/jorgezanoni.com.br\/2019\/wp-json\/wp\/v2\/posts"}],"about":[{"href":"https:\/\/jorgezanoni.com.br\/2019\/wp-json\/wp\/v2\/types\/post"}],"author":[{"embeddable":true,"href":"https:\/\/jorgezanoni.com.br\/2019\/wp-json\/wp\/v2\/users\/1"}],"replies":[{"embeddable":true,"href":"https:\/\/jorgezanoni.com.br\/2019\/wp-json\/wp\/v2\/comments?post=22747"}],"version-history":[{"count":0,"href":"https:\/\/jorgezanoni.com.br\/2019\/wp-json\/wp\/v2\/posts\/22747\/revisions"}],"wp:featuredmedia":[{"embeddable":true,"href":"https:\/\/jorgezanoni.com.br\/2019\/wp-json\/wp\/v2\/media\/22749"}],"wp:attachment":[{"href":"https:\/\/jorgezanoni.com.br\/2019\/wp-json\/wp\/v2\/media?parent=22747"}],"wp:term":[{"taxonomy":"category","embeddable":true,"href":"https:\/\/jorgezanoni.com.br\/2019\/wp-json\/wp\/v2\/categories?post=22747"},{"taxonomy":"post_tag","embeddable":true,"href":"https:\/\/jorgezanoni.com.br\/2019\/wp-json\/wp\/v2\/tags?post=22747"}],"curies":[{"name":"wp","href":"https:\/\/api.w.org\/{rel}","templated":true}]}}