{"id":22744,"date":"2020-04-01T17:16:28","date_gmt":"2020-04-01T17:16:28","guid":{"rendered":"https:\/\/jorgezanoni.com.br\/2019\/?p=22744"},"modified":"2020-04-01T17:16:28","modified_gmt":"2020-04-01T17:16:28","slug":"o-pais-do-faz-de-conta-em-tempo-de-bozzonaro","status":"publish","type":"post","link":"https:\/\/jorgezanoni.com.br\/2019\/o-pais-do-faz-de-conta-em-tempo-de-bozzonaro\/","title":{"rendered":"O &#8220;Pa\u00eds do faz de conta&#8221; em tempo de Bozzonaro&#8230;"},"content":{"rendered":"<p style=\"text-align: justify;\"><strong>O \u201cPA\u00cdS DO FAZ DE CONTA\u201d EM TEMPO DE BOZZONARO&#8230;<\/strong><\/p>\n<p style=\"text-align: justify;\"><em>\u201cOs que vencem, n\u00e3o importa como ven\u00e7am, nunca conquistam a vergonha.\u201d (Maquiavel)<\/em><\/p>\n<p style=\"text-align: justify;\"><strong><em>S\u00e9rgio Barbosa (*)<\/em><\/strong><\/p>\n<p style=\"text-align: justify;\">N\u00e3o sei ao certo, por\u00e9m, nestas \u00faltimas duas semanas, recebi diversas solicita\u00e7\u00f5es de pauta para os meus artigos e tudo mais em meio ao tudo de menos&#8230;<\/p>\n<p style=\"text-align: justify;\">Acredito que o momento est\u00e1 mais do que complicado para todos\/as em meio aos desencontros com a PANDEMIA existente, todavia, entendo que cada qual deve saber das suas escolhas, entretanto, faz-se necess\u00e1rio seguir as orienta\u00e7\u00f5es m\u00e9dicas e do poder p\u00fablico em todas as esferas&#8230;<\/p>\n<p style=\"text-align: justify;\">O cen\u00e1rio neste PA\u00cdS DO FAZ DE CONTA n\u00e3o \u00e9 saud\u00e1vel em nenhuma das alternativas, tendo em vista que o tal do Presidente mais atrapalha do que ajuda em alguma COISA deste mesmo COISO&#8230;<\/p>\n<p style=\"text-align: justify;\">Outros dizem que n\u00e3o se pode ficar martelando nos fatos e tudo de menos, al\u00e9m do mais em meio ao tudo de menos, afirmou o pensador do outro tempo, a saber: \u201cs\u00f3 sei que nada sei\u201d&#8230;<\/p>\n<p style=\"text-align: justify;\">Para uma aproxima\u00e7\u00e3o com a realidade atual, torna-se necess\u00e1rio fazer uma AN\u00c1LISE DE CONJUNTURA que tem que ser mediada pelas quest\u00f5es hist\u00f3ricas e sanit\u00e1rias deste PA\u00cdS DO FAZ DE CONTA&#8230;<\/p>\n<p style=\"text-align: justify;\">O contexto REGIONAL est\u00e1 al\u00e9m das suas possibilidades para dar conta do recado, desta forma, a responsabilidade fica por conta da sociedade que apresenta um cen\u00e1rio plural em todas as quest\u00f5es relacionadas com a denominada PREVEN\u00c7\u00c3O&#8230;<\/p>\n<p style=\"text-align: justify;\">Por\u00e9m, como sempre, n\u00e3o se pode exigir aquilo que n\u00e3o se pode ter neste contexto beirando ao CAOS, por\u00e9m, por outro lado alguma COISA deste COISO pode fazer a diferen\u00e7a para a sociedade&#8230;<\/p>\n<p style=\"text-align: justify;\">Escreveu o Poeta do outro tempo que \u201cnada \u00e9 para sempre\u201d, portanto, faz-se necess\u00e1rio acreditar que deste \u201cmau agouro\u201d predominado pelos desencontros em todas as \u00e1reas e patrocinados pelo tal de BOZZONARO, alguma sa\u00edda possa ocorrer de um jeito ou de outro&#8230;<\/p>\n<p style=\"text-align: justify;\">O momento atual traz muitas incertezas para todos os lados, haja vista os interesses econ\u00f4micos e pol\u00edticos que est\u00e3o acima do BEM ESTAR SOCIAL em tempo de p\u00f3s-globaliza\u00e7\u00e3o organizacional&#8230;<\/p>\n<p style=\"text-align: justify;\">Espera-se que a tal JUSTI\u00c7A que se prop\u00f5e a ser a GUARDI\u00c3 da sociedade, \u00a0possa estar sintonizada com as prerrogativas deste cen\u00e1rio mais do que complicado para o PA\u00cdS DO FAZ DE CONTA&#8230;<\/p>\n<p style=\"text-align: justify;\">Tais considera\u00e7\u00f5es s\u00e3o necess\u00e1rias em fun\u00e7\u00e3o dos desencontros das informa\u00e7\u00f5es que circulam nas denominadas REDES SOCIAIS por meio de fontes duvidosas e amparadas pelos FAKE NEWS que est\u00e3o sempre defendendo interesses pessoais ou corporativos&#8230;<\/p>\n<p style=\"text-align: justify;\"><strong><em>________________________<\/em><\/strong><\/p>\n<p style=\"text-align: justify;\"><strong><em>(*) jornalista diplomado e professor universit\u00e1rio.<\/em><\/strong><\/p>\n<p><strong>NOTA: Os ARTIGOS publicados s\u00e3o de inteira responsabilidade de seus autores.<\/strong><\/p>\n","protected":false},"excerpt":{"rendered":"<p>O \u201cPA\u00cdS DO FAZ DE CONTA\u201d EM TEMPO DE BOZZONARO&#8230; \u201cOs que vencem, n\u00e3o importa como ven\u00e7am, nunca conquistam a vergonha.\u201d (Maquiavel) S\u00e9rgio Barbosa (*) N\u00e3o sei ao certo, por\u00e9m, nestas \u00faltimas duas semanas, recebi diversas solicita\u00e7\u00f5es de pauta para os meus artigos e tudo mais em meio ao tudo de menos&#8230; Acredito que o [&hellip;]<\/p>\n","protected":false},"author":1,"featured_media":22745,"comment_status":"closed","ping_status":"open","sticky":false,"template":"","format":"standard","meta":{"footnotes":""},"categories":[175],"tags":[],"class_list":["post-22744","post","type-post","status-publish","format-standard","has-post-thumbnail","hentry","category-artigos"],"_links":{"self":[{"href":"https:\/\/jorgezanoni.com.br\/2019\/wp-json\/wp\/v2\/posts\/22744","targetHints":{"allow":["GET"]}}],"collection":[{"href":"https:\/\/jorgezanoni.com.br\/2019\/wp-json\/wp\/v2\/posts"}],"about":[{"href":"https:\/\/jorgezanoni.com.br\/2019\/wp-json\/wp\/v2\/types\/post"}],"author":[{"embeddable":true,"href":"https:\/\/jorgezanoni.com.br\/2019\/wp-json\/wp\/v2\/users\/1"}],"replies":[{"embeddable":true,"href":"https:\/\/jorgezanoni.com.br\/2019\/wp-json\/wp\/v2\/comments?post=22744"}],"version-history":[{"count":0,"href":"https:\/\/jorgezanoni.com.br\/2019\/wp-json\/wp\/v2\/posts\/22744\/revisions"}],"wp:featuredmedia":[{"embeddable":true,"href":"https:\/\/jorgezanoni.com.br\/2019\/wp-json\/wp\/v2\/media\/22745"}],"wp:attachment":[{"href":"https:\/\/jorgezanoni.com.br\/2019\/wp-json\/wp\/v2\/media?parent=22744"}],"wp:term":[{"taxonomy":"category","embeddable":true,"href":"https:\/\/jorgezanoni.com.br\/2019\/wp-json\/wp\/v2\/categories?post=22744"},{"taxonomy":"post_tag","embeddable":true,"href":"https:\/\/jorgezanoni.com.br\/2019\/wp-json\/wp\/v2\/tags?post=22744"}],"curies":[{"name":"wp","href":"https:\/\/api.w.org\/{rel}","templated":true}]}}