{"id":22739,"date":"2020-04-01T14:58:45","date_gmt":"2020-04-01T14:58:45","guid":{"rendered":"https:\/\/jorgezanoni.com.br\/2019\/?p=22739"},"modified":"2020-04-01T15:14:40","modified_gmt":"2020-04-01T15:14:40","slug":"dracena-confirma-primeiro-caso-positivo-de-coronavirus","status":"publish","type":"post","link":"https:\/\/jorgezanoni.com.br\/2019\/dracena-confirma-primeiro-caso-positivo-de-coronavirus\/","title":{"rendered":"Dracena confirma primeiro caso positivo de Coronav\u00edrus"},"content":{"rendered":"<p style=\"text-align: justify;\">A Prefeitura Municipal de Dracena, juntamente com a Santa Casa de Dracena, atrav\u00e9s do Gabinete do Prefeito Municipal, confirma o primeiro caso de COVID-19 positivo no Munic\u00edpio. A Prefeitura Municipal informa que foi feito Exame PCR para detec\u00e7\u00e3o do v\u00edrus SARS-CoV-2 junto ao Laborat\u00f3rio Hermes Pardini e hoje, 1\u00ba de Abril, quarta-feira, foi informado do resultado positivo do exame. A Prefeitu<span class=\"text_exposed_show\">ra informa que ainda espera o resultado de segundo exame feito junto ao Laborat\u00f3rio Adolfo Lutz.<\/span><\/p>\n<div class=\"text_exposed_show\">\n<p style=\"text-align: justify;\">O paciente de 64 anos \u00e9 residente de Dracena e com hist\u00f3rico de viagem, e encontra-se atualmente internado no leito de isolamento da UTI da Santa Casa de Dracena.<\/p>\n<p style=\"text-align: justify;\">Com a confirma\u00e7\u00e3o do primeiro caso positivo do COVID-19, a Vigil\u00e2ncia Epidemiol\u00f3gica intensificar\u00e1 as medidas de conten\u00e7\u00e3o no combate ao novo Coronav\u00edrus, inclusive tomando as medidas junto \u00e0 fam\u00edlia do paciente, que j\u00e1 est\u00e1 ciente do quadro.<\/p>\n<p style=\"text-align: justify;\">O Prefeito, pede a colabora\u00e7\u00e3o de toda a popula\u00e7\u00e3o para seguir com rigor a todas as recomenda\u00e7\u00f5es dadas pela OMS, Minist\u00e9rio da Sa\u00fade, Secretaria Estadual de Sa\u00fade e Secretaria Municipal de Sa\u00fade.<\/p>\n<p style=\"text-align: justify;\">Fonte: Diretoria de Comunica\u00e7\u00e3o<br \/>\nPrefeitura de Dracena<\/p>\n<\/div>\n","protected":false},"excerpt":{"rendered":"<p>A Prefeitura Municipal de Dracena, juntamente com a Santa Casa de Dracena, atrav\u00e9s do Gabinete do Prefeito Municipal, confirma o primeiro caso de COVID-19 positivo no Munic\u00edpio. A Prefeitura Municipal informa que foi feito Exame PCR para detec\u00e7\u00e3o do v\u00edrus SARS-CoV-2 junto ao Laborat\u00f3rio Hermes Pardini e hoje, 1\u00ba de Abril, quarta-feira, foi informado do [&hellip;]<\/p>\n","protected":false},"author":1,"featured_media":22740,"comment_status":"closed","ping_status":"open","sticky":false,"template":"","format":"standard","meta":{"footnotes":""},"categories":[179,184,110],"tags":[],"class_list":["post-22739","post","type-post","status-publish","format-standard","has-post-thumbnail","hentry","category-cidadeseregiao","category-dracena","category-noticiasdestaque"],"_links":{"self":[{"href":"https:\/\/jorgezanoni.com.br\/2019\/wp-json\/wp\/v2\/posts\/22739","targetHints":{"allow":["GET"]}}],"collection":[{"href":"https:\/\/jorgezanoni.com.br\/2019\/wp-json\/wp\/v2\/posts"}],"about":[{"href":"https:\/\/jorgezanoni.com.br\/2019\/wp-json\/wp\/v2\/types\/post"}],"author":[{"embeddable":true,"href":"https:\/\/jorgezanoni.com.br\/2019\/wp-json\/wp\/v2\/users\/1"}],"replies":[{"embeddable":true,"href":"https:\/\/jorgezanoni.com.br\/2019\/wp-json\/wp\/v2\/comments?post=22739"}],"version-history":[{"count":0,"href":"https:\/\/jorgezanoni.com.br\/2019\/wp-json\/wp\/v2\/posts\/22739\/revisions"}],"wp:featuredmedia":[{"embeddable":true,"href":"https:\/\/jorgezanoni.com.br\/2019\/wp-json\/wp\/v2\/media\/22740"}],"wp:attachment":[{"href":"https:\/\/jorgezanoni.com.br\/2019\/wp-json\/wp\/v2\/media?parent=22739"}],"wp:term":[{"taxonomy":"category","embeddable":true,"href":"https:\/\/jorgezanoni.com.br\/2019\/wp-json\/wp\/v2\/categories?post=22739"},{"taxonomy":"post_tag","embeddable":true,"href":"https:\/\/jorgezanoni.com.br\/2019\/wp-json\/wp\/v2\/tags?post=22739"}],"curies":[{"name":"wp","href":"https:\/\/api.w.org\/{rel}","templated":true}]}}