{"id":22733,"date":"2020-04-01T14:29:46","date_gmt":"2020-04-01T14:29:46","guid":{"rendered":"https:\/\/jorgezanoni.com.br\/2019\/?p=22733"},"modified":"2020-04-01T14:29:46","modified_gmt":"2020-04-01T14:29:46","slug":"tres-lagoas-confirma-primeiro-caso-de-coronavirus","status":"publish","type":"post","link":"https:\/\/jorgezanoni.com.br\/2019\/tres-lagoas-confirma-primeiro-caso-de-coronavirus\/","title":{"rendered":"Tr\u00eas Lagoas confirma primeiro caso de coronav\u00edrus"},"content":{"rendered":"<h2 class=\"post-subtitle\" style=\"text-align: justify;\"><strong>Homem de 53 anos deu entrada em hospital no s\u00e1bado.<\/strong><\/h2>\n<p style=\"text-align: justify;\">O munic\u00edpio de Tr\u00eas Lagoas, a 330 km de Campo Grande, afirmou nesta quarta-feira (1\u00ba) que teve o primeiro caso confirmado de covid-19, causada pelo novo coronav\u00edrus.<\/p>\n<p style=\"text-align: justify;\">De acordo com o prefeito Angelo Guerreiro, que fez uma transmiss\u00e3o ao vivo nesta manh\u00e3, o paciente tem 53 anos, \u00e9 do sexo masculino e manifestou os primeiros sintomas na quarta-feira da semana passada (25). No s\u00e1bado, o homem foi internado.<\/p>\n<p style=\"text-align: justify;\">O paciente tem quadro est\u00e1vel e sente falta de ar moderada, mas sem necessidade de respirador. Ele n\u00e3o tem hist\u00f3rico de viagem para \u00e1reas de alerta, o que refor\u00e7a a necessidade de quarentena, devido \u00e0 transmiss\u00e3o comunit\u00e1ria.<\/p>\n<p style=\"text-align: justify;\">De acordo com o munic\u00edpio, a confirma\u00e7\u00e3o veio nesta madrugada. A partir de agora, a fam\u00edlia do paciente, que j\u00e1 estaria em isolamento, ser\u00e1 monitorada.<\/p>\n<p style=\"text-align: justify;\">Na tarde da ter\u00e7a-feira (31 de mar\u00e7o), o Estado teve o\u00a0<a href=\"https:\/\/www.midiamax.com.br\/cotidiano\/2020\/morre-primeira-vitima-do-coronavirus-em-mato-grosso-do-sul\"><strong>primeiro \u00f3bito por covid-19 confirmado<\/strong><\/a>. Segundo a SES (Secretaria de Estado de Sa\u00fade),\u00a0<a href=\"https:\/\/www.midiamax.com.br\/cotidiano\/2020\/com-1-obito-registrado-casos-sobem-e-ms-possui-48-confirmados-de-coronavirus\"><strong>j\u00e1 s\u00e3o 48 casos confirmados em MS<\/strong><\/a>, 38 casos ainda em investiga\u00e7\u00e3o e 554 notifica\u00e7\u00f5es, dos quais 457 foram descartados e outros 11 exclu\u00eddos.<\/p>\n<p style=\"text-align: justify;\">Fonte: https:\/\/www.midiamax.com.br\/<\/p>\n","protected":false},"excerpt":{"rendered":"<p>Homem de 53 anos deu entrada em hospital no s\u00e1bado. O munic\u00edpio de Tr\u00eas Lagoas, a 330 km de Campo Grande, afirmou nesta quarta-feira (1\u00ba) que teve o primeiro caso confirmado de covid-19, causada pelo novo coronav\u00edrus. De acordo com o prefeito Angelo Guerreiro, que fez uma transmiss\u00e3o ao vivo nesta manh\u00e3, o paciente tem [&hellip;]<\/p>\n","protected":false},"author":1,"featured_media":22734,"comment_status":"closed","ping_status":"open","sticky":false,"template":"","format":"standard","meta":{"footnotes":""},"categories":[114,110],"tags":[],"class_list":["post-22733","post","type-post","status-publish","format-standard","has-post-thumbnail","hentry","category-geralecomercio","category-noticiasdestaque"],"_links":{"self":[{"href":"https:\/\/jorgezanoni.com.br\/2019\/wp-json\/wp\/v2\/posts\/22733","targetHints":{"allow":["GET"]}}],"collection":[{"href":"https:\/\/jorgezanoni.com.br\/2019\/wp-json\/wp\/v2\/posts"}],"about":[{"href":"https:\/\/jorgezanoni.com.br\/2019\/wp-json\/wp\/v2\/types\/post"}],"author":[{"embeddable":true,"href":"https:\/\/jorgezanoni.com.br\/2019\/wp-json\/wp\/v2\/users\/1"}],"replies":[{"embeddable":true,"href":"https:\/\/jorgezanoni.com.br\/2019\/wp-json\/wp\/v2\/comments?post=22733"}],"version-history":[{"count":0,"href":"https:\/\/jorgezanoni.com.br\/2019\/wp-json\/wp\/v2\/posts\/22733\/revisions"}],"wp:featuredmedia":[{"embeddable":true,"href":"https:\/\/jorgezanoni.com.br\/2019\/wp-json\/wp\/v2\/media\/22734"}],"wp:attachment":[{"href":"https:\/\/jorgezanoni.com.br\/2019\/wp-json\/wp\/v2\/media?parent=22733"}],"wp:term":[{"taxonomy":"category","embeddable":true,"href":"https:\/\/jorgezanoni.com.br\/2019\/wp-json\/wp\/v2\/categories?post=22733"},{"taxonomy":"post_tag","embeddable":true,"href":"https:\/\/jorgezanoni.com.br\/2019\/wp-json\/wp\/v2\/tags?post=22733"}],"curies":[{"name":"wp","href":"https:\/\/api.w.org\/{rel}","templated":true}]}}