{"id":22730,"date":"2020-04-01T14:12:54","date_gmt":"2020-04-01T14:12:54","guid":{"rendered":"https:\/\/jorgezanoni.com.br\/2019\/?p=22730"},"modified":"2020-04-01T14:12:54","modified_gmt":"2020-04-01T14:12:54","slug":"morre-aos-77-anos-o-ex-prefeito-de-adamantina-sergio-seixas","status":"publish","type":"post","link":"https:\/\/jorgezanoni.com.br\/2019\/morre-aos-77-anos-o-ex-prefeito-de-adamantina-sergio-seixas\/","title":{"rendered":"Morre aos 77 anos o ex-prefeito de Adamantina S\u00e9rgio Seixas"},"content":{"rendered":"<p style=\"text-align: justify;\">Adamantina se despede do seu ex-prefeito S\u00e9rgio Gabriel Seixas aos 77 anos de idade.<\/p>\n<p style=\"text-align: justify;\">Ele estava hospitalizado na Santa Casa de Miseric\u00f3rdia e faleceu na noite desta ter\u00e7a-feira (31). Ele estava hospitalizado na Santa Casa de Adamantina.<\/p>\n<p style=\"text-align: justify;\">S\u00e9rgio Seixas foi o nono prefeito da Cidade Joia e exerceu seu mandato de 1 de fevereiro de 1983 a 31 de dezembro de 1988, sendo marcada por grandes realiza\u00e7\u00f5es.<\/p>\n<p style=\"text-align: justify;\">Formado em engenharia, foi o respons\u00e1vel direto por v\u00e1rias obras de urbaniza\u00e7\u00e3o e infraestrutura em Adamantina, principalmente na periferia como no Jardim Brasil, al\u00e9m de importantes a\u00e7\u00f5es como a implanta\u00e7\u00e3o do Fundo Social de Solidariedade na Cidade Joia; Servi\u00e7o de Agricultura na Prefeitura (hoje Secretaria Municipal de Agricultura e Abastecimento); o CEMA II e CEMA III; desapropria\u00e7\u00e3o da \u00e1rea do Jardim Adamantina onde foi constru\u00edda a Escola Municipal Eurico Leite de Moraes; doa\u00e7\u00e3o da \u00e1rea para a constru\u00e7\u00e3o da sede da Associa\u00e7\u00e3o Antialco\u00f3lica de Adamantina; firmou conv\u00eanio com a Secretaria de Agricultura do Estado de S\u00e3o Paulo para a instala\u00e7\u00e3o da Esta\u00e7\u00e3o Experimental (hoje Polo da Ag\u00eancia Paulista de Tecnologia do Agroneg\u00f3cio \u2013 APTA), criou a R\u00e1dio Cultura FM; firmou conv\u00eanios com as prefeituras vizinhas de Fl\u00f3rida Paulista e Luc\u00e9lia para a instala\u00e7\u00e3o da usina de lixo; iniciou a forma\u00e7\u00e3o da Banda Marcial; instituiu o Arquivo Hist\u00f3rico Municipal; formalizou a doa\u00e7\u00e3o de \u00e1reas de terras \u00e0 LBA para a constru\u00e7\u00e3o da sede do Centro de Conviv\u00eancia dos Idosos (CCI) e a creche do Jardim Tipuanas; concluiu as obras do Terminal Rodovi\u00e1rio de Adamantina; desapropriou e urbanizou o p\u00e1tio da Feira Livre e instalou a Padaria Municipal, al\u00e9m de outras benfeitorias.<\/p>\n<p style=\"text-align: justify;\">S\u00e9rgio Seixas foi presidente do Centro de Estudos e Pesquisas de Administra\u00e7\u00e3o Municipal (CEPAM), da Funda\u00e7\u00e3o Prefeito Faria Lima. Na vida pol\u00edtica, sempre foi uma refer\u00eancia dentro do PSDB, onde teve tr\u00e2nsito livre entre grandes nomes da pol\u00edtica nacional, como o ex-governador Franco Montoro, ex-presidente Fernando Henrique Cardoso, ex-governador M\u00e1rio Covas, entre outros. Ainda chegou a ser candidato a deputado pela legenda.<\/p>\n<p style=\"text-align: justify;\"><strong>DESPEDIDA<\/strong><\/p>\n<p style=\"text-align: justify;\">As despedidas do ex-prefeito S\u00e9rgio Seixas se iniciaram por volta das 6h desta quarta-feira (1), no Memorial Flor de L\u00f3tus, por\u00e9m, com restri\u00e7\u00f5es \u00e0 aglomera\u00e7\u00e3o de pessoas e reservado aos familiares e amigos mais pr\u00f3ximos.<\/p>\n<p style=\"text-align: justify;\">A previs\u00e3o \u00e9 de que \u00e0s 10h, o corpo seja transladado para Mar\u00edlia onde ser\u00e1 sepultado no Cemit\u00e9rio da Saudade daquela cidade.<\/p>\n<p style=\"text-align: justify;\"><strong>LUTO OFICIAL<\/strong><u><\/u><u><\/u><\/p>\n<p style=\"text-align: justify;\">Atrav\u00e9s de Nota \u00e0 Imprensa, emitida na manh\u00e3 desta quarta-feira (1\u00ba), a\u00a0Prefeitura de Adamantina lamentou\u00a0o falecimento de S\u00e9rgio Gabriel Seixas,\u00a0destacando sua gest\u00e3o como prefeito, al\u00e9m de\u00a0exemplar cidad\u00e3o e l\u00edder pol\u00edtico.<u><\/u><u><\/u><\/p>\n<p style=\"text-align: justify;\">Conforme o decreto N\u00b0 6.122, de 1\u00b0 de abril de 2020, assinado pelo prefeito Marcio Cardim, a Prefeitura de Adamantina decretou Luto Oficial no Munic\u00edpio de Adamantina, por tr\u00eas dias, a partir desta quarta-feira (01) em sinal de pesar pelo falecimento.<\/p>\n<p style=\"text-align: justify;\">Fonte: adamantinanet.com.br<\/p>\n<p style=\"text-align: justify;\">Foto: Erivaldo Lopes \/ Clikar<\/p>\n","protected":false},"excerpt":{"rendered":"<p>Adamantina se despede do seu ex-prefeito S\u00e9rgio Gabriel Seixas aos 77 anos de idade. Ele estava hospitalizado na Santa Casa de Miseric\u00f3rdia e faleceu na noite desta ter\u00e7a-feira (31). Ele estava hospitalizado na Santa Casa de Adamantina. S\u00e9rgio Seixas foi o nono prefeito da Cidade Joia e exerceu seu mandato de 1 de fevereiro de [&hellip;]<\/p>\n","protected":false},"author":1,"featured_media":22731,"comment_status":"closed","ping_status":"open","sticky":false,"template":"","format":"standard","meta":{"footnotes":""},"categories":[178,110],"tags":[],"class_list":["post-22730","post","type-post","status-publish","format-standard","has-post-thumbnail","hentry","category-notadefalecimento","category-noticiasdestaque"],"_links":{"self":[{"href":"https:\/\/jorgezanoni.com.br\/2019\/wp-json\/wp\/v2\/posts\/22730","targetHints":{"allow":["GET"]}}],"collection":[{"href":"https:\/\/jorgezanoni.com.br\/2019\/wp-json\/wp\/v2\/posts"}],"about":[{"href":"https:\/\/jorgezanoni.com.br\/2019\/wp-json\/wp\/v2\/types\/post"}],"author":[{"embeddable":true,"href":"https:\/\/jorgezanoni.com.br\/2019\/wp-json\/wp\/v2\/users\/1"}],"replies":[{"embeddable":true,"href":"https:\/\/jorgezanoni.com.br\/2019\/wp-json\/wp\/v2\/comments?post=22730"}],"version-history":[{"count":0,"href":"https:\/\/jorgezanoni.com.br\/2019\/wp-json\/wp\/v2\/posts\/22730\/revisions"}],"wp:featuredmedia":[{"embeddable":true,"href":"https:\/\/jorgezanoni.com.br\/2019\/wp-json\/wp\/v2\/media\/22731"}],"wp:attachment":[{"href":"https:\/\/jorgezanoni.com.br\/2019\/wp-json\/wp\/v2\/media?parent=22730"}],"wp:term":[{"taxonomy":"category","embeddable":true,"href":"https:\/\/jorgezanoni.com.br\/2019\/wp-json\/wp\/v2\/categories?post=22730"},{"taxonomy":"post_tag","embeddable":true,"href":"https:\/\/jorgezanoni.com.br\/2019\/wp-json\/wp\/v2\/tags?post=22730"}],"curies":[{"name":"wp","href":"https:\/\/api.w.org\/{rel}","templated":true}]}}