{"id":22725,"date":"2020-04-01T13:57:52","date_gmt":"2020-04-01T13:57:52","guid":{"rendered":"https:\/\/jorgezanoni.com.br\/2019\/?p=22725"},"modified":"2020-04-01T13:57:52","modified_gmt":"2020-04-01T13:57:52","slug":"jurista-e-deputado-federal-luiz-flavio-gomes-morre-aos-62-anos-em-sp","status":"publish","type":"post","link":"https:\/\/jorgezanoni.com.br\/2019\/jurista-e-deputado-federal-luiz-flavio-gomes-morre-aos-62-anos-em-sp\/","title":{"rendered":"Jurista e Deputado federal Luiz Fl\u00e1vio Gomes morre aos 62 anos em SP"},"content":{"rendered":"<h2 class=\"content-head__subtitle\" style=\"text-align: justify;\"><strong>Jurista morreu na madrugada desta quarta (1\u00b0) em decorr\u00eancia de complica\u00e7\u00f5es de uma leucemia, segundo informou o Hospital S\u00edrio-Liban\u00eas. Ele foi eleito pelo PSB em 2018.<\/strong><\/h2>\n<div class=\"mc-column content-text active-extra-styles \" data-block-type=\"unstyled\" data-block-weight=\"39\" data-block-id=\"2\">\n<p class=\"content-text__container \" style=\"text-align: justify;\" data-track-category=\"Link no Texto\" data-track-links=\"\">O deputado federal Luiz Fl\u00e1vio Gomes (PSB-SP), de 62 anos, morreu na madrugada desta quarta-feira (1\u00b0), em S\u00e3o Paulo, em decorr\u00eancia de complica\u00e7\u00f5es de uma leucemia. A informa\u00e7\u00e3o foi divulgada pelo Hospital S\u00edrio-Liban\u00eas, onde o parlamentar estava internado.<\/p>\n<\/div>\n<div class=\"wall protected-content\">\n<div class=\"mc-column content-text active-extra-styles \" style=\"text-align: justify;\" data-block-type=\"unstyled\" data-block-weight=\"40\" data-block-id=\"3\">\n<p class=\"content-text__container \" data-track-category=\"Link no Texto\" data-track-links=\"\">Ainda segundo o hospital, o deputado foi diagnosticado com a doen\u00e7a em setembro de 2019, quando iniciou o tratamento. Ele realizou transplante de medula em janeiro deste ano, mas teve piora no quadro de sa\u00fade nos \u00faltimos dias.<\/p>\n<\/div>\n<div class=\"mc-column content-text active-extra-styles \" style=\"text-align: justify;\" data-block-type=\"unstyled\" data-block-weight=\"41\" data-block-id=\"4\">\n<p class=\"content-text__container \" data-track-category=\"Link no Texto\" data-track-links=\"\">Luiz Fl\u00e1vio Gomes foi eleito pelo PSB ao receber 86.433 votos nas elei\u00e7\u00f5es de 2018. Ele tamb\u00e9m atuou como delegado, promotor de justi\u00e7a, juiz de direito e professor. Fundou a LFG, rede de ensino jur\u00eddico no Brasil, vendida em 2008.<\/p>\n<\/div>\n<div class=\"mc-column content-text active-extra-styles \" style=\"text-align: justify;\" data-block-type=\"unstyled\" data-block-weight=\"19\" data-block-id=\"5\">\n<p class=\"content-text__container \" data-track-category=\"Link no Texto\" data-track-links=\"\">Foi comentarista do Jornal da Cultura. \u00c9 autor e coautor de mais de 60 livros na \u00e1rea jur\u00eddica.<\/p>\n<\/div>\n<div class=\"mc-column content-text active-extra-styles \" style=\"text-align: justify;\" data-block-type=\"unstyled\" data-block-weight=\"7\" data-block-id=\"6\">\n<p class=\"content-text__container \" data-track-category=\"Link no Texto\" data-track-links=\"\">Nota de falecimento do hospital S\u00edrio-Liban\u00eas:<\/p>\n<\/div>\n<div class=\"mc-column content-text active-extra-styles \" style=\"text-align: justify;\" data-block-type=\"unstyled\" data-block-weight=\"53\" data-block-id=\"7\">\n<p class=\"content-text__container \" data-track-category=\"Link no Texto\" data-track-links=\"\"><em>O deputado Luiz Fl\u00e1vio Gomes (PSB-SP), de 62 anos, faleceu hoje, \u00e0s 4h30, em decorr\u00eancia de complica\u00e7\u00f5es de uma Leucemia Mieloide Aguda, diagnosticada em 4 de setembro de 2019, quando iniciou o tratamento. Realizou transplante de medula em 14 de janeiro de 2020, por\u00e9m seu quadro de sa\u00fade se complicou nos \u00faltimos dias.<\/em><\/p>\n<\/div>\n<div class=\"mc-column content-text active-extra-styles \" data-block-type=\"unstyled\" data-block-weight=\"17\" data-block-id=\"8\">\n<p class=\"content-text__container \" style=\"text-align: justify;\" data-track-category=\"Link no Texto\" data-track-links=\"\"><em>Ele estava internado aos cuidados da equipe da Dra. Yana Sarkis Novis.<br \/>\nDr. Fernando Ganem<br \/>\nDiretor de Governan\u00e7a Cl\u00ednica<\/em><\/p>\n<p style=\"text-align: justify;\" data-track-category=\"Link no Texto\" data-track-links=\"\">Fonte: G1<\/p>\n<\/div>\n<\/div>\n","protected":false},"excerpt":{"rendered":"<p>Jurista morreu na madrugada desta quarta (1\u00b0) em decorr\u00eancia de complica\u00e7\u00f5es de uma leucemia, segundo informou o Hospital S\u00edrio-Liban\u00eas. Ele foi eleito pelo PSB em 2018. O deputado federal Luiz Fl\u00e1vio Gomes (PSB-SP), de 62 anos, morreu na madrugada desta quarta-feira (1\u00b0), em S\u00e3o Paulo, em decorr\u00eancia de complica\u00e7\u00f5es de uma leucemia. A informa\u00e7\u00e3o foi [&hellip;]<\/p>\n","protected":false},"author":1,"featured_media":22726,"comment_status":"closed","ping_status":"open","sticky":false,"template":"","format":"standard","meta":{"footnotes":""},"categories":[178,110],"tags":[],"class_list":["post-22725","post","type-post","status-publish","format-standard","has-post-thumbnail","hentry","category-notadefalecimento","category-noticiasdestaque"],"_links":{"self":[{"href":"https:\/\/jorgezanoni.com.br\/2019\/wp-json\/wp\/v2\/posts\/22725","targetHints":{"allow":["GET"]}}],"collection":[{"href":"https:\/\/jorgezanoni.com.br\/2019\/wp-json\/wp\/v2\/posts"}],"about":[{"href":"https:\/\/jorgezanoni.com.br\/2019\/wp-json\/wp\/v2\/types\/post"}],"author":[{"embeddable":true,"href":"https:\/\/jorgezanoni.com.br\/2019\/wp-json\/wp\/v2\/users\/1"}],"replies":[{"embeddable":true,"href":"https:\/\/jorgezanoni.com.br\/2019\/wp-json\/wp\/v2\/comments?post=22725"}],"version-history":[{"count":0,"href":"https:\/\/jorgezanoni.com.br\/2019\/wp-json\/wp\/v2\/posts\/22725\/revisions"}],"wp:featuredmedia":[{"embeddable":true,"href":"https:\/\/jorgezanoni.com.br\/2019\/wp-json\/wp\/v2\/media\/22726"}],"wp:attachment":[{"href":"https:\/\/jorgezanoni.com.br\/2019\/wp-json\/wp\/v2\/media?parent=22725"}],"wp:term":[{"taxonomy":"category","embeddable":true,"href":"https:\/\/jorgezanoni.com.br\/2019\/wp-json\/wp\/v2\/categories?post=22725"},{"taxonomy":"post_tag","embeddable":true,"href":"https:\/\/jorgezanoni.com.br\/2019\/wp-json\/wp\/v2\/tags?post=22725"}],"curies":[{"name":"wp","href":"https:\/\/api.w.org\/{rel}","templated":true}]}}