{"id":22690,"date":"2020-04-01T01:05:27","date_gmt":"2020-04-01T01:05:27","guid":{"rendered":"https:\/\/jorgezanoni.com.br\/2019\/?p=22690"},"modified":"2020-04-01T01:05:27","modified_gmt":"2020-04-01T01:05:27","slug":"mec-determina-fechamento-do-curso-de-medicina-da-universidade-brasil-em-fernandopolis","status":"publish","type":"post","link":"https:\/\/jorgezanoni.com.br\/2019\/mec-determina-fechamento-do-curso-de-medicina-da-universidade-brasil-em-fernandopolis\/","title":{"rendered":"MEC determina fechamento do curso de medicina da Universidade Brasil em Fernand\u00f3polis"},"content":{"rendered":"<h2 class=\"content-head__subtitle\" style=\"text-align: justify;\"><strong>Alunos que est\u00e3o cursando medicina na universidade dever\u00e3o ser transferidos e, se a faculdade n\u00e3o conseguir a transfer\u00eancia, os alunos poder\u00e3o concluir o curso na pr\u00f3pria Universidade Brasil.<\/strong><\/h2>\n<div class=\"mc-column content-text active-extra-styles \" data-block-type=\"unstyled\" data-block-weight=\"39\" data-block-id=\"2\">\n<p class=\"content-text__container \" style=\"text-align: justify;\" data-track-category=\"Link no Texto\" data-track-links=\"\">O Minist\u00e9rio da Educa\u00e7\u00e3o decidiu desativar o curso de medicina da Universidade Brasil, de Fernand\u00f3polis (SP), envolvida em supostas fraudes no Fies e na venda de vagas para o curso de medicina. O caso surgiu com a\u00a0<a href=\"https:\/\/g1.globo.com\/sp\/sao-jose-do-rio-preto-aracatuba\/noticia\/2019\/09\/03\/policia-federal-deflagra-operacao-contra-desvio-de-verba-no-fies.ghtml\">Opera\u00e7\u00e3o Vagatomia.<\/a><\/p>\n<\/div>\n<div class=\"wall protected-content\">\n<div class=\"mc-column content-text active-extra-styles \" style=\"text-align: justify;\" data-block-type=\"unstyled\" data-block-weight=\"25\" data-block-id=\"3\">\n<p class=\"content-text__container \" data-track-category=\"Link no Texto\" data-track-links=\"\">A publica\u00e7\u00e3o foi feita no Di\u00e1rio Oficial da Uni\u00e3o. De acordo com a decis\u00e3o, fica proibida a realiza\u00e7\u00e3o de vestibulares e novas matr\u00edculas de alunos.<\/p>\n<\/div>\n<div class=\"mc-column content-text active-extra-styles \" style=\"text-align: justify;\" data-block-type=\"unstyled\" data-block-weight=\"29\" data-block-id=\"4\">\n<p class=\"content-text__container \" data-track-category=\"Link no Texto\" data-track-links=\"\">Os alunos que est\u00e3o cursando medicina na universidade dever\u00e3o ser transferidos e, se a faculdade n\u00e3o conseguir a transfer\u00eancia, os alunos poder\u00e3o concluir o curso na pr\u00f3pria Universidade Brasil.<\/p>\n<\/div>\n<div class=\"mc-column content-text active-extra-styles \" style=\"text-align: justify;\" data-block-type=\"unstyled\" data-block-weight=\"20\" data-block-id=\"5\">\n<p class=\"content-text__container \" data-track-category=\"Link no Texto\" data-track-links=\"\">A decis\u00e3o do MEC est\u00e1 no processo que apurou irregularidades na universidade, deflagradas na opera\u00e7\u00e3o Vagatomia, da Pol\u00edcia Federal.<\/p>\n<\/div>\n<div class=\"mc-column content-text active-extra-styles \" style=\"text-align: justify;\" data-block-type=\"unstyled\" data-block-weight=\"36\" data-block-id=\"6\">\n<p class=\"content-text__container \" data-track-category=\"Link no Texto\" data-track-links=\"\">Em nota, a Universidade Brasil disse que recebeu \u201ccom absoluta consterna\u00e7\u00e3o e inconformismo, a decis\u00e3o administrativa do Secret\u00e1rio de Regula\u00e7\u00e3o e Supervis\u00e3o da Educa\u00e7\u00e3o Superior do MEC determinando sua desativa\u00e7\u00e3o no campus Fernand\u00f3polis da Universidade Brasil\u201d.<\/p>\n<\/div>\n<div class=\"mc-column content-text active-extra-styles \" style=\"text-align: justify;\" data-block-type=\"unstyled\" data-block-weight=\"46\" data-block-id=\"7\">\n<p class=\"content-text__container \" data-track-category=\"Link no Texto\" data-track-links=\"\">A universidade disse ainda que \u201cas medidas legais est\u00e3o sendo tomadas para equacionar esse quadro, ao tempo em que reafirmamos o compromisso de prover e controlar os processos estudantis em andamento, de modo a n\u00e3o gerar preju\u00edzo a nenhum estudante enquanto perdurar a decis\u00e3o do MEC.\u201d<\/p>\n<\/div>\n<div class=\"mc-column content-text active-extra-styles \" style=\"text-align: justify;\" data-block-type=\"unstyled\" data-block-weight=\"33\" data-block-id=\"8\">\n<p class=\"content-text__container \" data-track-category=\"Link no Texto\" data-track-links=\"\">A Pol\u00edcia Federal e o Minist\u00e9rio P\u00fablico Federal receberam den\u00fancias e informa\u00e7\u00f5es sobre fraudes no FIES, al\u00e9m da comercializa\u00e7\u00e3o de vagas no curso de medicina em um campus da universidade em Fernand\u00f3polis.<\/p>\n<\/div>\n<div class=\"mc-column content-text active-extra-styles \" style=\"text-align: justify;\" data-block-type=\"unstyled\" data-block-weight=\"30\" data-block-id=\"10\">\n<p class=\"content-text__container \" data-track-category=\"Link no Texto\" data-track-links=\"\">Al\u00e9m disso, havia tamb\u00e9m suspeita de fraudes relacionadas ao exame Revalida, que avalia o conhecimento dos alunos que estudam ou estudaram medicina no exterior, principalmente no Paraguai, Bol\u00edvia e Argentina.<\/p>\n<\/div>\n<div class=\"mc-column content-text active-extra-styles \" data-block-type=\"unstyled\" data-block-weight=\"37\" data-block-id=\"11\">\n<p class=\"content-text__container \" style=\"text-align: justify;\" data-track-category=\"Link no Texto\" data-track-links=\"\">Segundo a PF, ap\u00f3s o afastamento do antigo reitor e dono da universidade, na primeira fase da opera\u00e7\u00e3o,<a href=\"https:\/\/g1.globo.com\/sp\/sao-jose-do-rio-preto-aracatuba\/noticia\/2020\/02\/13\/policia-federal-cumpre-mandados-na-2a-fase-da-operacao-vagatomia-e-mira-atual-reitor-de-universidade.ghtml\">\u00a0um advogado, que atuava como defensor de investigados foi nomeado para ocupar a fun\u00e7\u00e3o de reitor do grupo educacional.<\/a><\/p>\n<p style=\"text-align: justify;\" data-track-category=\"Link no Texto\" data-track-links=\"\">Fonte: G1<\/p>\n<\/div>\n<\/div>\n","protected":false},"excerpt":{"rendered":"<p>Alunos que est\u00e3o cursando medicina na universidade dever\u00e3o ser transferidos e, se a faculdade n\u00e3o conseguir a transfer\u00eancia, os alunos poder\u00e3o concluir o curso na pr\u00f3pria Universidade Brasil. O Minist\u00e9rio da Educa\u00e7\u00e3o decidiu desativar o curso de medicina da Universidade Brasil, de Fernand\u00f3polis (SP), envolvida em supostas fraudes no Fies e na venda de vagas [&hellip;]<\/p>\n","protected":false},"author":1,"featured_media":22691,"comment_status":"closed","ping_status":"open","sticky":false,"template":"","format":"standard","meta":{"footnotes":""},"categories":[110,122],"tags":[],"class_list":["post-22690","post","type-post","status-publish","format-standard","has-post-thumbnail","hentry","category-noticiasdestaque","category-saudeeducacaoeconcurso"],"_links":{"self":[{"href":"https:\/\/jorgezanoni.com.br\/2019\/wp-json\/wp\/v2\/posts\/22690","targetHints":{"allow":["GET"]}}],"collection":[{"href":"https:\/\/jorgezanoni.com.br\/2019\/wp-json\/wp\/v2\/posts"}],"about":[{"href":"https:\/\/jorgezanoni.com.br\/2019\/wp-json\/wp\/v2\/types\/post"}],"author":[{"embeddable":true,"href":"https:\/\/jorgezanoni.com.br\/2019\/wp-json\/wp\/v2\/users\/1"}],"replies":[{"embeddable":true,"href":"https:\/\/jorgezanoni.com.br\/2019\/wp-json\/wp\/v2\/comments?post=22690"}],"version-history":[{"count":0,"href":"https:\/\/jorgezanoni.com.br\/2019\/wp-json\/wp\/v2\/posts\/22690\/revisions"}],"wp:featuredmedia":[{"embeddable":true,"href":"https:\/\/jorgezanoni.com.br\/2019\/wp-json\/wp\/v2\/media\/22691"}],"wp:attachment":[{"href":"https:\/\/jorgezanoni.com.br\/2019\/wp-json\/wp\/v2\/media?parent=22690"}],"wp:term":[{"taxonomy":"category","embeddable":true,"href":"https:\/\/jorgezanoni.com.br\/2019\/wp-json\/wp\/v2\/categories?post=22690"},{"taxonomy":"post_tag","embeddable":true,"href":"https:\/\/jorgezanoni.com.br\/2019\/wp-json\/wp\/v2\/tags?post=22690"}],"curies":[{"name":"wp","href":"https:\/\/api.w.org\/{rel}","templated":true}]}}