{"id":2269,"date":"2019-07-28T00:24:33","date_gmt":"2019-07-28T00:24:33","guid":{"rendered":"http:\/\/jorgezanoni.com.br\/2019\/?p=2269"},"modified":"2019-07-28T00:24:33","modified_gmt":"2019-07-28T00:24:33","slug":"carreata-de-sao-cristovao-com-missa-na-capela-da-rua-dom-pedro-acontece-amanha","status":"publish","type":"post","link":"https:\/\/jorgezanoni.com.br\/2019\/carreata-de-sao-cristovao-com-missa-na-capela-da-rua-dom-pedro-acontece-amanha\/","title":{"rendered":"Carreata de S\u00e3o Crist\u00f3v\u00e3o com Missa na Capela da rua Dom Pedro acontece amanh\u00e3"},"content":{"rendered":"<p style=\"text-align: justify;\">Amanh\u00e3 (28) a partir das 9 hs., acontece a tradicional Carreata de S\u00e3o Crist\u00f3v\u00e3o em homenagem ao dia do Motorista.<\/p>\n<p style=\"text-align: justify;\">A\u00a0sa\u00edda ser\u00e1 do residencial S\u00e3o Crist\u00f3v\u00e3o (atr\u00e1s da Fapidra), at\u00e9 a Capela de S\u00e3o Crist\u00f3v\u00e3o onde ser\u00e1 Celebrada uma Missa e depois feita a ben\u00e7\u00e3o dos carros, caminh\u00f5es e das chaves.<\/p>\n<p style=\"text-align: justify;\">Todos est\u00e3o convidados a comparece e prestigiar!<\/p>\n<p style=\"text-align: justify;\">Jorge Zanoni<\/p>\n<p>Imagem Arquivo<\/p>\n","protected":false},"excerpt":{"rendered":"<p>Amanh\u00e3 (28) a partir das 9 hs., acontece a tradicional Carreata de S\u00e3o Crist\u00f3v\u00e3o em homenagem ao dia do Motorista. A\u00a0sa\u00edda ser\u00e1 do residencial S\u00e3o Crist\u00f3v\u00e3o (atr\u00e1s da Fapidra), at\u00e9 a Capela de S\u00e3o Crist\u00f3v\u00e3o onde ser\u00e1 Celebrada uma Missa e depois feita a ben\u00e7\u00e3o dos carros, caminh\u00f5es e das chaves. Todos est\u00e3o convidados a [&hellip;]<\/p>\n","protected":false},"author":1,"featured_media":2270,"comment_status":"open","ping_status":"open","sticky":false,"template":"","format":"standard","meta":{"footnotes":""},"categories":[110,118],"tags":[],"class_list":["post-2269","post","type-post","status-publish","format-standard","has-post-thumbnail","hentry","category-noticiasdestaque","category-religiaoesolidariedade"],"_links":{"self":[{"href":"https:\/\/jorgezanoni.com.br\/2019\/wp-json\/wp\/v2\/posts\/2269","targetHints":{"allow":["GET"]}}],"collection":[{"href":"https:\/\/jorgezanoni.com.br\/2019\/wp-json\/wp\/v2\/posts"}],"about":[{"href":"https:\/\/jorgezanoni.com.br\/2019\/wp-json\/wp\/v2\/types\/post"}],"author":[{"embeddable":true,"href":"https:\/\/jorgezanoni.com.br\/2019\/wp-json\/wp\/v2\/users\/1"}],"replies":[{"embeddable":true,"href":"https:\/\/jorgezanoni.com.br\/2019\/wp-json\/wp\/v2\/comments?post=2269"}],"version-history":[{"count":0,"href":"https:\/\/jorgezanoni.com.br\/2019\/wp-json\/wp\/v2\/posts\/2269\/revisions"}],"wp:featuredmedia":[{"embeddable":true,"href":"https:\/\/jorgezanoni.com.br\/2019\/wp-json\/wp\/v2\/media\/2270"}],"wp:attachment":[{"href":"https:\/\/jorgezanoni.com.br\/2019\/wp-json\/wp\/v2\/media?parent=2269"}],"wp:term":[{"taxonomy":"category","embeddable":true,"href":"https:\/\/jorgezanoni.com.br\/2019\/wp-json\/wp\/v2\/categories?post=2269"},{"taxonomy":"post_tag","embeddable":true,"href":"https:\/\/jorgezanoni.com.br\/2019\/wp-json\/wp\/v2\/tags?post=2269"}],"curies":[{"name":"wp","href":"https:\/\/api.w.org\/{rel}","templated":true}]}}