{"id":22681,"date":"2020-03-31T23:15:04","date_gmt":"2020-03-31T23:15:04","guid":{"rendered":"https:\/\/jorgezanoni.com.br\/2019\/?p=22681"},"modified":"2020-03-31T23:15:04","modified_gmt":"2020-03-31T23:15:04","slug":"lojas-de-material-de-construcao-estao-autorizadas-a-funcionar-na-quarentena-em-dracena","status":"publish","type":"post","link":"https:\/\/jorgezanoni.com.br\/2019\/lojas-de-material-de-construcao-estao-autorizadas-a-funcionar-na-quarentena-em-dracena\/","title":{"rendered":"Lojas de material de constru\u00e7\u00e3o est\u00e3o autorizadas a funcionar na quarentena em Dracena"},"content":{"rendered":"<p style=\"font-weight: 400; text-align: justify;\">A Associa\u00e7\u00e3o Comercial e Empresarial de Dracena, COMUNICA que a partir desta quarta-feira (1 de abril), as lojas de material de constru\u00e7\u00e3o de Dracena, est\u00e3o AUTORIZADOS a voltar a funcionar, durante o per\u00edodo de quarentena em preven\u00e7\u00e3o ao novo coronav\u00edrus.<\/p>\n<p style=\"font-weight: 400; text-align: justify;\">A medida segue a Delibera\u00e7\u00e3o n\u00ba5 do Governo do Estado, publicada no Di\u00e1rio Oficial no \u00faltimo s\u00e1bado, 28 de mar\u00e7o, e considera que o segmento fornece produtos necess\u00e1rios para a realiza\u00e7\u00e3o de reparos emergenciais em casas e apartamentos, al\u00e9m de manter o funcionamento da constru\u00e7\u00e3o civil e da ind\u00fastria.<\/p>\n<p style=\"font-weight: 400; text-align: justify;\">Em Dracena, a Prefeitura, seguir\u00e1 a delibera\u00e7\u00e3o estatual e flexibilizar\u00e1 o Decreto Municipal n\u00b0 7.245, de 20\/032020, autorizando a abertura dos estabelecimentos deste seguimento na cidade.<\/p>\n<p style=\"font-weight: 400; text-align: justify;\">Entre as medidas previstas para a abertura, continuam as medidas para limitar o acesso de clientes a uma pessoa por cada 15m\u00b2 do total de metros quadrados da \u00e1rea interna utilizada para exposi\u00e7\u00e3o dos produtos e caixas para pagamento.<\/p>\n<p style=\"font-weight: 400; text-align: justify;\">Os estabelecimentos ainda ficam respons\u00e1veis por afixar placas na entrada alertando aos consumidores sobre a limita\u00e7\u00e3o e por controlar o n\u00famero de pessoas que acessam o local por vez.<\/p>\n<p style=\"font-weight: 400; text-align: justify;\"><strong>Com\u00e9rcio continua fechado<\/strong><\/p>\n<p style=\"font-weight: 400; text-align: justify;\">A ACE Dracena informa que os demais segmentos do com\u00e9rcio devem continuar seguindo a determina\u00e7\u00e3o dos Decretos Estadual e Municipal que mant\u00e9m o fechamento de todo o com\u00e9rcio varejista at\u00e9 o dia 07 de abril.<\/p>\n<p style=\"font-weight: 400; text-align: justify;\">Fonte: Assessoria de Imprensa da ACE Dracena<\/p>\n<p>Imagem Ilustrativa<\/p>\n","protected":false},"excerpt":{"rendered":"<p>A Associa\u00e7\u00e3o Comercial e Empresarial de Dracena, COMUNICA que a partir desta quarta-feira (1 de abril), as lojas de material de constru\u00e7\u00e3o de Dracena, est\u00e3o AUTORIZADOS a voltar a funcionar, durante o per\u00edodo de quarentena em preven\u00e7\u00e3o ao novo coronav\u00edrus. A medida segue a Delibera\u00e7\u00e3o n\u00ba5 do Governo do Estado, publicada no Di\u00e1rio Oficial no [&hellip;]<\/p>\n","protected":false},"author":1,"featured_media":22682,"comment_status":"closed","ping_status":"open","sticky":false,"template":"","format":"standard","meta":{"footnotes":""},"categories":[114,110],"tags":[],"class_list":["post-22681","post","type-post","status-publish","format-standard","has-post-thumbnail","hentry","category-geralecomercio","category-noticiasdestaque"],"_links":{"self":[{"href":"https:\/\/jorgezanoni.com.br\/2019\/wp-json\/wp\/v2\/posts\/22681","targetHints":{"allow":["GET"]}}],"collection":[{"href":"https:\/\/jorgezanoni.com.br\/2019\/wp-json\/wp\/v2\/posts"}],"about":[{"href":"https:\/\/jorgezanoni.com.br\/2019\/wp-json\/wp\/v2\/types\/post"}],"author":[{"embeddable":true,"href":"https:\/\/jorgezanoni.com.br\/2019\/wp-json\/wp\/v2\/users\/1"}],"replies":[{"embeddable":true,"href":"https:\/\/jorgezanoni.com.br\/2019\/wp-json\/wp\/v2\/comments?post=22681"}],"version-history":[{"count":0,"href":"https:\/\/jorgezanoni.com.br\/2019\/wp-json\/wp\/v2\/posts\/22681\/revisions"}],"wp:featuredmedia":[{"embeddable":true,"href":"https:\/\/jorgezanoni.com.br\/2019\/wp-json\/wp\/v2\/media\/22682"}],"wp:attachment":[{"href":"https:\/\/jorgezanoni.com.br\/2019\/wp-json\/wp\/v2\/media?parent=22681"}],"wp:term":[{"taxonomy":"category","embeddable":true,"href":"https:\/\/jorgezanoni.com.br\/2019\/wp-json\/wp\/v2\/categories?post=22681"},{"taxonomy":"post_tag","embeddable":true,"href":"https:\/\/jorgezanoni.com.br\/2019\/wp-json\/wp\/v2\/tags?post=22681"}],"curies":[{"name":"wp","href":"https:\/\/api.w.org\/{rel}","templated":true}]}}