{"id":22675,"date":"2020-03-31T22:06:30","date_gmt":"2020-03-31T22:06:30","guid":{"rendered":"https:\/\/jorgezanoni.com.br\/2019\/?p=22675"},"modified":"2020-03-31T22:06:30","modified_gmt":"2020-03-31T22:06:30","slug":"prefeitura-registra-morte-suspeita-por-covid-19-em-presidente-venceslau","status":"publish","type":"post","link":"https:\/\/jorgezanoni.com.br\/2019\/prefeitura-registra-morte-suspeita-por-covid-19-em-presidente-venceslau\/","title":{"rendered":"Prefeitura registra morte suspeita por Covid-19 em Presidente Venceslau"},"content":{"rendered":"<h2 class=\"content-head__subtitle\" style=\"text-align: justify;\"><strong>De acordo com o Poder Executivo, o \u00f3bito est\u00e1 em investiga\u00e7\u00e3o e ainda \u00e9 aguardado o resultado do exame realizado ap\u00f3s o falecimento.<\/strong><\/h2>\n<div class=\"mc-column content-text active-extra-styles \" data-block-type=\"unstyled\" data-block-weight=\"34\" data-block-id=\"2\">\n<p class=\"content-text__container \" style=\"text-align: justify;\" data-track-category=\"Link no Texto\" data-track-links=\"\">Em um boletim informativo divulgado na tarde desta ter\u00e7a-feira (31), a Prefeitura de\u00a0<a href=\"https:\/\/g1.globo.com\/sp\/presidente-prudente-regiao\/cidade\/presidente-venceslau\/\">Presidente Venceslau<\/a>\u00a0relata que a cidade registrou a morte de uma pessoa com suspeita de Covid-19, a doen\u00e7a transmitida pelo coronav\u00edrus.<\/p>\n<\/div>\n<div class=\"wall protected-content\">\n<div class=\"mc-column content-text active-extra-styles \" style=\"text-align: justify;\" data-block-type=\"unstyled\" data-block-weight=\"24\" data-block-id=\"3\">\n<p class=\"content-text__container \" data-track-category=\"Link no Texto\" data-track-links=\"\">De acordo com o Poder Executivo, o \u00f3bito suspeito est\u00e1 em investiga\u00e7\u00e3o e ainda \u00e9 aguardado o resultado do exame realizado ap\u00f3s a morte.<\/p>\n<\/div>\n<div class=\"mc-column content-text active-extra-styles \" style=\"text-align: justify;\" data-block-type=\"unstyled\" data-block-weight=\"24\" data-block-id=\"4\">\n<p class=\"content-text__container \" data-track-category=\"Link no Texto\" data-track-links=\"\">A Prefeitura de Presidente Venceslau explicou ao\u00a0<strong>G1\u00a0<\/strong>que a paciente \u00e9 uma mulher, mas a fam\u00edlia n\u00e3o autorizou que sua idade fosse divulgada.<\/p>\n<\/div>\n<div class=\"mc-column content-text active-extra-styles \" style=\"text-align: justify;\" data-block-type=\"unstyled\" data-block-weight=\"17\" data-block-id=\"5\">\n<p class=\"content-text__container \" data-track-category=\"Link no Texto\" data-track-links=\"\">Segundo o Poder Executivo, ela morreu na semana passada com \u201cv\u00e1rias comorbidades\u201d e n\u00e3o estava hospitalizada.<\/p>\n<\/div>\n<div class=\"mc-column content-text active-extra-styles \" style=\"text-align: justify;\" data-block-type=\"unstyled\" data-block-weight=\"15\" data-block-id=\"6\">\n<p class=\"content-text__container \" data-track-category=\"Link no Texto\" data-track-links=\"\">Ela chegou \u00e0 Santa Casa de Miseric\u00f3rdia passando mal e logo morreu, pontuou a Prefeitura.<\/p>\n<\/div>\n<div class=\"mc-column content-text active-extra-styles \" style=\"text-align: justify;\" data-block-type=\"unstyled\" data-block-weight=\"15\" data-block-id=\"7\">\n<p class=\"content-text__container \" data-track-category=\"Link no Texto\" data-track-links=\"\">Ap\u00f3s a coleta de material da paciente, o exame foi encaminhado ao Instituto Adolfo Lutz.<\/p>\n<\/div>\n<div class=\"mc-column content-text active-extra-styles \" style=\"text-align: justify;\" data-block-type=\"unstyled\" data-block-weight=\"19\" data-block-id=\"8\">\n<p class=\"content-text__container \" data-track-category=\"Link no Texto\" data-track-links=\"\">\u201cForam adotados todos os procedimentos at\u00e9 o sepultamento. Mas est\u00e1 registrado como \u00f3bito suspeito\u201d, concluiu a Prefeitura ao\u00a0<strong>G1<\/strong>.<\/p>\n<\/div>\n<div class=\"mc-column content-text active-extra-styles \" style=\"text-align: justify;\" data-block-type=\"unstyled\" data-block-weight=\"29\" data-block-id=\"9\">\n<p class=\"content-text__container \" data-track-category=\"Link no Texto\" data-track-links=\"\">Ainda conforme o mesmo boletim informativo, que contempla dados atualizados \u00e0s 8h desta ter\u00e7a-feira (31), Presidente Venceslau possui oito casos suspeitos de coronav\u00edrus que aguardam os resultados dos exames.<\/p>\n<\/div>\n<div class=\"mc-column content-text active-extra-styles \" style=\"text-align: justify;\" data-block-type=\"unstyled\" data-block-weight=\"23\" data-block-id=\"10\">\n<p class=\"content-text__container \" data-track-category=\"Link no Texto\" data-track-links=\"\">Tr\u00eas pacientes est\u00e3o internados, sendo dois no Hospital Regional (HR), em\u00a0<a href=\"https:\/\/g1.globo.com\/sp\/presidente-prudente-regiao\/cidade\/presidente-prudente\/\">Presidente Prudente<\/a>, e um na Santa Casa de Miseric\u00f3rdia, em Presidente Venceslau.<\/p>\n<\/div>\n<div class=\"mc-column content-text active-extra-styles \" style=\"text-align: justify;\" data-block-type=\"unstyled\" data-block-weight=\"12\" data-block-id=\"12\">\n<p class=\"content-text__container \" data-track-category=\"Link no Texto\" data-track-links=\"\">Outros quatro pacientes suspeitos est\u00e3o em isolamento domiciliar, segundo o balan\u00e7o oficial.<\/p>\n<\/div>\n<div class=\"mc-column content-text active-extra-styles \" style=\"text-align: justify;\" data-block-type=\"unstyled\" data-block-weight=\"40\" data-block-id=\"13\">\n<p class=\"content-text__container \" data-track-category=\"Link no Texto\" data-track-links=\"\">Em liminar concedida no \u00faltimo s\u00e1bado (28), a Justi\u00e7a determinou que o Estado de S\u00e3o Paulo disponibilize atendimento hospitalar imediato a todos os moradores de Presidente Venceslau que precisem ser encaminhados a tratamento em situa\u00e7\u00e3o emergencial com suspeita de coronav\u00edrus.<\/p>\n<\/div>\n<div class=\"mc-column content-text active-extra-styles \" style=\"text-align: justify;\" data-block-type=\"unstyled\" data-block-weight=\"32\" data-block-id=\"14\">\n<p class=\"content-text__container \" data-track-category=\"Link no Texto\" data-track-links=\"\">A decis\u00e3o da ju\u00edza da 2\u00aa Vara do F\u00f3rum da Comarca de Presidente Venceslau, Daiane Tha\u00eds Souto Oliva de Souza, imp\u00f4s uma multa de R$ 100 mil, pass\u00edvel de majora\u00e7\u00e3o, por negativa.<\/p>\n<\/div>\n<div class=\"mc-column content-text active-extra-styles \" style=\"text-align: justify;\" data-block-type=\"unstyled\" data-block-weight=\"24\" data-block-id=\"15\">\n<p class=\"content-text__container \" data-track-category=\"Link no Texto\" data-track-links=\"\">A ju\u00edza determinou\u00a0<a href=\"https:\/\/g1.globo.com\/sp\/presidente-prudente-regiao\/noticia\/2020\/03\/28\/justica-obriga-estado-a-prestar-atendimento-hospitalar-a-pacientes-de-presidente-venceslau-com-suspeita-de-coronavirus.ghtml\">o cumprimento da liminar \u201ccom absoluta urg\u00eancia\u201d e o encaminhamento de uma c\u00f3pia da decis\u00e3o ao Hospital Regional, em Presidente Prudente<\/a>.<\/p>\n<\/div>\n<div class=\"mc-column content-text active-extra-styles\" style=\"text-align: justify;\" data-block-type=\"raw\" data-block-weight=\"16\" data-block-id=\"16\">\n<ul class=\"content-unordered-list\">\n<li><a href=\"https:\/\/g1.globo.com\/sp\/presidente-prudente-regiao\/noticia\/2020\/03\/28\/justica-obriga-estado-a-prestar-atendimento-hospitalar-a-pacientes-de-presidente-venceslau-com-suspeita-de-coronavirus.ghtml\">Justi\u00e7a obriga Estado a prestar atendimento hospitalar a pacientes de Presidente Venceslau com suspeita de coronav\u00edrus<\/a><\/li>\n<\/ul>\n<\/div>\n<div class=\"mc-column content-text active-extra-styles \" style=\"text-align: justify;\" data-block-type=\"unstyled\" data-block-weight=\"120\" data-block-id=\"17\">\n<p class=\"content-text__container \" data-track-category=\"Link no Texto\" data-track-links=\"\">\u201cBem assim, em apoio ao direito fundamental \u00e0 vida e \u00e0 sa\u00fade, somando-se ao princ\u00edpio da dignidade da pessoa humana, defiro a tutela de urg\u00eancia, para fins de compelir o Estado de S\u00e3o Paulo, atrav\u00e9s de seu sistema hospitalar de sa\u00fade, junto ao Hospital HR de Presidente Prudente, ou outro estadual em condi\u00e7\u00f5es de adequado e r\u00e1pido atendimento, a disponibilizar \u2013 exceto comprovada impossibilidade em raz\u00e3o de absoluta inexist\u00eancia de vagas capazes de atender \u00e0 necessidade dos pacientes \u2013 atendimento imediato a todos os mun\u00edcipes de Presidente Venceslau que precisem ser encaminhados em situa\u00e7\u00e3o emergencial, com suspeita fundada de contamina\u00e7\u00e3o por Covid-19, sob pena de multa, por negativa, de R$ 100.000,00 (cem mil reais), pass\u00edvel de majora\u00e7\u00e3o\u201d, ordenou a ju\u00edza.<\/p>\n<\/div>\n<div class=\"mc-column content-text active-extra-styles \" data-block-type=\"unstyled\" data-block-weight=\"38\" data-block-id=\"18\">\n<p class=\"content-text__container \" style=\"text-align: justify;\" data-track-category=\"Link no Texto\" data-track-links=\"\">A liminar foi concedida no \u00e2mbito de uma a\u00e7\u00e3o civil p\u00fablica ajuizada pela Prefeitura de Presidente Venceslau contra o Estado com o objetivo de assegurar o direito \u00e0 assist\u00eancia hospitalar aos pacientes da cidade com suspeita de coronav\u00edrus.<\/p>\n<p style=\"text-align: justify;\" data-track-category=\"Link no Texto\" data-track-links=\"\">Fonte: G1<\/p>\n<\/div>\n<\/div>\n","protected":false},"excerpt":{"rendered":"<p>De acordo com o Poder Executivo, o \u00f3bito est\u00e1 em investiga\u00e7\u00e3o e ainda \u00e9 aguardado o resultado do exame realizado ap\u00f3s o falecimento. Em um boletim informativo divulgado na tarde desta ter\u00e7a-feira (31), a Prefeitura de\u00a0Presidente Venceslau\u00a0relata que a cidade registrou a morte de uma pessoa com suspeita de Covid-19, a doen\u00e7a transmitida pelo coronav\u00edrus. [&hellip;]<\/p>\n","protected":false},"author":1,"featured_media":22676,"comment_status":"closed","ping_status":"open","sticky":false,"template":"","format":"standard","meta":{"footnotes":""},"categories":[110,122],"tags":[],"class_list":["post-22675","post","type-post","status-publish","format-standard","has-post-thumbnail","hentry","category-noticiasdestaque","category-saudeeducacaoeconcurso"],"_links":{"self":[{"href":"https:\/\/jorgezanoni.com.br\/2019\/wp-json\/wp\/v2\/posts\/22675","targetHints":{"allow":["GET"]}}],"collection":[{"href":"https:\/\/jorgezanoni.com.br\/2019\/wp-json\/wp\/v2\/posts"}],"about":[{"href":"https:\/\/jorgezanoni.com.br\/2019\/wp-json\/wp\/v2\/types\/post"}],"author":[{"embeddable":true,"href":"https:\/\/jorgezanoni.com.br\/2019\/wp-json\/wp\/v2\/users\/1"}],"replies":[{"embeddable":true,"href":"https:\/\/jorgezanoni.com.br\/2019\/wp-json\/wp\/v2\/comments?post=22675"}],"version-history":[{"count":0,"href":"https:\/\/jorgezanoni.com.br\/2019\/wp-json\/wp\/v2\/posts\/22675\/revisions"}],"wp:featuredmedia":[{"embeddable":true,"href":"https:\/\/jorgezanoni.com.br\/2019\/wp-json\/wp\/v2\/media\/22676"}],"wp:attachment":[{"href":"https:\/\/jorgezanoni.com.br\/2019\/wp-json\/wp\/v2\/media?parent=22675"}],"wp:term":[{"taxonomy":"category","embeddable":true,"href":"https:\/\/jorgezanoni.com.br\/2019\/wp-json\/wp\/v2\/categories?post=22675"},{"taxonomy":"post_tag","embeddable":true,"href":"https:\/\/jorgezanoni.com.br\/2019\/wp-json\/wp\/v2\/tags?post=22675"}],"curies":[{"name":"wp","href":"https:\/\/api.w.org\/{rel}","templated":true}]}}