{"id":22663,"date":"2020-03-31T14:10:34","date_gmt":"2020-03-31T14:10:34","guid":{"rendered":"https:\/\/jorgezanoni.com.br\/2019\/?p=22663"},"modified":"2020-03-31T14:10:35","modified_gmt":"2020-03-31T14:10:35","slug":"dracena-tempersul-intelli-foca-no-treino-online-para-manter-preparacao-fisica","status":"publish","type":"post","link":"https:\/\/jorgezanoni.com.br\/2019\/dracena-tempersul-intelli-foca-no-treino-online-para-manter-preparacao-fisica\/","title":{"rendered":"Dracena Tempersul Intelli foca no treino online para manter prepara\u00e7\u00e3o f\u00edsica"},"content":{"rendered":"<p style=\"font-weight: 400; text-align: justify;\">O preparador f\u00edsico do Dracena Tempersul Intelli, Vitor Vianna, mudou o formato dos treinos para o elenco a partir dessa segunda-feira (30). Agora, atletas e comiss\u00e3o t\u00e9cnica est\u00e3o conectados por meio do aplicativo Zoom. Tamb\u00e9m participa da atividade a fisioterapeuta Ludmila Castro.<\/p>\n<p><img loading=\"lazy\" decoding=\"async\" class=\"alignnone size-full wp-image-22664\" src=\"https:\/\/jorgezanoni.com.br\/2019\/wp-content\/uploads\/2020\/03\/tre.jpeg\" alt=\"\" width=\"1280\" height=\"719\" srcset=\"https:\/\/jorgezanoni.com.br\/2019\/wp-content\/uploads\/2020\/03\/tre.jpeg 1280w, https:\/\/jorgezanoni.com.br\/2019\/wp-content\/uploads\/2020\/03\/tre-300x169.jpeg 300w, https:\/\/jorgezanoni.com.br\/2019\/wp-content\/uploads\/2020\/03\/tre-1024x575.jpeg 1024w, https:\/\/jorgezanoni.com.br\/2019\/wp-content\/uploads\/2020\/03\/tre-768x431.jpeg 768w, https:\/\/jorgezanoni.com.br\/2019\/wp-content\/uploads\/2020\/03\/tre-696x391.jpeg 696w, https:\/\/jorgezanoni.com.br\/2019\/wp-content\/uploads\/2020\/03\/tre-1068x600.jpeg 1068w, https:\/\/jorgezanoni.com.br\/2019\/wp-content\/uploads\/2020\/03\/tre-748x420.jpeg 748w\" sizes=\"auto, (max-width: 1280px) 100vw, 1280px\" \/> <img loading=\"lazy\" decoding=\"async\" class=\"alignnone size-full wp-image-22666\" src=\"https:\/\/jorgezanoni.com.br\/2019\/wp-content\/uploads\/2020\/03\/tre2.jpeg\" alt=\"\" width=\"1280\" height=\"719\" srcset=\"https:\/\/jorgezanoni.com.br\/2019\/wp-content\/uploads\/2020\/03\/tre2.jpeg 1280w, https:\/\/jorgezanoni.com.br\/2019\/wp-content\/uploads\/2020\/03\/tre2-300x169.jpeg 300w, https:\/\/jorgezanoni.com.br\/2019\/wp-content\/uploads\/2020\/03\/tre2-1024x575.jpeg 1024w, https:\/\/jorgezanoni.com.br\/2019\/wp-content\/uploads\/2020\/03\/tre2-768x431.jpeg 768w, https:\/\/jorgezanoni.com.br\/2019\/wp-content\/uploads\/2020\/03\/tre2-696x391.jpeg 696w, https:\/\/jorgezanoni.com.br\/2019\/wp-content\/uploads\/2020\/03\/tre2-1068x600.jpeg 1068w, https:\/\/jorgezanoni.com.br\/2019\/wp-content\/uploads\/2020\/03\/tre2-748x420.jpeg 748w\" sizes=\"auto, (max-width: 1280px) 100vw, 1280px\" \/><\/p>\n<p style=\"font-weight: 400; text-align: justify;\">Em quarentena desde o dia 20 de mar\u00e7o, em virtude da pandemia da COVID-19, os atletas estavam seguindo a programa\u00e7\u00e3o preparada pelos profissionais, no entanto faziam de forma individualizada, cada um em sua casa. No novo formato todos ficam interligados e fazem as movimenta\u00e7\u00f5es de ao mesmo tempo.<\/p>\n<p style=\"font-weight: 400; text-align: justify;\">&#8220;Por meio do aplicativo, faremos o acompanhamento como se estiv\u00e9ssemos em um treino na academia, com os atletas fazendo movimentos para manter o condicionamento, na medida do poss\u00edvel&#8221;, explicou Vitor Vianna.<\/p>\n<p style=\"text-align: justify;\"><span style=\"font-weight: 400;\">Seguindo as orienta\u00e7\u00f5es das autoridades sanit\u00e1rias, a equipe reagendou a volta dos atletas a Dracena, a princ\u00edpio, para a pr\u00f3xima segunda-feira (6). Caso as restri\u00e7\u00f5es se mantenham a data pode ser novamente adiada.<\/span><span style=\"font-weight: 400;\">\u00a0 \u00a0\u00a0<\/span><\/p>\n<p style=\"font-weight: 400; text-align: justify;\"><strong>Dracena Tempersul Intelli prolonga quarentena<\/strong><strong>\u00a0<\/strong><\/p>\n<p style=\"font-weight: 400; text-align: justify;\">A diretoria do Dracena Tempersul Intelli, seguindo as recomenda\u00e7\u00f5es dos \u00f3rg\u00e3os federal, estadual e municipal de Sa\u00fade acerca da pandemia de COVID-19, decidiu prolongar a suspens\u00e3o de treinamentos da equipe at\u00e9 o dia 06 de abril de 2020.<\/p>\n<p style=\"font-weight: 400; text-align: justify;\">Antes programada para a pr\u00f3xima segunda-feira (30), a reapresenta\u00e7\u00e3o n\u00e3o se mostrou vi\u00e1vel, tendo em vista o aumento exponencial de casos confirmados da enfermidade no pa\u00eds, em que pese Dracena ainda n\u00e3o ter nenhum.<\/p>\n<p style=\"font-weight: 400; text-align: justify;\">Nesse per\u00edodo, para manter parte do condicionamento, os atletas est\u00e3o desenvolvendo atividades programadas pelo preparador f\u00edsico Vitor Vianna e pela fisioterapeuta Ludmila Castro.<strong>\u00a0<\/strong><\/p>\n<p style=\"font-weight: 400; text-align: justify;\">Fonte: Assessoria de Imprensa Dracena Tempersul Intelli<\/p>\n","protected":false},"excerpt":{"rendered":"<p>O preparador f\u00edsico do Dracena Tempersul Intelli, Vitor Vianna, mudou o formato dos treinos para o elenco a partir dessa segunda-feira (30). Agora, atletas e comiss\u00e3o t\u00e9cnica est\u00e3o conectados por meio do aplicativo Zoom. Tamb\u00e9m participa da atividade a fisioterapeuta Ludmila Castro. Em quarentena desde o dia 20 de mar\u00e7o, em virtude da pandemia da [&hellip;]<\/p>\n","protected":false},"author":1,"featured_media":22665,"comment_status":"closed","ping_status":"open","sticky":false,"template":"","format":"standard","meta":{"footnotes":""},"categories":[111],"tags":[],"class_list":["post-22663","post","type-post","status-publish","format-standard","has-post-thumbnail","hentry","category-esporteecultura"],"_links":{"self":[{"href":"https:\/\/jorgezanoni.com.br\/2019\/wp-json\/wp\/v2\/posts\/22663","targetHints":{"allow":["GET"]}}],"collection":[{"href":"https:\/\/jorgezanoni.com.br\/2019\/wp-json\/wp\/v2\/posts"}],"about":[{"href":"https:\/\/jorgezanoni.com.br\/2019\/wp-json\/wp\/v2\/types\/post"}],"author":[{"embeddable":true,"href":"https:\/\/jorgezanoni.com.br\/2019\/wp-json\/wp\/v2\/users\/1"}],"replies":[{"embeddable":true,"href":"https:\/\/jorgezanoni.com.br\/2019\/wp-json\/wp\/v2\/comments?post=22663"}],"version-history":[{"count":0,"href":"https:\/\/jorgezanoni.com.br\/2019\/wp-json\/wp\/v2\/posts\/22663\/revisions"}],"wp:featuredmedia":[{"embeddable":true,"href":"https:\/\/jorgezanoni.com.br\/2019\/wp-json\/wp\/v2\/media\/22665"}],"wp:attachment":[{"href":"https:\/\/jorgezanoni.com.br\/2019\/wp-json\/wp\/v2\/media?parent=22663"}],"wp:term":[{"taxonomy":"category","embeddable":true,"href":"https:\/\/jorgezanoni.com.br\/2019\/wp-json\/wp\/v2\/categories?post=22663"},{"taxonomy":"post_tag","embeddable":true,"href":"https:\/\/jorgezanoni.com.br\/2019\/wp-json\/wp\/v2\/tags?post=22663"}],"curies":[{"name":"wp","href":"https:\/\/api.w.org\/{rel}","templated":true}]}}