{"id":22660,"date":"2020-03-31T13:52:10","date_gmt":"2020-03-31T13:52:10","guid":{"rendered":"https:\/\/jorgezanoni.com.br\/2019\/?p=22660"},"modified":"2020-03-31T13:52:10","modified_gmt":"2020-03-31T13:52:10","slug":"alunos-de-enfermagem-da-unifadra-sao-voluntarios-na-campanha-nacional-de-vacinacao-contra-influenza","status":"publish","type":"post","link":"https:\/\/jorgezanoni.com.br\/2019\/alunos-de-enfermagem-da-unifadra-sao-voluntarios-na-campanha-nacional-de-vacinacao-contra-influenza\/","title":{"rendered":"Alunos de Enfermagem da Unifadra s\u00e3o volunt\u00e1rios na Campanha \u00a0Nacional de Vacina\u00e7\u00e3o contra influenza"},"content":{"rendered":"<p style=\"text-align: justify;\">Os alunos do curso de Enfermagem da Faculdade Unifadra\/Fundec de Dracena est\u00e3o participando como volunt\u00e1rios da Campanha Nacional de Vacina\u00e7\u00e3o contra Influenza, realizada pela Secretaria Municipal de Sa\u00fade de Dracena.<br \/>\nA campanha nacional de imuniza\u00e7\u00e3o contra gripe (influenza) se estender\u00e1 por toda a semana e a vacina\u00e7\u00e3o est\u00e1 sendo realizada nos domic\u00edlios dos idosos de Dracena. Os alunos est\u00e3o realizando as a\u00e7\u00f5es sob supervis\u00e3o da Profa. Esp. Maria Cristina Sanches Sahli.<br \/>\nA participa\u00e7\u00e3o em campanhas de vacinas \u00e9 de compet\u00eancia do enfermeiro, mas a disponibilidade dos alunos como volunt\u00e1rios expressa o compromisso com a responsabilidade social. A participa\u00e7\u00e3o deles, juntamente com os servi\u00e7os de sa\u00fade e com a comunidade, favorece a cria\u00e7\u00e3o do v\u00ednculo e os coloca como respons\u00e1veis pelo desenvolvimento de uma a\u00e7\u00e3o coletiva de sa\u00fade.<\/p>\n<p>Foto: Aluna de Enfermagem da Unifadra durante a\u00e7\u00e3o volunt\u00e1ria na Campanha de Vacina\u00e7\u00e3o.<\/p>\n<p>Fonte: Assessoria de Imprensa Unifadra<\/p>\n","protected":false},"excerpt":{"rendered":"<p>Os alunos do curso de Enfermagem da Faculdade Unifadra\/Fundec de Dracena est\u00e3o participando como volunt\u00e1rios da Campanha Nacional de Vacina\u00e7\u00e3o contra Influenza, realizada pela Secretaria Municipal de Sa\u00fade de Dracena. A campanha nacional de imuniza\u00e7\u00e3o contra gripe (influenza) se estender\u00e1 por toda a semana e a vacina\u00e7\u00e3o est\u00e1 sendo realizada nos domic\u00edlios dos idosos de [&hellip;]<\/p>\n","protected":false},"author":1,"featured_media":22661,"comment_status":"closed","ping_status":"open","sticky":false,"template":"","format":"standard","meta":{"footnotes":""},"categories":[122],"tags":[],"class_list":["post-22660","post","type-post","status-publish","format-standard","has-post-thumbnail","hentry","category-saudeeducacaoeconcurso"],"_links":{"self":[{"href":"https:\/\/jorgezanoni.com.br\/2019\/wp-json\/wp\/v2\/posts\/22660","targetHints":{"allow":["GET"]}}],"collection":[{"href":"https:\/\/jorgezanoni.com.br\/2019\/wp-json\/wp\/v2\/posts"}],"about":[{"href":"https:\/\/jorgezanoni.com.br\/2019\/wp-json\/wp\/v2\/types\/post"}],"author":[{"embeddable":true,"href":"https:\/\/jorgezanoni.com.br\/2019\/wp-json\/wp\/v2\/users\/1"}],"replies":[{"embeddable":true,"href":"https:\/\/jorgezanoni.com.br\/2019\/wp-json\/wp\/v2\/comments?post=22660"}],"version-history":[{"count":0,"href":"https:\/\/jorgezanoni.com.br\/2019\/wp-json\/wp\/v2\/posts\/22660\/revisions"}],"wp:featuredmedia":[{"embeddable":true,"href":"https:\/\/jorgezanoni.com.br\/2019\/wp-json\/wp\/v2\/media\/22661"}],"wp:attachment":[{"href":"https:\/\/jorgezanoni.com.br\/2019\/wp-json\/wp\/v2\/media?parent=22660"}],"wp:term":[{"taxonomy":"category","embeddable":true,"href":"https:\/\/jorgezanoni.com.br\/2019\/wp-json\/wp\/v2\/categories?post=22660"},{"taxonomy":"post_tag","embeddable":true,"href":"https:\/\/jorgezanoni.com.br\/2019\/wp-json\/wp\/v2\/tags?post=22660"}],"curies":[{"name":"wp","href":"https:\/\/api.w.org\/{rel}","templated":true}]}}