{"id":22617,"date":"2020-03-31T01:27:26","date_gmt":"2020-03-31T01:27:26","guid":{"rendered":"https:\/\/jorgezanoni.com.br\/2019\/?p=22617"},"modified":"2020-03-31T01:27:26","modified_gmt":"2020-03-31T01:27:26","slug":"prefeito-de-sao-bernardo-e-internado-na-uti-apos-piora-em-quadro-de-coronavirus","status":"publish","type":"post","link":"https:\/\/jorgezanoni.com.br\/2019\/prefeito-de-sao-bernardo-e-internado-na-uti-apos-piora-em-quadro-de-coronavirus\/","title":{"rendered":"Prefeito de S\u00e3o Bernardo \u00e9 internado na UTI, ap\u00f3s piora em quadro de coronav\u00edrus"},"content":{"rendered":"<h2 class=\"content-head__subtitle\" style=\"text-align: justify;\"><strong>Orlando Morando (PSDB), de 45 anos, testou positivo na quarta-feira (25), e estava em quarentena. M\u00e9dico visitou prefeito neste domingo (29) e constatou baixa oxigena\u00e7\u00e3o.<\/strong><\/h2>\n<div class=\"mc-column content-text active-extra-styles \" data-block-type=\"unstyled\" data-block-weight=\"44\" data-block-id=\"2\">\n<p class=\"content-text__container \" style=\"text-align: justify;\" data-track-category=\"Link no Texto\" data-track-links=\"\">O prefeito de S\u00e3o Bernardo do Campo, Orlando Morando (PSDB), de 45 anos, foi internado neste domingo (29) na Unidade de Terapia Intensiva (UTI) do Hospital S\u00e3o Luiz, unidade de S\u00e3o Caetano do Sul, ap\u00f3s ter seu quadro respirat\u00f3rio agravado em decorr\u00eancia do coronav\u00edrus.<\/p>\n<\/div>\n<div class=\"wall protected-content\">\n<div class=\"mc-column content-text active-extra-styles\" style=\"text-align: justify;\" data-block-type=\"raw\" data-block-weight=\"11\" data-block-id=\"3\">\n<p>Segundo a Prefeitura de S\u00e3o Bernardo, munic\u00edpio da Grande S\u00e3o Paulo, nesta semana, ele estava em quarentena em casa, mas neste domingo, o m\u00e9dico passou em sua resid\u00eancia e constatou que a oxigena\u00e7\u00e3o estava muito baixa. Diante de maior risco, decidiu encaminh\u00e1-lo ao hospital para cuidados na UTI, visando sua recupera\u00e7\u00e3o.<\/p>\n<\/div>\n<div class=\"mc-column content-text active-extra-styles \" style=\"text-align: justify;\" data-block-type=\"unstyled\" data-block-weight=\"24\" data-block-id=\"5\">\n<p class=\"content-text__container \" data-track-category=\"Link no Texto\" data-track-links=\"\">Morando apresentou os primeiros sintomas na segunda-feira (23). Na quarta-feira (25)\u00a0<a href=\"https:\/\/g1.globo.com\/sp\/sao-paulo\/noticia\/2020\/03\/25\/prefeito-de-sao-bernardo-do-campo-na-grande-sp-esta-com-coronavirus.ghtml\">testou positivo para o Covid-19<\/a>\u00a0e depois disso o prefeito n\u00e3o apresentou melhoras.<\/p>\n<\/div>\n<div class=\"mc-column content-text active-extra-styles\" style=\"text-align: justify;\" data-block-type=\"raw\" data-block-weight=\"2\" data-block-id=\"6\">\n<div class=\"content-intertitle\">\n<h2>Teste positivo<\/h2>\n<\/div>\n<\/div>\n<div class=\"mc-column content-text active-extra-styles \" style=\"text-align: justify;\" data-block-type=\"unstyled\" data-block-weight=\"31\" data-block-id=\"7\">\n<p class=\"content-text__container \" data-track-category=\"Link no Texto\" data-track-links=\"\">O resultado positivo foi divulgado por ele em uma transmiss\u00e3o ao vivo pelas redes sociais, onde Orlando Morando, tossindo muito, comunicou o teste positivo para o coronav\u00edrus e mostrou o documento.<\/p>\n<\/div>\n<div class=\"mc-column content-text active-extra-styles \" style=\"text-align: justify;\" data-block-type=\"unstyled\" data-block-weight=\"65\" data-block-id=\"8\">\n<p class=\"content-text__container \" data-track-category=\"Link no Texto\" data-track-links=\"\">&#8220;Tomei e vou continuar tomando todas as medidas para proteger a cidade. Fui para linha de frente e infelizmente vou aqui comunicar a voc\u00eas que tamb\u00e9m fui atingido. \u00c9 triste? \u00c9 triste, n\u00e9?! T\u00e1 aqui meu exame, que diferente do presidente da Rep\u00fablica, n\u00e3o tenho medo de mostrar. Infelizmente deu positivo. \u00c9 muito triste, porque n\u00e3o queria que isso tivesse acontecido, mas estou firme&#8221;, afirmou Morando.<\/p>\n<p class=\"content-text__container \" data-track-category=\"Link no Texto\" data-track-links=\"\"><span style=\"font-family: inherit; font-size: inherit; font-style: inherit; font-variant-ligatures: inherit; font-variant-caps: inherit; font-weight: inherit; text-align: center;\">&#8220;Como deu positivo, infelizmente vou ter que ficar em isolamento agora por 14 dias, a contar do dia de ontem [ter\u00e7a] quando tive o diagn\u00f3stico. Vou continuar trabalhando aqui da minha casa, fazendo as confer\u00eancias. Espero que Deus me d\u00ea sa\u00fade para continuar trabalhando&#8221;, declarou.<\/span><\/p>\n<\/div>\n<div class=\"mc-column content-text active-extra-styles \" style=\"text-align: justify;\" data-block-type=\"unstyled\" data-block-weight=\"45\" data-block-id=\"10\">\n<p class=\"content-text__container \" data-track-category=\"Link no Texto\" data-track-links=\"\">A esposa do prefeito de S\u00e3o Bernardo, deputada Carla Morando, tamb\u00e9m anunciou que testou positivo para a doen\u00e7a.<\/p>\n<\/div>\n<div class=\"mc-column content-text active-extra-styles \" data-block-type=\"unstyled\" data-block-weight=\"70\" data-block-id=\"13\">\n<p class=\"content-text__container \" style=\"text-align: justify;\" data-track-category=\"Link no Texto\" data-track-links=\"\">&#8220;Eu j\u00e1 tinha feito o teste, o resultado acabou de chegar e tamb\u00e9m deu positivo para o coronav\u00edrus. As crian\u00e7as j\u00e1 est\u00e3o isoladas e eu o Orlando faremos a quarentena juntos. Temos f\u00e9 em Deus que logo logo tudo isso vai passar, mas mesmo na quarentena vou ficar trabalhando de casa. Agrade\u00e7o as palavras de carinho e apoio que estamos recebendo. Que Deus proteja a todos&#8221;, declarou a deputada estadual.<\/p>\n<\/div>\n<div class=\"row medium-uncollapsed content-media content-photo\" data-block-type=\"backstage-photo\" data-block-id=\"14\">\n<div class=\"mc-column content-media__container\">\n<div class=\"progressive-img can-open-lightbox\" data-min-size=\"1008x756\" data-min-size-url=\"https:\/\/s2.glbimg.com\/87Ugm1SHUnw8O3hSrcELL_YxyFs=\/0x0:960x720\/1008x0\/smart\/filters:strip_icc()\/i.s3.glbimg.com\/v1\/AUTH_59edd422c0c84a879bd37670ae4f538a\/internal_photos\/bs\/2020\/4\/V\/LmxPWRTES6FGXMAezysQ\/carla-e-orlando.jpg\" data-max-size=\"1600x1200\" data-max-size-url=\"https:\/\/s2.glbimg.com\/R7wgNbNP7uA4i0OqC6hJQWds0pc=\/0x0:960x720\/1600x0\/smart\/filters:strip_icc()\/i.s3.glbimg.com\/v1\/AUTH_59edd422c0c84a879bd37670ae4f538a\/internal_photos\/bs\/2020\/4\/V\/LmxPWRTES6FGXMAezysQ\/carla-e-orlando.jpg\" data-media-index=\"1\">\n<div class=\"placeholder-container\"><img decoding=\"async\" class=\"image content-media__image progressive-loaded\" title=\"A deputada estadual Carla Morando e o marido prefeito de S\u00e3o Bernardo do Campo. \u2014 Foto: Divulga\u00e7\u00e3o\" src=\"https:\/\/s2.glbimg.com\/0_VlxHsgsU_DPgtzWwSMmLHnHRg=\/0x0:960x720\/984x0\/smart\/filters:strip_icc()\/i.s3.glbimg.com\/v1\/AUTH_59edd422c0c84a879bd37670ae4f538a\/internal_photos\/bs\/2020\/4\/V\/LmxPWRTES6FGXMAezysQ\/carla-e-orlando.jpg\" alt=\"A deputada estadual Carla Morando e o marido prefeito de S\u00e3o Bernardo do Campo. \u2014 Foto: Divulga\u00e7\u00e3o\" data-src=\"https:\/\/s2.glbimg.com\/0_VlxHsgsU_DPgtzWwSMmLHnHRg=\/0x0:960x720\/984x0\/smart\/filters:strip_icc()\/i.s3.glbimg.com\/v1\/AUTH_59edd422c0c84a879bd37670ae4f538a\/internal_photos\/bs\/2020\/4\/V\/LmxPWRTES6FGXMAezysQ\/carla-e-orlando.jpg\" \/><\/div>\n<\/div>\n<p class=\"content-media__description \">A deputada estadual Carla Morando e o marido prefeito de S\u00e3o Bernardo do Campo. \u2014 Foto: Divulga\u00e7\u00e3o<\/p>\n<p>Fonte: G1<\/p>\n<\/div>\n<\/div>\n<\/div>\n","protected":false},"excerpt":{"rendered":"<p>Orlando Morando (PSDB), de 45 anos, testou positivo na quarta-feira (25), e estava em quarentena. M\u00e9dico visitou prefeito neste domingo (29) e constatou baixa oxigena\u00e7\u00e3o. O prefeito de S\u00e3o Bernardo do Campo, Orlando Morando (PSDB), de 45 anos, foi internado neste domingo (29) na Unidade de Terapia Intensiva (UTI) do Hospital S\u00e3o Luiz, unidade de [&hellip;]<\/p>\n","protected":false},"author":1,"featured_media":22618,"comment_status":"closed","ping_status":"open","sticky":false,"template":"","format":"standard","meta":{"footnotes":""},"categories":[110,116],"tags":[],"class_list":["post-22617","post","type-post","status-publish","format-standard","has-post-thumbnail","hentry","category-noticiasdestaque","category-politicaeeconomia"],"_links":{"self":[{"href":"https:\/\/jorgezanoni.com.br\/2019\/wp-json\/wp\/v2\/posts\/22617","targetHints":{"allow":["GET"]}}],"collection":[{"href":"https:\/\/jorgezanoni.com.br\/2019\/wp-json\/wp\/v2\/posts"}],"about":[{"href":"https:\/\/jorgezanoni.com.br\/2019\/wp-json\/wp\/v2\/types\/post"}],"author":[{"embeddable":true,"href":"https:\/\/jorgezanoni.com.br\/2019\/wp-json\/wp\/v2\/users\/1"}],"replies":[{"embeddable":true,"href":"https:\/\/jorgezanoni.com.br\/2019\/wp-json\/wp\/v2\/comments?post=22617"}],"version-history":[{"count":0,"href":"https:\/\/jorgezanoni.com.br\/2019\/wp-json\/wp\/v2\/posts\/22617\/revisions"}],"wp:featuredmedia":[{"embeddable":true,"href":"https:\/\/jorgezanoni.com.br\/2019\/wp-json\/wp\/v2\/media\/22618"}],"wp:attachment":[{"href":"https:\/\/jorgezanoni.com.br\/2019\/wp-json\/wp\/v2\/media?parent=22617"}],"wp:term":[{"taxonomy":"category","embeddable":true,"href":"https:\/\/jorgezanoni.com.br\/2019\/wp-json\/wp\/v2\/categories?post=22617"},{"taxonomy":"post_tag","embeddable":true,"href":"https:\/\/jorgezanoni.com.br\/2019\/wp-json\/wp\/v2\/tags?post=22617"}],"curies":[{"name":"wp","href":"https:\/\/api.w.org\/{rel}","templated":true}]}}