{"id":22614,"date":"2020-03-31T01:13:45","date_gmt":"2020-03-31T01:13:45","guid":{"rendered":"https:\/\/jorgezanoni.com.br\/2019\/?p=22614"},"modified":"2020-03-31T01:13:45","modified_gmt":"2020-03-31T01:13:45","slug":"mariano-que-faz-dupla-com-munhoz-e-diagnosticado-com-coronavirus","status":"publish","type":"post","link":"https:\/\/jorgezanoni.com.br\/2019\/mariano-que-faz-dupla-com-munhoz-e-diagnosticado-com-coronavirus\/","title":{"rendered":"Mariano, que faz dupla com Munhoz, \u00e9 diagnosticado com coronav\u00edrus"},"content":{"rendered":"<h2 class=\"content-head__subtitle\" style=\"text-align: justify;\"><strong>Cantor sertanejo divulgou teste positivo em rede social. &#8216;Mas eu estou bem, n\u00e3o estou com sintomas fortes, estou bem tranquilo&#8217;, afirmou.<\/strong><\/h2>\n<div class=\"mc-column content-text active-extra-styles \" data-block-type=\"unstyled\" data-block-weight=\"22\" data-block-id=\"2\">\n<p class=\"content-text__container \" style=\"text-align: justify;\" data-track-category=\"Link no Texto\" data-track-links=\"\">O cantor Ricardo Mariano Gomes, da dupla sertaneja\u00a0<a href=\"https:\/\/g1.globo.com\/tudo-sobre\/munhoz-e-mariano\/\">Munhoz e Mariano<\/a>, afirmou nesta segunda-feira (30) que foi diagnosticado com o\u00a0<a href=\"https:\/\/g1.globo.com\/bemestar\/coronavirus\/\">novo coronav\u00edrus<\/a>.<\/p>\n<\/div>\n<div class=\"wall protected-content\">\n<div class=\"mc-column content-text active-extra-styles \" style=\"text-align: justify;\" data-block-type=\"unstyled\" data-block-weight=\"44\" data-block-id=\"3\">\n<p class=\"content-text__container \" data-track-category=\"Link no Texto\" data-track-links=\"\">&#8220;Infelizmente saiu o resultado do meu exame, e eu tamb\u00e9m fui detectado positivo para o Covid. Mas eu estou bem, n\u00e3o estou com sintomas fortes, estou bem tranquilo&#8221;, disse Mariano em sua conta no Instagram, sobre a infec\u00e7\u00e3o causada pela nova forma do v\u00edrus.<\/p>\n<\/div>\n<div class=\"mc-column content-text active-extra-styles \" style=\"text-align: justify;\" data-block-type=\"unstyled\" data-block-weight=\"40\" data-block-id=\"4\">\n<p class=\"content-text__container \" data-track-category=\"Link no Texto\" data-track-links=\"\">Ele conta que o irm\u00e3o apresentou sintomas ao longo da semana, passou mal no s\u00e1bado (28) e teve de ser internado. Mesmo assim, afirma estar assintom\u00e1tico. &#8220;N\u00e3o estou com dores, n\u00e3o estou com falta de ar. N\u00e3o estou com nada.&#8221;<\/p>\n<\/div>\n<div class=\"mc-column content-text active-extra-styles \" style=\"text-align: justify;\" data-block-type=\"unstyled\" data-block-weight=\"43\" data-block-id=\"5\">\n<p class=\"content-text__container \" data-track-category=\"Link no Texto\" data-track-links=\"\">Mariano aproveitou para pedir para que os f\u00e3s tomem cuidado. &#8220;Fiquem em casa. A gente acha que nunca vai acontecer com a gente, mas o neg\u00f3cio realmente n\u00e3o est\u00e1 brincadeira&#8221;, afirmou ele. &#8220;Redobrem os cuidados a\u00ed com higieniza\u00e7\u00e3o, com a sa\u00fade de voc\u00eas.&#8221;<\/p>\n<\/div>\n<div class=\"mc-column content-text active-extra-styles \" data-block-type=\"unstyled\" data-block-weight=\"30\" data-block-id=\"6\">\n<p class=\"content-text__container \" style=\"text-align: justify;\" data-track-category=\"Link no Texto\" data-track-links=\"\">Ele se junta a uma\u00a0<a href=\"https:\/\/g1.globo.com\/pop-arte\/noticia\/2020\/03\/12\/tom-hanks-rudy-gobert-e-mais-famosos-sao-diagnosticados-com-novo-coronavirus.ghtml\">lista crescente de artistas diagnosticados com o novo coronav\u00edrus<\/a> em meio \u00e0 pandemia, que j\u00e1 conta com Tom Hanks, Di Ferrero e Fernanda Paes Leme.<\/p>\n<\/div>\n<div class=\"row medium-uncollapsed content-media content-photo\" data-block-type=\"backstage-photo\" data-block-id=\"7\">\n<div class=\"mc-column content-media__container\">\n<div class=\"progressive-img can-open-lightbox\" data-min-size=\"1008x1791\" data-min-size-url=\"https:\/\/s2.glbimg.com\/6LBENzNbzDb7PontgY-l3Ng9HCM=\/0x0:463x823\/1008x0\/smart\/filters:strip_icc()\/i.s3.glbimg.com\/v1\/AUTH_59edd422c0c84a879bd37670ae4f538a\/internal_photos\/bs\/2020\/P\/i\/H9XUfHR0SwKIk1oTji7A\/mariano-coronavirus.jpg\" data-max-size=\"1600x2844\" data-max-size-url=\"https:\/\/s2.glbimg.com\/ZMRTJITFv1i0J0Ohmbh_D1DIhsc=\/0x0:463x823\/1600x0\/smart\/filters:strip_icc()\/i.s3.glbimg.com\/v1\/AUTH_59edd422c0c84a879bd37670ae4f538a\/internal_photos\/bs\/2020\/P\/i\/H9XUfHR0SwKIk1oTji7A\/mariano-coronavirus.jpg\" data-media-index=\"1\"><picture><source srcset=\"https:\/\/s2.glbimg.com\/kpPPMv1D4XrumLNI3h0xjbKjYQ8=\/0x0:463x823\/600x0\/smart\/filters:strip_icc()\/i.s3.glbimg.com\/v1\/AUTH_59edd422c0c84a879bd37670ae4f538a\/internal_photos\/bs\/2020\/P\/i\/H9XUfHR0SwKIk1oTji7A\/mariano-coronavirus.jpg 1x, https:\/\/s2.glbimg.com\/nsV5OPtHbNsVESIZPU5uAfUrZoc=\/0x0:463x823\/1200x0\/smart\/filters:strip_icc()\/i.s3.glbimg.com\/v1\/AUTH_59edd422c0c84a879bd37670ae4f538a\/internal_photos\/bs\/2020\/P\/i\/H9XUfHR0SwKIk1oTji7A\/mariano-coronavirus.jpg 2x\" media=\"(max-width: 1024px)\" data-src=\"https:\/\/s2.glbimg.com\/kpPPMv1D4XrumLNI3h0xjbKjYQ8=\/0x0:463x823\/600x0\/smart\/filters:strip_icc()\/i.s3.glbimg.com\/v1\/AUTH_59edd422c0c84a879bd37670ae4f538a\/internal_photos\/bs\/2020\/P\/i\/H9XUfHR0SwKIk1oTji7A\/mariano-coronavirus.jpg 1x, https:\/\/s2.glbimg.com\/nsV5OPtHbNsVESIZPU5uAfUrZoc=\/0x0:463x823\/1200x0\/smart\/filters:strip_icc()\/i.s3.glbimg.com\/v1\/AUTH_59edd422c0c84a879bd37670ae4f538a\/internal_photos\/bs\/2020\/P\/i\/H9XUfHR0SwKIk1oTji7A\/mariano-coronavirus.jpg 2x\" \/><source srcset=\"https:\/\/s2.glbimg.com\/UEE3COy3gWFp29FjYdDPxBq1pjQ=\/0x0:463x823\/640x0\/smart\/filters:strip_icc()\/i.s3.glbimg.com\/v1\/AUTH_59edd422c0c84a879bd37670ae4f538a\/internal_photos\/bs\/2020\/P\/i\/H9XUfHR0SwKIk1oTji7A\/mariano-coronavirus.jpg 1x, https:\/\/s2.glbimg.com\/ZzFdljcn1LExg6DSFPIVA0ov_G4=\/0x0:463x823\/1280x0\/smart\/filters:strip_icc()\/i.s3.glbimg.com\/v1\/AUTH_59edd422c0c84a879bd37670ae4f538a\/internal_photos\/bs\/2020\/P\/i\/H9XUfHR0SwKIk1oTji7A\/mariano-coronavirus.jpg 2x\" media=\"(max-width: 1280px)\" data-src=\"https:\/\/s2.glbimg.com\/UEE3COy3gWFp29FjYdDPxBq1pjQ=\/0x0:463x823\/640x0\/smart\/filters:strip_icc()\/i.s3.glbimg.com\/v1\/AUTH_59edd422c0c84a879bd37670ae4f538a\/internal_photos\/bs\/2020\/P\/i\/H9XUfHR0SwKIk1oTji7A\/mariano-coronavirus.jpg 1x, https:\/\/s2.glbimg.com\/ZzFdljcn1LExg6DSFPIVA0ov_G4=\/0x0:463x823\/1280x0\/smart\/filters:strip_icc()\/i.s3.glbimg.com\/v1\/AUTH_59edd422c0c84a879bd37670ae4f538a\/internal_photos\/bs\/2020\/P\/i\/H9XUfHR0SwKIk1oTji7A\/mariano-coronavirus.jpg 2x\" \/><source srcset=\"https:\/\/s2.glbimg.com\/4Qg9cnjP9RfZ_Zj6VcdCn8BRRww=\/0x0:463x823\/984x0\/smart\/filters:strip_icc()\/i.s3.glbimg.com\/v1\/AUTH_59edd422c0c84a879bd37670ae4f538a\/internal_photos\/bs\/2020\/P\/i\/H9XUfHR0SwKIk1oTji7A\/mariano-coronavirus.jpg 1x, https:\/\/s2.glbimg.com\/leiCFpVb9pU4_BRXBZQlRsaQrys=\/0x0:463x823\/1968x0\/smart\/filters:strip_icc()\/i.s3.glbimg.com\/v1\/AUTH_59edd422c0c84a879bd37670ae4f538a\/internal_photos\/bs\/2020\/P\/i\/H9XUfHR0SwKIk1oTji7A\/mariano-coronavirus.jpg 2x\" media=\"(max-width: 1360px)\" data-src=\"https:\/\/s2.glbimg.com\/4Qg9cnjP9RfZ_Zj6VcdCn8BRRww=\/0x0:463x823\/984x0\/smart\/filters:strip_icc()\/i.s3.glbimg.com\/v1\/AUTH_59edd422c0c84a879bd37670ae4f538a\/internal_photos\/bs\/2020\/P\/i\/H9XUfHR0SwKIk1oTji7A\/mariano-coronavirus.jpg 1x, https:\/\/s2.glbimg.com\/leiCFpVb9pU4_BRXBZQlRsaQrys=\/0x0:463x823\/1968x0\/smart\/filters:strip_icc()\/i.s3.glbimg.com\/v1\/AUTH_59edd422c0c84a879bd37670ae4f538a\/internal_photos\/bs\/2020\/P\/i\/H9XUfHR0SwKIk1oTji7A\/mariano-coronavirus.jpg 2x\" \/><source srcset=\"https:\/\/s2.glbimg.com\/lYzTXZjf6LQ-EymXGIzXtBnBiFc=\/0x0:463x823\/1000x0\/smart\/filters:strip_icc()\/i.s3.glbimg.com\/v1\/AUTH_59edd422c0c84a879bd37670ae4f538a\/internal_photos\/bs\/2020\/P\/i\/H9XUfHR0SwKIk1oTji7A\/mariano-coronavirus.jpg 1x, https:\/\/s2.glbimg.com\/IXECVlfZZgp8yvACRzZoGDu66Vw=\/0x0:463x823\/2000x0\/smart\/filters:strip_icc()\/i.s3.glbimg.com\/v1\/AUTH_59edd422c0c84a879bd37670ae4f538a\/internal_photos\/bs\/2020\/P\/i\/H9XUfHR0SwKIk1oTji7A\/mariano-coronavirus.jpg 2x\" media=\"(min-width: 1361px)\" data-src=\"https:\/\/s2.glbimg.com\/lYzTXZjf6LQ-EymXGIzXtBnBiFc=\/0x0:463x823\/1000x0\/smart\/filters:strip_icc()\/i.s3.glbimg.com\/v1\/AUTH_59edd422c0c84a879bd37670ae4f538a\/internal_photos\/bs\/2020\/P\/i\/H9XUfHR0SwKIk1oTji7A\/mariano-coronavirus.jpg 1x, https:\/\/s2.glbimg.com\/IXECVlfZZgp8yvACRzZoGDu66Vw=\/0x0:463x823\/2000x0\/smart\/filters:strip_icc()\/i.s3.glbimg.com\/v1\/AUTH_59edd422c0c84a879bd37670ae4f538a\/internal_photos\/bs\/2020\/P\/i\/H9XUfHR0SwKIk1oTji7A\/mariano-coronavirus.jpg 2x\" \/><source srcset=\"https:\/\/s2.glbimg.com\/4Qg9cnjP9RfZ_Zj6VcdCn8BRRww=\/0x0:463x823\/984x0\/smart\/filters:strip_icc()\/i.s3.glbimg.com\/v1\/AUTH_59edd422c0c84a879bd37670ae4f538a\/internal_photos\/bs\/2020\/P\/i\/H9XUfHR0SwKIk1oTji7A\/mariano-coronavirus.jpg\" data-src=\"https:\/\/s2.glbimg.com\/4Qg9cnjP9RfZ_Zj6VcdCn8BRRww=\/0x0:463x823\/984x0\/smart\/filters:strip_icc()\/i.s3.glbimg.com\/v1\/AUTH_59edd422c0c84a879bd37670ae4f538a\/internal_photos\/bs\/2020\/P\/i\/H9XUfHR0SwKIk1oTji7A\/mariano-coronavirus.jpg\" \/><img decoding=\"async\" class=\"image content-media__image progressive-loaded\" title=\"Mariano, que faz dupla com Munhoz, diz em rede social que teste para novo coronav\u00edrus deu positivo \u2014 Foto: Reprodu\u00e7\u00e3o\/Instagram\/mariano\" src=\"https:\/\/s2.glbimg.com\/4Qg9cnjP9RfZ_Zj6VcdCn8BRRww=\/0x0:463x823\/984x0\/smart\/filters:strip_icc()\/i.s3.glbimg.com\/v1\/AUTH_59edd422c0c84a879bd37670ae4f538a\/internal_photos\/bs\/2020\/P\/i\/H9XUfHR0SwKIk1oTji7A\/mariano-coronavirus.jpg\" alt=\"Mariano, que faz dupla com Munhoz, diz em rede social que teste para novo coronav\u00edrus deu positivo \u2014 Foto: Reprodu\u00e7\u00e3o\/Instagram\/mariano\" data-src=\"https:\/\/s2.glbimg.com\/4Qg9cnjP9RfZ_Zj6VcdCn8BRRww=\/0x0:463x823\/984x0\/smart\/filters:strip_icc()\/i.s3.glbimg.com\/v1\/AUTH_59edd422c0c84a879bd37670ae4f538a\/internal_photos\/bs\/2020\/P\/i\/H9XUfHR0SwKIk1oTji7A\/mariano-coronavirus.jpg\" \/><\/picture><\/div>\n<p class=\"content-media__description \" style=\"text-align: justify;\">Mariano, que faz dupla com Munhoz, diz em rede social que teste para novo coronav\u00edrus deu positivo \u2014 Foto: Reprodu\u00e7\u00e3o\/Instagram\/mariano<\/p>\n<p style=\"text-align: justify;\">Fonte: G1<\/p>\n<\/div>\n<\/div>\n<\/div>\n","protected":false},"excerpt":{"rendered":"<p>Cantor sertanejo divulgou teste positivo em rede social. &#8216;Mas eu estou bem, n\u00e3o estou com sintomas fortes, estou bem tranquilo&#8217;, afirmou. O cantor Ricardo Mariano Gomes, da dupla sertaneja\u00a0Munhoz e Mariano, afirmou nesta segunda-feira (30) que foi diagnosticado com o\u00a0novo coronav\u00edrus. &#8220;Infelizmente saiu o resultado do meu exame, e eu tamb\u00e9m fui detectado positivo para [&hellip;]<\/p>\n","protected":false},"author":1,"featured_media":22615,"comment_status":"closed","ping_status":"open","sticky":false,"template":"","format":"standard","meta":{"footnotes":""},"categories":[183,110],"tags":[],"class_list":["post-22614","post","type-post","status-publish","format-standard","has-post-thumbnail","hentry","category-musicaeturismo","category-noticiasdestaque"],"_links":{"self":[{"href":"https:\/\/jorgezanoni.com.br\/2019\/wp-json\/wp\/v2\/posts\/22614","targetHints":{"allow":["GET"]}}],"collection":[{"href":"https:\/\/jorgezanoni.com.br\/2019\/wp-json\/wp\/v2\/posts"}],"about":[{"href":"https:\/\/jorgezanoni.com.br\/2019\/wp-json\/wp\/v2\/types\/post"}],"author":[{"embeddable":true,"href":"https:\/\/jorgezanoni.com.br\/2019\/wp-json\/wp\/v2\/users\/1"}],"replies":[{"embeddable":true,"href":"https:\/\/jorgezanoni.com.br\/2019\/wp-json\/wp\/v2\/comments?post=22614"}],"version-history":[{"count":0,"href":"https:\/\/jorgezanoni.com.br\/2019\/wp-json\/wp\/v2\/posts\/22614\/revisions"}],"wp:featuredmedia":[{"embeddable":true,"href":"https:\/\/jorgezanoni.com.br\/2019\/wp-json\/wp\/v2\/media\/22615"}],"wp:attachment":[{"href":"https:\/\/jorgezanoni.com.br\/2019\/wp-json\/wp\/v2\/media?parent=22614"}],"wp:term":[{"taxonomy":"category","embeddable":true,"href":"https:\/\/jorgezanoni.com.br\/2019\/wp-json\/wp\/v2\/categories?post=22614"},{"taxonomy":"post_tag","embeddable":true,"href":"https:\/\/jorgezanoni.com.br\/2019\/wp-json\/wp\/v2\/tags?post=22614"}],"curies":[{"name":"wp","href":"https:\/\/api.w.org\/{rel}","templated":true}]}}