{"id":22607,"date":"2020-03-31T00:10:30","date_gmt":"2020-03-31T00:10:30","guid":{"rendered":"https:\/\/jorgezanoni.com.br\/2019\/?p=22607"},"modified":"2020-03-31T00:21:24","modified_gmt":"2020-03-31T00:21:24","slug":"casos-de-coronavirus-no-brasil-em-30-de-marco","status":"publish","type":"post","link":"https:\/\/jorgezanoni.com.br\/2019\/casos-de-coronavirus-no-brasil-em-30-de-marco\/","title":{"rendered":"Casos de coronav\u00edrus no Brasil em 30 de mar\u00e7o"},"content":{"rendered":"<h2 class=\"content-head__subtitle\" style=\"text-align: justify;\"><strong>Secretarias estaduais de sa\u00fade contabilizam 4.630 infectados em todos os estados e 163 mortos.<\/strong><\/h2>\n<div class=\"mc-column content-text active-extra-styles \" style=\"text-align: justify;\" data-block-type=\"unstyled\" data-block-weight=\"24\" data-block-id=\"2\">\n<p class=\"content-text__container \" data-track-category=\"Link no Texto\" data-track-links=\"\">As secretarias estaduais de Sa\u00fade divulgaram, at\u00e9 as 20h00 desta segunda-feira (30),<strong>\u00a04.630 casos confirmados do\u00a0<\/strong><a href=\"https:\/\/g1.globo.com\/bemestar\/coronavirus\/\"><strong>novo coronav\u00edrus (Sars-Cov-2)<\/strong><\/a><strong>\u00a0no Brasil com 163 mortos<\/strong>.<\/p>\n<\/div>\n<div class=\"wall protected-content\">\n<div class=\"mc-column content-text active-extra-styles \" style=\"text-align: justify;\" data-block-type=\"unstyled\" data-block-weight=\"16\" data-block-id=\"3\">\n<p class=\"content-text__container \" data-track-category=\"Link no Texto\" data-track-links=\"\"><a href=\"https:\/\/g1.globo.com\/sp\/sao-paulo\/noticia\/2020\/03\/30\/sao-paulo-tem-113-mortos-por-coronavirus-e-1517-casos-confirmados.ghtml\">S\u00e3o Paulo registra 113 mortes<\/a>\u00a0e o\u00a0<a href=\"https:\/\/g1.globo.com\/rj\/rio-de-janeiro\/noticia\/2020\/03\/30\/casos-de-coronavirus-no-rj-em-30-de-marco.ghtml\">Rio de Janeiro tem 18 casos<\/a>\u00a0fatais da doen\u00e7a.<\/p>\n<\/div>\n<div class=\"mc-column content-text active-extra-styles \" style=\"text-align: justify;\" data-block-type=\"unstyled\" data-block-weight=\"81\" data-block-id=\"4\">\n<p class=\"content-text__container \" data-track-category=\"Link no Texto\" data-track-links=\"\">A secretaria estadual de Sa\u00fade do Rio Grande do Sul\u00a0<a href=\"https:\/\/g1.globo.com\/rs\/rio-grande-do-sul\/noticia\/2020\/03\/30\/secretaria-de-saude-do-rs-confirma-terceira-morte-por-coronavirus.ghtml\">confirmou a terceira morte nesta manh\u00e3<\/a>\u00a0e, durante a tarde, a quarta morte no estado. J\u00e1 o\u00a0<a href=\"https:\/\/g1.globo.com\/mg\/minas-gerais\/noticia\/2020\/03\/30\/coronavirus-governo-confirma-oficialmente-a-primeira-morte-pela-doenca-em-minas-gerais.ghtml\">governo de Minas registrou a primeira morte pela doen\u00e7a<\/a>\u00a0e o numero de casos chegou a 261.\u00a0<a href=\"https:\/\/g1.globo.com\/pe\/pernambuco\/noticia\/2020\/03\/29\/pernambuco-registra-73-casos-confirmados-do-novo-coronavirus.ghtml\">Pernambuco registra mais uma morte e chega a seis no total.<\/a>\u00a0Rond\u00f4nia registrou a primeira morte pela Covid-19. A Bahia registrou o segundo caso fatal da doen\u00e7a na noite desta segunda-feira.\u00a0<a href=\"https:\/\/g1.globo.com\/pi\/piaui\/noticia\/2020\/03\/30\/piaui-tem-quatro-obitos-e-18-casos-confirmados-de-coronavirus-diz-secretaria-de-saude.ghtml\">Piau\u00ed j\u00e1 tem quatro mortos<\/a>.<\/p>\n<\/div>\n<div class=\"mc-column content-text active-extra-styles \" style=\"text-align: justify;\" data-block-type=\"unstyled\" data-block-weight=\"71\" data-block-id=\"5\">\n<p class=\"content-text__container \" data-track-category=\"Link no Texto\" data-track-links=\"\">No Distrito Federal,\u00a0<a href=\"https:\/\/g1.globo.com\/df\/distrito-federal\/noticia\/2020\/03\/30\/chega-a-311-numero-de-casos-de-coronavirus-no-df-30-sao-graves.ghtml\">subiu para 311 o n\u00famero de casos<\/a>. Em Mato Grosso, os n\u00fameros chegam a 18 casos. No Amap\u00e1, o\u00a0<a href=\"https:\/\/g1.globo.com\/ap\/amapa\/noticia\/2020\/03\/30\/coronavirus-amapa-tem-8-casos-e-monitora-320-suspeitos-em-12-municipios.ghtml\">n\u00famero de casos dobrou e chegou a 8<\/a>. Goi\u00e1s j\u00e1 tem 61 casos da Covid-19. Na\u00a0<a href=\"https:\/\/g1.globo.com\/pa\/para\/noticia\/2020\/03\/30\/sespa-confirma-mais-2-casos-do-novo-coronavirus-sobe-para-26-numero-de-infectados-no-pa.ghtml\">Para\u00edba j\u00e1 s\u00e3o 17 casos<\/a>\u00a0e o Par\u00e1 tem 26 casos. O Rio Grande do Norte\u00a0<a href=\"https:\/\/g1.globo.com\/rn\/rio-grande-do-norte\/noticia\/2020\/03\/30\/casos-confirmados-de-coronavirus-no-rn-sobem-para-77.ghtml\">registrou mais nove casos nesta manh\u00e3\u00a0<\/a>e o n\u00famero total de infectados passou para 77.<\/p>\n<\/div>\n<div class=\"mc-column content-text active-extra-styles \" data-block-type=\"unstyled\" data-block-weight=\"25\" data-block-id=\"6\">\n<p class=\"content-text__container \" style=\"text-align: justify;\" data-track-category=\"Link no Texto\" data-track-links=\"\">O\u00a0<strong>Minist\u00e9rio da Sa\u00fade<\/strong>\u00a0atualizou seus n\u00fameros na tarde de segunda-feira (30), informando que o<a href=\"https:\/\/g1.globo.com\/bemestar\/coronavirus\/noticia\/2020\/03\/29\/brasil-tem-136-mortes-e-4256-casos-confirmados-de-coronavirus-diz-ministerio.ghtml\">\u00a0<\/a><a href=\"https:\/\/g1.globo.com\/bemestar\/coronavirus\/noticia\/2020\/03\/30\/brasil-tem-159-mortes-e-4579-casos-confirmados-de-coronavirus-diz-ministerio.ghtml\">Brasil tem 159 mortes e 4.579 casos confirmados de coronav\u00edrus<\/a>.<\/p>\n<div id=\"header\" class=\"dw-chart-header\" style=\"text-align: justify;\"><\/div>\n<div id=\"chart\" class=\"dw-chart-body content-below-chart\">\n<div class=\"zoom-buttons\" style=\"text-align: justify;\">Fonte: https:\/\/g1.globo.com\/bemestar\/coronavirus\/noticia\/2020\/03\/30\/casos-de-coronavirus-no-brasil-em-30-de-marco.ghtml<\/div>\n<\/div>\n<\/div>\n<\/div>\n","protected":false},"excerpt":{"rendered":"<p>Secretarias estaduais de sa\u00fade contabilizam 4.630 infectados em todos os estados e 163 mortos. As secretarias estaduais de Sa\u00fade divulgaram, at\u00e9 as 20h00 desta segunda-feira (30),\u00a04.630 casos confirmados do\u00a0novo coronav\u00edrus (Sars-Cov-2)\u00a0no Brasil com 163 mortos. S\u00e3o Paulo registra 113 mortes\u00a0e o\u00a0Rio de Janeiro tem 18 casos\u00a0fatais da doen\u00e7a. A secretaria estadual de Sa\u00fade do Rio [&hellip;]<\/p>\n","protected":false},"author":1,"featured_media":22609,"comment_status":"closed","ping_status":"open","sticky":false,"template":"","format":"standard","meta":{"footnotes":""},"categories":[110,122],"tags":[],"class_list":["post-22607","post","type-post","status-publish","format-standard","has-post-thumbnail","hentry","category-noticiasdestaque","category-saudeeducacaoeconcurso"],"_links":{"self":[{"href":"https:\/\/jorgezanoni.com.br\/2019\/wp-json\/wp\/v2\/posts\/22607","targetHints":{"allow":["GET"]}}],"collection":[{"href":"https:\/\/jorgezanoni.com.br\/2019\/wp-json\/wp\/v2\/posts"}],"about":[{"href":"https:\/\/jorgezanoni.com.br\/2019\/wp-json\/wp\/v2\/types\/post"}],"author":[{"embeddable":true,"href":"https:\/\/jorgezanoni.com.br\/2019\/wp-json\/wp\/v2\/users\/1"}],"replies":[{"embeddable":true,"href":"https:\/\/jorgezanoni.com.br\/2019\/wp-json\/wp\/v2\/comments?post=22607"}],"version-history":[{"count":0,"href":"https:\/\/jorgezanoni.com.br\/2019\/wp-json\/wp\/v2\/posts\/22607\/revisions"}],"wp:featuredmedia":[{"embeddable":true,"href":"https:\/\/jorgezanoni.com.br\/2019\/wp-json\/wp\/v2\/media\/22609"}],"wp:attachment":[{"href":"https:\/\/jorgezanoni.com.br\/2019\/wp-json\/wp\/v2\/media?parent=22607"}],"wp:term":[{"taxonomy":"category","embeddable":true,"href":"https:\/\/jorgezanoni.com.br\/2019\/wp-json\/wp\/v2\/categories?post=22607"},{"taxonomy":"post_tag","embeddable":true,"href":"https:\/\/jorgezanoni.com.br\/2019\/wp-json\/wp\/v2\/tags?post=22607"}],"curies":[{"name":"wp","href":"https:\/\/api.w.org\/{rel}","templated":true}]}}