{"id":22604,"date":"2020-03-30T23:40:29","date_gmt":"2020-03-30T23:40:29","guid":{"rendered":"https:\/\/jorgezanoni.com.br\/2019\/?p=22604"},"modified":"2020-03-30T23:40:29","modified_gmt":"2020-03-30T23:40:29","slug":"bauru-divulga-primeiro-caso-positivo-de-covid-19","status":"publish","type":"post","link":"https:\/\/jorgezanoni.com.br\/2019\/bauru-divulga-primeiro-caso-positivo-de-covid-19\/","title":{"rendered":"Bauru divulga primeiro caso positivo de Covid-19"},"content":{"rendered":"<h2 class=\"content-head__subtitle\" style=\"text-align: justify;\"><strong>Centro-oeste paulista tem outros tr\u00eas casos confirmados de coronav\u00edrus, em Botucatu, Len\u00e7\u00f3is Paulista e Bariri (SP), mas alguns aguardam contraprova do Adolfo Lutz.<\/strong><\/h2>\n<div class=\"mc-column content-text active-extra-styles \" data-block-type=\"unstyled\" data-block-weight=\"25\" data-block-id=\"2\">\n<p class=\"content-text__container \" style=\"text-align: justify;\" data-track-category=\"Link no Texto\" data-track-links=\"\">O prefeito de Bauru (SP), Clodoaldo Gazzetta, divulgou nesta segunda-feira (30) o primeiro caso confirmado de coronav\u00edrus no munic\u00edpio, atrav\u00e9s de uma<a href=\"https:\/\/www.facebook.com\/prefeituradebauruoficial\/videos\/555652798401669\/\" target=\"_blank\" rel=\"noopener noreferrer\">\u00a0live no Facebook<\/a>.<\/p>\n<\/div>\n<div class=\"wall protected-content\">\n<div class=\"mc-column content-text active-extra-styles \" data-block-type=\"unstyled\" data-block-weight=\"49\" data-block-id=\"3\">\n<p class=\"content-text__container \" style=\"text-align: justify;\" data-track-category=\"Link no Texto\" data-track-links=\"\">Segundo o prefeito, o caso foi confirmado por um laborat\u00f3rio particular j\u00e1 credenciado pelo Instituto Adolfo Lutz e repassado para a Secretaria de Sa\u00fade e comit\u00ea gestor de enfrentamento ao coronav\u00edrus da cidade. Trata-se de um homem de 51 anos, que apresentou sintomas de Covid-19 no \u00faltimo dia 20.<\/p>\n<p style=\"text-align: justify;\" data-track-category=\"Link no Texto\" data-track-links=\"\">Ainda de acordo com a prefeitura, o paciente \u00e9 diab\u00e9tico, hipertenso e possui doen\u00e7a cardiovascular cr\u00f4nica. Ele apresentou hist\u00f3rico de viagem para S\u00e3o Paulo nos \u00faltimos 14 dias e segue internado em estado grave em um hospital particular de Bauru.<\/p>\n<div class=\"mc-column content-text active-extra-styles \" style=\"text-align: justify;\" data-block-type=\"unstyled\" data-block-weight=\"24\" data-block-id=\"7\">\n<p class=\"content-text__container \" data-track-category=\"Link no Texto\" data-track-links=\"\">Na live, Gazzetta reafirmou o compromisso do munic\u00edpio para combater o coronav\u00edrus e pediu para que as pessoas permane\u00e7am em isolamento social.<\/p>\n<\/div>\n<div class=\"mc-column content-text active-extra-styles\" style=\"text-align: justify;\" data-block-type=\"raw\" data-block-weight=\"13\" data-block-id=\"8\">\n<ul class=\"content-unordered-list\">\n<li><a href=\"https:\/\/g1.globo.com\/sp\/bauru-marilia\/ao-vivo\/confira-as-ultimas-noticias-sobre-o-coronavirus-nas-regioes-de-bauru-e-marilia.ghtml\"><strong>Confira a cobertura AO VIVO dos desdobramentos da pandemia de coronav\u00edrus na regi\u00e3o.<\/strong><\/a><\/li>\n<\/ul>\n<\/div>\n<div class=\"mc-column content-text active-extra-styles\" style=\"text-align: justify;\" data-block-type=\"raw\" data-block-weight=\"5\" data-block-id=\"9\">\n<div class=\"content-intertitle\">\n<h2>Outros casos no centro-oeste paulista<\/h2>\n<\/div>\n<\/div>\n<div class=\"mc-column content-text active-extra-styles \" style=\"text-align: justify;\" data-block-type=\"unstyled\" data-block-weight=\"33\" data-block-id=\"10\">\n<p class=\"content-text__container \" data-track-category=\"Link no Texto\" data-track-links=\"\">Al\u00e9m do caso confirmado em Bauru, a Secretaria de Sa\u00fade de Len\u00e7\u00f3is Paulista recebeu no final da tarde de domingo (29) a\u00a0<a href=\"https:\/\/g1.globo.com\/sp\/bauru-marilia\/noticia\/2020\/03\/30\/lencois-paulista-divulga-primeiro-caso-confirmado-de-covid-19.ghtml\">confirma\u00e7\u00e3o laboratorial do primeiro caso positivo de coronav\u00edrus na cidade<\/a>.<\/p>\n<\/div>\n<div class=\"mc-column content-text active-extra-styles \" style=\"text-align: justify;\" data-block-type=\"unstyled\" data-block-weight=\"41\" data-block-id=\"11\">\n<p class=\"content-text__container \" data-track-category=\"Link no Texto\" data-track-links=\"\">O paciente \u00e9 do sexo masculino, tem 49 anos e segue internado no Hospital Nossa Senhora da Piedade. A prefeitura j\u00e1 encaminhou a notifica\u00e7\u00e3o para o Minist\u00e9rio da Sa\u00fade, com isso, \u00e9 o primeiro caso oficialmente confirmado no centro-oeste paulista.<\/p>\n<\/div>\n<div class=\"mc-column content-text active-extra-styles \" style=\"text-align: justify;\" data-block-type=\"unstyled\" data-block-weight=\"25\" data-block-id=\"12\">\n<p class=\"content-text__container \" data-track-category=\"Link no Texto\" data-track-links=\"\"><a href=\"https:\/\/g1.globo.com\/sp\/bauru-marilia\/noticia\/2020\/03\/27\/centro-oeste-paulista-tem-tres-casos-confirmados-de-covid-19-contraprovas-serao-realizadas.ghtml\">Outros dois casos tamb\u00e9m testaram positivo em Botucatu e Bariri,<\/a>\u00a0no entanto, as prefeituras dessas cidades aguardam resultado de contraprova do Instituto Adolfo Lutz.<\/p>\n<\/div>\n<div class=\"mc-column content-text active-extra-styles \" style=\"text-align: justify;\" data-block-type=\"unstyled\" data-block-weight=\"27\" data-block-id=\"13\">\n<p class=\"content-text__container \" data-track-category=\"Link no Texto\" data-track-links=\"\">Em Botucatu, uma\u00a0<a href=\"https:\/\/g1.globo.com\/sp\/bauru-marilia\/noticia\/2020\/03\/27\/paciente-de-botucatu-testa-positivo-para-covid-19.ghtml\">idosa de 60 anos testou positivo<\/a> para a doen\u00e7a, com teste feito no hemocentro do Hospital das Cl\u00ednicas.<\/p>\n<div class=\"mc-column content-text active-extra-styles \" data-block-type=\"unstyled\" data-block-weight=\"28\" data-block-id=\"15\">\n<p class=\"content-text__container \" data-track-category=\"Link no Texto\" data-track-links=\"\">J\u00e1 em Bariri, o caso \u00e9 de um homem de 37 anos que foi transferido para a Unidade de Tratamento Intensivo (UTI) do Hospital Estadual de Bauru.<\/p>\n<\/div>\n<div class=\"mc-column content-text active-extra-styles \" data-block-type=\"unstyled\" data-block-weight=\"21\" data-block-id=\"16\">\n<p class=\"content-text__container \" data-track-category=\"Link no Texto\" data-track-links=\"\">O diagn\u00f3stico foi feito atrav\u00e9s de exame feito em laborat\u00f3rio particular cujo resultado positivo saiu na manh\u00e3 de sexta-feira (27).<\/p>\n<p data-track-category=\"Link no Texto\" data-track-links=\"\">Fonte: https:\/\/g1.globo.com\/sp\/bauru-marilia\/noticia\/2020\/03\/30\/bauru-divulga-primeiro-caso-positivo-de-covid-19.ghtml<\/p>\n<\/div>\n<\/div>\n<div class=\"mc-column content-media content-video\" data-block-type=\"backstage-video\" data-block-id=\"14\">\n<div class=\"content-media__container\">\n<div class=\"content-video__bigger-player-description-fixer content-media__container--loaded\">\n<div class=\"content-video__video\">\n<div id=\"wp3-player-3\" class=\"nocursor clappr-player\" tabindex=\"9999\" data-player=\"\">\n<div class=\"container master-container pointer-enabled\" data-container=\"\" data-pip=\"\">\n<div class=\"poster\">\n<div class=\"poster__background\" style=\"text-align: justify;\"><\/div>\n<div class=\"poster__background-overlay\"><\/div>\n<div class=\"poster__play-wrapper\"><\/div>\n<\/div>\n<div class=\"id-playback\" data-id-playback=\"\"><\/div>\n<\/div>\n<div class=\"media-control media-control-hide\">\n<div class=\"media-control-panel\">\n<div class=\"media-control-panel__back-layer\">\n<div class=\"media-control-position__left\"><\/div>\n<div class=\"media-control-position__center\"><\/div>\n<div class=\"media-control-position__right\"><\/div>\n<\/div>\n<div class=\"media-control-panel__upper\">\n<div class=\"opposites-container\">\n<div class=\"media-control-position__left\"><\/div>\n<div class=\"media-control-position__right\"><\/div>\n<\/div>\n<div class=\"media-control-position__center\"><\/div>\n<\/div>\n<div class=\"media-control-panel__middle\">\n<div class=\"media-control-position__left\"><\/div>\n<div class=\"media-control-position__center\"><\/div>\n<div class=\"media-control-position__right\"><\/div>\n<div class=\"quick-seek hidden media-control-element\">\n<div class=\"quick-seek-container\">\n<div class=\"quick-seek-placeholder quick-seek-placeholder--left\">\n<div class=\"quick-seek-placeholder-background quick-seek-placeholder-background--left\"><\/div>\n<div class=\"quick-seek-arrow-placeholder\"><\/div>\n<\/div>\n<\/div>\n<\/div>\n<\/div>\n<div class=\"media-control-panel__between\"><button class=\"media-control-button skip-button skip-button--live_button skip-button--hidden media-control-element\" data-skip-button=\"\">\u00a0<\/button><\/div>\n<div class=\"media-control-panel__lower\" data-controls=\"\">\n<div class=\"media-control-position__center\">\n<div class=\"bar-container media-control-element\" data-seekbar=\"\">\n<div class=\"bar-background\" data-seekbar=\"\">\n<div class=\"bar-fill-1\" data-seekbar=\"\"><\/div>\n<div class=\"bar-fill-2\" data-seekbar=\"\"><\/div>\n<\/div>\n<div class=\"bar-scrubber\" data-seekbar=\"\">\n<div class=\"bar-scrubber-icon\" data-seekbar=\"\"><\/div>\n<\/div>\n<div class=\"thumb-preview thumb-preview--hidden\">\n<div class=\"thumb-preview__thumb\"><\/div>\n<div class=\"thumb-preview__position\"><\/div>\n<\/div>\n<\/div>\n<div class=\"bar-container__placeholder\"><\/div>\n<\/div>\n<div class=\"opposites-container\">\n<div class=\"media-control-position__right\">\n<div class=\"drawer-container volume-hide media-control-element\" data-volume=\"\">\n<div class=\"bar-container\" data-volume=\"\">\n<div class=\"bar-background\" data-volume=\"\">\n<div class=\"bar-fill-1\" data-volume=\"\"><\/div>\n<div class=\"bar-hover\" data-volume=\"\"><\/div>\n<\/div>\n<div class=\"bar-scrubber\" data-volume=\"\">\n<div class=\"bar-scrubber-icon\" data-volume=\"\"><\/div>\n<\/div>\n<\/div>\n<\/div>\n<p><button class=\"media-control-button media-control-element\" data-fullscreen=\"\" aria-label=\"fullscreen\"><\/button><\/div>\n<\/div>\n<\/div>\n<div class=\"media-control-panel__front-layer\">\n<div class=\"media-control-position__left\"><\/div>\n<div class=\"media-control-position__center\"><\/div>\n<div class=\"media-control-position__right\"><\/div>\n<\/div>\n<div class=\"media-control-panel__modal\"><\/div>\n<\/div>\n<\/div>\n<\/div>\n<\/div>\n<\/div>\n<\/div>\n<\/div>\n<\/div>\n<\/div>\n","protected":false},"excerpt":{"rendered":"<p>Centro-oeste paulista tem outros tr\u00eas casos confirmados de coronav\u00edrus, em Botucatu, Len\u00e7\u00f3is Paulista e Bariri (SP), mas alguns aguardam contraprova do Adolfo Lutz. O prefeito de Bauru (SP), Clodoaldo Gazzetta, divulgou nesta segunda-feira (30) o primeiro caso confirmado de coronav\u00edrus no munic\u00edpio, atrav\u00e9s de uma\u00a0live no Facebook. Segundo o prefeito, o caso foi confirmado por [&hellip;]<\/p>\n","protected":false},"author":1,"featured_media":22605,"comment_status":"closed","ping_status":"open","sticky":false,"template":"","format":"standard","meta":{"footnotes":""},"categories":[110,122],"tags":[],"class_list":["post-22604","post","type-post","status-publish","format-standard","has-post-thumbnail","hentry","category-noticiasdestaque","category-saudeeducacaoeconcurso"],"_links":{"self":[{"href":"https:\/\/jorgezanoni.com.br\/2019\/wp-json\/wp\/v2\/posts\/22604","targetHints":{"allow":["GET"]}}],"collection":[{"href":"https:\/\/jorgezanoni.com.br\/2019\/wp-json\/wp\/v2\/posts"}],"about":[{"href":"https:\/\/jorgezanoni.com.br\/2019\/wp-json\/wp\/v2\/types\/post"}],"author":[{"embeddable":true,"href":"https:\/\/jorgezanoni.com.br\/2019\/wp-json\/wp\/v2\/users\/1"}],"replies":[{"embeddable":true,"href":"https:\/\/jorgezanoni.com.br\/2019\/wp-json\/wp\/v2\/comments?post=22604"}],"version-history":[{"count":0,"href":"https:\/\/jorgezanoni.com.br\/2019\/wp-json\/wp\/v2\/posts\/22604\/revisions"}],"wp:featuredmedia":[{"embeddable":true,"href":"https:\/\/jorgezanoni.com.br\/2019\/wp-json\/wp\/v2\/media\/22605"}],"wp:attachment":[{"href":"https:\/\/jorgezanoni.com.br\/2019\/wp-json\/wp\/v2\/media?parent=22604"}],"wp:term":[{"taxonomy":"category","embeddable":true,"href":"https:\/\/jorgezanoni.com.br\/2019\/wp-json\/wp\/v2\/categories?post=22604"},{"taxonomy":"post_tag","embeddable":true,"href":"https:\/\/jorgezanoni.com.br\/2019\/wp-json\/wp\/v2\/tags?post=22604"}],"curies":[{"name":"wp","href":"https:\/\/api.w.org\/{rel}","templated":true}]}}