{"id":2260,"date":"2019-07-27T19:03:27","date_gmt":"2019-07-27T19:03:27","guid":{"rendered":"http:\/\/jorgezanoni.com.br\/2019\/?p=2260"},"modified":"2019-07-27T19:03:27","modified_gmt":"2019-07-27T19:03:27","slug":"internauta-revela-gasto-de-quase-r9-mil-com-maquina-de-cafe-pela-camara-municipal-de-oc","status":"publish","type":"post","link":"https:\/\/jorgezanoni.com.br\/2019\/internauta-revela-gasto-de-quase-r9-mil-com-maquina-de-cafe-pela-camara-municipal-de-oc\/","title":{"rendered":"Internauta revela gasto de quase R$9 mil com m\u00e1quina de caf\u00e9 pela C\u00e2mara Municipal de OC"},"content":{"rendered":"<p style=\"text-align: justify;\"><strong>Segundo o Portal da Transpar\u00eancia, a C\u00e2mara Municipal de Osvaldo Cruz comprou uma m\u00e1quina de caf\u00e9 no valor de R$8.850,00.<\/strong><\/p>\n<div class=\"notice-box notice-box-no-padding\" style=\"text-align: justify;\">\n<div class=\"container\">\n<div class=\"notice-content notice-content-no-padding\">\n<div class=\"notice-text\">\n<p>No final da tarde desta quarta-feira (24), um internauta morador em Osvaldo Cruz, postou em sua p\u00e1gina na rede social Facebook, uma foto do Portal da Transpar\u00eancia que revela um gasto de quase R$9 mil pela C\u00e2mara Municipal de Osvaldo Cruz com a compra de uma m\u00e1quina de caf\u00e9.<\/p>\n<p>O internauta, Marcelo Mazaro, falou com a reportagem do Portal Metr\u00f3pole de Not\u00edcias sobre a sua indigna\u00e7\u00e3o com o gasto excessivo. \u201cA indigna\u00e7\u00e3o n\u00e3o \u00e9 pelo fato dos vereadores poderem ou n\u00e3o tomar caf\u00e9, mas pelo valor investido em uma m\u00e1quina de quase 9 mil reais, onde verificamos a situa\u00e7\u00e3o que est\u00e1 a cidade e n\u00e3o tem ningu\u00e9m que vai contra esses gastos principalmente por parte do presidente da c\u00e2mara, primeiro com compra de novo ve\u00edculo, com imprensa e agora com essa m\u00e1quina de caf\u00e9.\u201d, disse.<\/p>\n<p>Segundo Mazaro, quando alguns questionamentos s\u00e3o feitos para alguns vereadores, eles se fazem de desentendidos. \u201cAo meu ver, os vereadores s\u00f3 s\u00e3o contra algo que \u00e9 feito na cidade quando \u00e9 por parte do executivo, agora quando \u00e9 feito pelo presidente da C\u00e2mara ningu\u00e9m se pronuncia. Tem vereadores que quando voc\u00ea vai fazer algum tipo de questionamento, eles se fazem de desentendidos.\u201d, finalizou.<\/p>\n<p><strong>O outro lado<\/strong><\/p>\n<p>A reportagem do Portal Metr\u00f3pole de Not\u00edcias procurou o presidente da C\u00e2mara Municipal de Osvaldo Cruz, Homero Morales Massarente, que falou sobre esse assunto. \u201cN\u00e3o entendi a pol\u00eamica, porque a m\u00e1quina j\u00e1 existia, a C\u00e2mara j\u00e1 possu\u00eda uma m\u00e1quina que quebrou. A m\u00e1quina era antiga e a coisa p\u00fablica \u00e9 diferente do particular, com isso n\u00f3s pod\u00edamos alugar ou comprar uma outra m\u00e1quina. Os servidores cotaram e um aluguel ficaria em torno de R$400 a R$500 por m\u00eas com uma empresa de Presidente Prudente que faz loca\u00e7\u00e3o para v\u00e1rias C\u00e2maras, mas come\u00e7os a fazer os or\u00e7amentos, fizemos tr\u00eas e essa m\u00e1quina foi comprada pelo menor valor e de uma empresa aqui de Osvaldo Cruz, o Caf\u00e9 Altr\u00e3o que venceu a licita\u00e7\u00e3o. Ent\u00e3o o houve foi que a m\u00e1quina que j\u00e1 tinha aqui na C\u00e2mara quebrou, a\u00ed tivemos que repor e compramos tudo dentro da legalidade.\u201d, disse.<\/p>\n<p>O presidente da C\u00e2mara Municipal destacou que a Casa de Leis de Osvaldo Cruz recebe cerca de 50 pessoas por dia e que todas s\u00e3o bem recebidas e servidas. \u201cEssa m\u00e1quina serve aos vereadores, serve aos funcion\u00e1rios e tamb\u00e9m serve a popula\u00e7\u00e3o, n\u00f3s recebemos aqui cerca de 50 pessoas por dia, inclusive ontem tivemos uma reuni\u00e3o com a participa\u00e7\u00e3o do prefeito e de moradores da Vila S\u00e3o Jos\u00e9 que vieram falar sobre a falta de m\u00e9dico no PSF daquele bairro, todas as pessoas que vieram aqui utilizaram todos os servi\u00e7os que a C\u00e2mara d\u00e1 e o pensamento pol\u00edtico \u00e9 sempre de melhorar as coisas, a C\u00e2mara pode servir um caf\u00e9, um chocolate, um cappuccino. Ent\u00e3o, ela foi cotada por menor or\u00e7amento e venceu uma empresa que gera emprego, renda e recolhe os impostos na cidade. A compra da m\u00e1quina n\u00e3o foi algo in\u00e9dito e fant\u00e1stico.\u201d.<\/p>\n<p>Homero Massarente falou para a reportagem do Portal Metr\u00f3pole de Not\u00edcias que a popula\u00e7\u00e3o est\u00e1 convidada a comparecer na C\u00e2mara para ver as melhorias que foram realizadas. &#8220;Enquanto estivermos aqui, vamos fazer, vamos melhor a C\u00e2mara Municipal, vamos fazer um banheiro para atender a todos, porque o nosso banheiro n\u00e3o tem acessibilidade. Eu n\u00e3o tenho medo de fazer, n\u00e3o tenho medo de realizar. Tenho vontade de fazer, a C\u00e2mara \u00e9 a casa da popula\u00e7\u00e3o e est\u00e1 de portas abertas para receber todos. N\u00f3s preservamos a obra p\u00fablica e investimos com responsabilidade. A popula\u00e7\u00e3o de Osvaldo Cruz precisa ser bem servida na C\u00e2mara, aqui \u00e9 a casa do povo.\u201d, finalizou.<\/p>\n<\/div>\n<\/div>\n<\/div>\n<\/div>\n<div class=\"gallery\">\n<div class=\"container\">\n<div class=\"grid\" style=\"text-align: justify;\">\n<div class=\"grid-sizer\"><\/div>\n<p><a class=\"grid-item fancy\" href=\"http:\/\/www.fmmetropole.com.br\/\/arquivos\/noticia\/antigas\/2019-Julho\/cafe2.jpg\" rel=\"gallery\"><img decoding=\"async\" class=\"gallery-image\" src=\"http:\/\/www.fmmetropole.com.br\/\/arquivos\/noticia\/antigas\/2019-Julho\/cafe2.jpg\" alt=\"Imagem 1\" \/><\/a><\/div>\n<\/div>\n<\/div>\n<div><\/div>\n<div>Fonte: fmmetropole<\/div>\n","protected":false},"excerpt":{"rendered":"<p>Segundo o Portal da Transpar\u00eancia, a C\u00e2mara Municipal de Osvaldo Cruz comprou uma m\u00e1quina de caf\u00e9 no valor de R$8.850,00. No final da tarde desta quarta-feira (24), um internauta morador em Osvaldo Cruz, postou em sua p\u00e1gina na rede social Facebook, uma foto do Portal da Transpar\u00eancia que revela um gasto de quase R$9 mil [&hellip;]<\/p>\n","protected":false},"author":1,"featured_media":2261,"comment_status":"open","ping_status":"open","sticky":false,"template":"","format":"standard","meta":{"footnotes":""},"categories":[114,110],"tags":[],"class_list":["post-2260","post","type-post","status-publish","format-standard","has-post-thumbnail","hentry","category-geralecomercio","category-noticiasdestaque"],"_links":{"self":[{"href":"https:\/\/jorgezanoni.com.br\/2019\/wp-json\/wp\/v2\/posts\/2260","targetHints":{"allow":["GET"]}}],"collection":[{"href":"https:\/\/jorgezanoni.com.br\/2019\/wp-json\/wp\/v2\/posts"}],"about":[{"href":"https:\/\/jorgezanoni.com.br\/2019\/wp-json\/wp\/v2\/types\/post"}],"author":[{"embeddable":true,"href":"https:\/\/jorgezanoni.com.br\/2019\/wp-json\/wp\/v2\/users\/1"}],"replies":[{"embeddable":true,"href":"https:\/\/jorgezanoni.com.br\/2019\/wp-json\/wp\/v2\/comments?post=2260"}],"version-history":[{"count":0,"href":"https:\/\/jorgezanoni.com.br\/2019\/wp-json\/wp\/v2\/posts\/2260\/revisions"}],"wp:featuredmedia":[{"embeddable":true,"href":"https:\/\/jorgezanoni.com.br\/2019\/wp-json\/wp\/v2\/media\/2261"}],"wp:attachment":[{"href":"https:\/\/jorgezanoni.com.br\/2019\/wp-json\/wp\/v2\/media?parent=2260"}],"wp:term":[{"taxonomy":"category","embeddable":true,"href":"https:\/\/jorgezanoni.com.br\/2019\/wp-json\/wp\/v2\/categories?post=2260"},{"taxonomy":"post_tag","embeddable":true,"href":"https:\/\/jorgezanoni.com.br\/2019\/wp-json\/wp\/v2\/tags?post=2260"}],"curies":[{"name":"wp","href":"https:\/\/api.w.org\/{rel}","templated":true}]}}