{"id":22596,"date":"2020-03-30T22:09:30","date_gmt":"2020-03-30T22:09:30","guid":{"rendered":"https:\/\/jorgezanoni.com.br\/2019\/?p=22596"},"modified":"2020-03-30T22:09:30","modified_gmt":"2020-03-30T22:09:30","slug":"acidente-entre-veiculo-kombi-e-caminhao-na-sp-294-rotatoria-da-coimma-em-dracena","status":"publish","type":"post","link":"https:\/\/jorgezanoni.com.br\/2019\/acidente-entre-veiculo-kombi-e-caminhao-na-sp-294-rotatoria-da-coimma-em-dracena\/","title":{"rendered":"Acidente entre ve\u00edculo Kombi e Caminh\u00e3o na SP-294, rotat\u00f3ria da Coimma em Dracena"},"content":{"rendered":"<p style=\"text-align: justify;\"><strong>Por volta de 17:00 desta segunda-feira (30), foi registrado um acidente de tr\u00e2nsito com v\u00edtima na rodovia SP-294, rotat\u00f3ria da Coimma.<\/strong><\/p>\n<div id=\"fb-root\"><\/div>\n<p><script async=\"1\" defer=\"1\" crossorigin=\"anonymous\" src=\"https:\/\/connect.facebook.net\/en_US\/sdk.js#xfbml=1&amp;version=v6.0\"><\/script><\/p>\n<div class=\"fb-video\" data-href=\"https:\/\/www.facebook.com\/jorgezanonidracena\/videos\/503986463810237\/\" data-width=\"696\">\n<blockquote cite=\"https:\/\/www.facebook.com\/jorgezanonidracena\/videos\/503986463810237\/\" class=\"fb-xfbml-parse-ignore\"><p><a href=\"https:\/\/www.facebook.com\/jorgezanonidracena\/videos\/503986463810237\/\">Acidente entre ve\u00edculo Kombi e Caminh\u00e3o na SP-294, rotat\u00f3ria da Coimma em Dracena<\/a><\/p>\n<p>Acidente entre ve\u00edculo Kombi e Caminh\u00e3o na SP-294, rotat\u00f3ria da Coimma em Dracena<\/p>\n<p>Posted by <a href=\"https:\/\/www.facebook.com\/jorgezanonidracena\/\">Jorge Zanoni<\/a> on Monday, March 30, 2020<\/p><\/blockquote>\n<\/div>\n<p style=\"text-align: justify;\">Segundo informa\u00e7\u00f5es obtidas no local pela reportagem do Site JZ, um caminh\u00e3o Mercedes-Bens placas de Junqueir\u00f3polis, dirigido por um idoso de 83 anos, teria sa\u00eddo de um posto de combust\u00edveis fazendo a al\u00e7a da rotat\u00f3ria para pegar o sentido Junqueir\u00f3polis.<\/p>\n<p style=\"text-align: justify;\">Neste momento, um ve\u00edculo Perua Kombi dirigido por um rapaz de 26 anos que fazia o sentido Junqueir\u00f3polis a Dracena pela Rodovia Comandante Jo\u00e3o Ribeiro de Barros, SP-294, colidiu no parte traseira da carroceria do pesado ve\u00edculo.<\/p>\n<p style=\"text-align: justify;\">Com o impacto da batida, a Kombi teve amassamentos consider\u00e1veis na parte da frente e houve a quebra do parabrisas.<\/p>\n<p style=\"text-align: justify;\">O condutor do ve\u00edculo foi socorrido consciente, por\u00e9m com escoria\u00e7\u00f5es e diversos cortes na cabe\u00e7a e rosto, provocados pelos estilha\u00e7os dos vidros, ao Pronto Atendimento Municipal de Dracena, por uma Unidade de Resgate do Corpo de Bombeiros.<\/p>\n<p style=\"text-align: justify;\">As Pol\u00edcias Militar de Dracena, Rodovi\u00e1ria de Adamantina e funcion\u00e1rios do D.E.R. trabalharam no local para controlar o tr\u00e2nsito e registro da ocorr\u00eancia, j\u00e1 a Pol\u00edcia T\u00e9cnica ir\u00e1 apontar as reais causas do acidente.<\/p>\n<p><img loading=\"lazy\" decoding=\"async\" class=\"alignnone size-full wp-image-22597\" src=\"https:\/\/jorgezanoni.com.br\/2019\/wp-content\/uploads\/2020\/03\/IMG_3459.jpg\" alt=\"\" width=\"800\" height=\"600\" srcset=\"https:\/\/jorgezanoni.com.br\/2019\/wp-content\/uploads\/2020\/03\/IMG_3459.jpg 800w, https:\/\/jorgezanoni.com.br\/2019\/wp-content\/uploads\/2020\/03\/IMG_3459-300x225.jpg 300w, https:\/\/jorgezanoni.com.br\/2019\/wp-content\/uploads\/2020\/03\/IMG_3459-768x576.jpg 768w, https:\/\/jorgezanoni.com.br\/2019\/wp-content\/uploads\/2020\/03\/IMG_3459-80x60.jpg 80w, https:\/\/jorgezanoni.com.br\/2019\/wp-content\/uploads\/2020\/03\/IMG_3459-265x198.jpg 265w, https:\/\/jorgezanoni.com.br\/2019\/wp-content\/uploads\/2020\/03\/IMG_3459-696x522.jpg 696w, https:\/\/jorgezanoni.com.br\/2019\/wp-content\/uploads\/2020\/03\/IMG_3459-560x420.jpg 560w\" sizes=\"auto, (max-width: 800px) 100vw, 800px\" \/> <img loading=\"lazy\" decoding=\"async\" class=\"alignnone size-full wp-image-22599\" src=\"https:\/\/jorgezanoni.com.br\/2019\/wp-content\/uploads\/2020\/03\/IMG_3461.jpg\" alt=\"\" width=\"800\" height=\"600\" srcset=\"https:\/\/jorgezanoni.com.br\/2019\/wp-content\/uploads\/2020\/03\/IMG_3461.jpg 800w, https:\/\/jorgezanoni.com.br\/2019\/wp-content\/uploads\/2020\/03\/IMG_3461-300x225.jpg 300w, https:\/\/jorgezanoni.com.br\/2019\/wp-content\/uploads\/2020\/03\/IMG_3461-768x576.jpg 768w, https:\/\/jorgezanoni.com.br\/2019\/wp-content\/uploads\/2020\/03\/IMG_3461-80x60.jpg 80w, https:\/\/jorgezanoni.com.br\/2019\/wp-content\/uploads\/2020\/03\/IMG_3461-265x198.jpg 265w, https:\/\/jorgezanoni.com.br\/2019\/wp-content\/uploads\/2020\/03\/IMG_3461-696x522.jpg 696w, https:\/\/jorgezanoni.com.br\/2019\/wp-content\/uploads\/2020\/03\/IMG_3461-560x420.jpg 560w\" sizes=\"auto, (max-width: 800px) 100vw, 800px\" \/> <img loading=\"lazy\" decoding=\"async\" class=\"alignnone size-full wp-image-22600\" src=\"https:\/\/jorgezanoni.com.br\/2019\/wp-content\/uploads\/2020\/03\/IMG_3463.jpg\" alt=\"\" width=\"800\" height=\"600\" srcset=\"https:\/\/jorgezanoni.com.br\/2019\/wp-content\/uploads\/2020\/03\/IMG_3463.jpg 800w, https:\/\/jorgezanoni.com.br\/2019\/wp-content\/uploads\/2020\/03\/IMG_3463-300x225.jpg 300w, https:\/\/jorgezanoni.com.br\/2019\/wp-content\/uploads\/2020\/03\/IMG_3463-768x576.jpg 768w, https:\/\/jorgezanoni.com.br\/2019\/wp-content\/uploads\/2020\/03\/IMG_3463-80x60.jpg 80w, https:\/\/jorgezanoni.com.br\/2019\/wp-content\/uploads\/2020\/03\/IMG_3463-265x198.jpg 265w, https:\/\/jorgezanoni.com.br\/2019\/wp-content\/uploads\/2020\/03\/IMG_3463-696x522.jpg 696w, https:\/\/jorgezanoni.com.br\/2019\/wp-content\/uploads\/2020\/03\/IMG_3463-560x420.jpg 560w\" sizes=\"auto, (max-width: 800px) 100vw, 800px\" \/> <img loading=\"lazy\" decoding=\"async\" class=\"alignnone size-full wp-image-22601\" src=\"https:\/\/jorgezanoni.com.br\/2019\/wp-content\/uploads\/2020\/03\/IMG_3465.jpg\" alt=\"\" width=\"800\" height=\"600\" srcset=\"https:\/\/jorgezanoni.com.br\/2019\/wp-content\/uploads\/2020\/03\/IMG_3465.jpg 800w, https:\/\/jorgezanoni.com.br\/2019\/wp-content\/uploads\/2020\/03\/IMG_3465-300x225.jpg 300w, https:\/\/jorgezanoni.com.br\/2019\/wp-content\/uploads\/2020\/03\/IMG_3465-768x576.jpg 768w, https:\/\/jorgezanoni.com.br\/2019\/wp-content\/uploads\/2020\/03\/IMG_3465-80x60.jpg 80w, https:\/\/jorgezanoni.com.br\/2019\/wp-content\/uploads\/2020\/03\/IMG_3465-265x198.jpg 265w, https:\/\/jorgezanoni.com.br\/2019\/wp-content\/uploads\/2020\/03\/IMG_3465-696x522.jpg 696w, https:\/\/jorgezanoni.com.br\/2019\/wp-content\/uploads\/2020\/03\/IMG_3465-560x420.jpg 560w\" sizes=\"auto, (max-width: 800px) 100vw, 800px\" \/><\/p>\n<p style=\"text-align: justify;\">Jorge Zanoni<\/p>\n<p>&nbsp;<\/p>\n","protected":false},"excerpt":{"rendered":"<p>Por volta de 17:00 desta segunda-feira (30), foi registrado um acidente de tr\u00e2nsito com v\u00edtima na rodovia SP-294, rotat\u00f3ria da Coimma. Acidente entre ve\u00edculo Kombi e Caminh\u00e3o na SP-294, rotat\u00f3ria da Coimma em Dracena Acidente entre ve\u00edculo Kombi e Caminh\u00e3o na SP-294, rotat\u00f3ria da Coimma em Dracena Posted by Jorge Zanoni on Monday, March 30, [&hellip;]<\/p>\n","protected":false},"author":1,"featured_media":22598,"comment_status":"closed","ping_status":"open","sticky":false,"template":"","format":"video","meta":{"footnotes":""},"categories":[170,110,169],"tags":[],"class_list":["post-22596","post","type-post","status-publish","format-video","has-post-thumbnail","hentry","category-acidentes","category-noticiasdestaque","category-videos","post_format-post-format-video"],"_links":{"self":[{"href":"https:\/\/jorgezanoni.com.br\/2019\/wp-json\/wp\/v2\/posts\/22596","targetHints":{"allow":["GET"]}}],"collection":[{"href":"https:\/\/jorgezanoni.com.br\/2019\/wp-json\/wp\/v2\/posts"}],"about":[{"href":"https:\/\/jorgezanoni.com.br\/2019\/wp-json\/wp\/v2\/types\/post"}],"author":[{"embeddable":true,"href":"https:\/\/jorgezanoni.com.br\/2019\/wp-json\/wp\/v2\/users\/1"}],"replies":[{"embeddable":true,"href":"https:\/\/jorgezanoni.com.br\/2019\/wp-json\/wp\/v2\/comments?post=22596"}],"version-history":[{"count":0,"href":"https:\/\/jorgezanoni.com.br\/2019\/wp-json\/wp\/v2\/posts\/22596\/revisions"}],"wp:featuredmedia":[{"embeddable":true,"href":"https:\/\/jorgezanoni.com.br\/2019\/wp-json\/wp\/v2\/media\/22598"}],"wp:attachment":[{"href":"https:\/\/jorgezanoni.com.br\/2019\/wp-json\/wp\/v2\/media?parent=22596"}],"wp:term":[{"taxonomy":"category","embeddable":true,"href":"https:\/\/jorgezanoni.com.br\/2019\/wp-json\/wp\/v2\/categories?post=22596"},{"taxonomy":"post_tag","embeddable":true,"href":"https:\/\/jorgezanoni.com.br\/2019\/wp-json\/wp\/v2\/tags?post=22596"}],"curies":[{"name":"wp","href":"https:\/\/api.w.org\/{rel}","templated":true}]}}