{"id":2257,"date":"2019-07-27T18:48:48","date_gmt":"2019-07-27T18:48:48","guid":{"rendered":"http:\/\/jorgezanoni.com.br\/2019\/?p=2257"},"modified":"2019-07-27T18:48:48","modified_gmt":"2019-07-27T18:48:48","slug":"bebe-de-4-meses-de-osvaldo-cruz-pode-ter-morrido-por-conta-de-complicacoes-da-dengue","status":"publish","type":"post","link":"https:\/\/jorgezanoni.com.br\/2019\/bebe-de-4-meses-de-osvaldo-cruz-pode-ter-morrido-por-conta-de-complicacoes-da-dengue\/","title":{"rendered":"Beb\u00ea de 4 meses de Osvaldo Cruz pode ter morrido por conta de complica\u00e7\u00f5es da dengue"},"content":{"rendered":"<div class=\"notice-title\">\n<div class=\"container\" style=\"text-align: justify;\"><strong><span class=\"description\">Crian\u00e7a estava internada em Presidente Prudente e faleceu nesta quarta-feira (24).<\/span><\/strong><\/div>\n<div style=\"text-align: justify;\"><\/div>\n<div style=\"text-align: justify;\">\n<p>A reportagem do Portal Metr\u00f3pole de Not\u00edcias recebeu informa\u00e7\u00f5es de familiares de uma beb\u00ea residente em Osvaldo Cruz, de apenas 4 meses de vida, que estava internada em Presidente Prudente faleceu nesta quarta-feira (24) e existe suspeita de que a morte tenha ocorrido em decorr\u00eancia de complica\u00e7\u00f5es causadas pela dengue.<\/p>\n<p>A Prefeitura de Osvaldo Cruz, atrav\u00e9s da Secretaria Municipal de Sa\u00fade, informou por meio de nota que tomou conhecimento sobre a morte de uma crian\u00e7a de 4 (quatro) meses de vida em Presidente Prudente nesta quarta-feira, 24.<\/p>\n<p>A crian\u00e7a faleceu no Hospital Regional de Presidente Prudente e anteriormente n\u00e3o foi avaliada pela Rede Municipal de Sa\u00fade de Osvaldo Cruz. Por op\u00e7\u00e3o da fam\u00edlia, a paciente foi encaminhada diretamente a Presidente Prudente. Assim, n\u00e3o h\u00e1 uma avalia\u00e7\u00e3o inicial por m\u00e9dicos locais, o que impossibilita afirmar que a causa do \u00f3bito tenha sido por dengue do tipo hemorr\u00e1gico.<\/p>\n<p>A Secretaria Municipal de Sa\u00fade acompanha o caso e tem informa\u00e7\u00f5es que o corpo da beb\u00ea foi submetido a necropsia, onde poder\u00e1 ser conhecida a causa da morte atrav\u00e9s de laudo pr\u00f3prio.<\/p>\n<p>Por hora, a Prefeitura de Osvaldo Cruz lamenta a morte da crian\u00e7a, se solidariza com os familaires e permanece atenta ao caso, inclusive com assessoria t\u00e9cnica de dois profissionais m\u00e9dicos. No momento oportuno haver\u00e1 manifesta\u00e7\u00e3o a respeito do caso com base em informa\u00e7\u00f5es documentais.<\/p>\n<p>Assessoria de Imprensa &#8211; Prefeitura de Osvaldo Cruz<\/p>\n<p>O HR de Presidente Prudente tamb\u00e9m emitiu uma nota sobre o caso.<\/p>\n<p>O Hospital Regional de Presidente Prudente &#8216;Dr. Domingos Leonardo Cer\u00e1volo&#8217; informa que a paciente em quest\u00e3o, uma crian\u00e7a do sexo feminino de 04 meses, deu entrada na unidade na manh\u00e3 de ontem (24) e recebeu os cuidados da equipe m\u00e9dica e multiprofissional. Por\u00e9m, devido \u00e0 gravidade do seu quadro, evoluiu a \u00f3bito \u00e0s 17h50.<\/p>\n<p>Fonte: fmmetropole<\/p>\n<\/div>\n<\/div>\n<div class=\"notice-header\">\n<div class=\"container\" style=\"text-align: justify;\"><\/div>\n<\/div>\n<p>&nbsp;<\/p>\n","protected":false},"excerpt":{"rendered":"<p>Crian\u00e7a estava internada em Presidente Prudente e faleceu nesta quarta-feira (24). A reportagem do Portal Metr\u00f3pole de Not\u00edcias recebeu informa\u00e7\u00f5es de familiares de uma beb\u00ea residente em Osvaldo Cruz, de apenas 4 meses de vida, que estava internada em Presidente Prudente faleceu nesta quarta-feira (24) e existe suspeita de que a morte tenha ocorrido em [&hellip;]<\/p>\n","protected":false},"author":1,"featured_media":2258,"comment_status":"open","ping_status":"open","sticky":false,"template":"","format":"standard","meta":{"footnotes":""},"categories":[110,2],"tags":[],"class_list":["post-2257","post","type-post","status-publish","format-standard","has-post-thumbnail","hentry","category-noticiasdestaque","category-policial"],"_links":{"self":[{"href":"https:\/\/jorgezanoni.com.br\/2019\/wp-json\/wp\/v2\/posts\/2257","targetHints":{"allow":["GET"]}}],"collection":[{"href":"https:\/\/jorgezanoni.com.br\/2019\/wp-json\/wp\/v2\/posts"}],"about":[{"href":"https:\/\/jorgezanoni.com.br\/2019\/wp-json\/wp\/v2\/types\/post"}],"author":[{"embeddable":true,"href":"https:\/\/jorgezanoni.com.br\/2019\/wp-json\/wp\/v2\/users\/1"}],"replies":[{"embeddable":true,"href":"https:\/\/jorgezanoni.com.br\/2019\/wp-json\/wp\/v2\/comments?post=2257"}],"version-history":[{"count":0,"href":"https:\/\/jorgezanoni.com.br\/2019\/wp-json\/wp\/v2\/posts\/2257\/revisions"}],"wp:featuredmedia":[{"embeddable":true,"href":"https:\/\/jorgezanoni.com.br\/2019\/wp-json\/wp\/v2\/media\/2258"}],"wp:attachment":[{"href":"https:\/\/jorgezanoni.com.br\/2019\/wp-json\/wp\/v2\/media?parent=2257"}],"wp:term":[{"taxonomy":"category","embeddable":true,"href":"https:\/\/jorgezanoni.com.br\/2019\/wp-json\/wp\/v2\/categories?post=2257"},{"taxonomy":"post_tag","embeddable":true,"href":"https:\/\/jorgezanoni.com.br\/2019\/wp-json\/wp\/v2\/tags?post=2257"}],"curies":[{"name":"wp","href":"https:\/\/api.w.org\/{rel}","templated":true}]}}