{"id":22524,"date":"2020-03-30T13:06:38","date_gmt":"2020-03-30T13:06:38","guid":{"rendered":"https:\/\/jorgezanoni.com.br\/2019\/?p=22524"},"modified":"2020-03-30T13:06:38","modified_gmt":"2020-03-30T13:06:38","slug":"homem-de-64-anos-e-internado-em-dracena-com-suspeita-de-coronavirus","status":"publish","type":"post","link":"https:\/\/jorgezanoni.com.br\/2019\/homem-de-64-anos-e-internado-em-dracena-com-suspeita-de-coronavirus\/","title":{"rendered":"Homem de 64 anos \u00e9 internado em Dracena com suspeita de Coronav\u00edrus"},"content":{"rendered":"<div id=\"id_5e81ee0cc3ffc1c90824599\" class=\"text_exposed_root text_exposed\" style=\"text-align: justify;\">NOTA OFICIAL<\/p>\n<p>A Prefeitura de Dracena, por meio da Secretaria Municipal de Sa\u00fade e Higiene P\u00fablica, comunica que um paciente morador de Dracena do sexo masculino de 64 anos, deu entrada no Pronto Atendimento Municipal (PAM) apresentando sintomas do novo coronav\u00edrus (Covid-19).<\/p>\n<p>O paciente encontra-se internado na Santa Casa em isolamento, onde passar\u00e1 por exame de tomografia, foi colhido material\u00a0<span class=\"text_exposed_show\">swab e encaminhado para exame no Instituto Adolfo Lutz.<\/p>\n<p>Todos os protocolos sanit\u00e1rios est\u00e3o sendo seguidos, conforme orienta\u00e7\u00e3o do Minist\u00e9rio da Sa\u00fade e Secretaria Estadual de Sa\u00fade.<\/p>\n<p><a class=\"_58cn\" href=\"https:\/\/www.facebook.com\/hashtag\/coronav%C3%ADrus?epa=HASHTAG&amp;__xts__%5B0%5D=68.ARAA1HXj9gG7QdsUazLsna98KhaIyLy-ygmZnhSnw0gx6Ih2V2c09nZkc82p_QmuMRc9X7NktIH7BMfT3S_Ytqnnd7abAJ2hYQA-CZSPpOMCY-y4tYz1ZPVtJx0qcvaZukKA8YWjv4UwedsXC7eO_CtnsYiIAdTOcRUUXbK2mjiYbsrS7EEFpdOdAQAgxk-Q1n5ce7EoAVDq-TYmJ9i6N1DqyvNAW5yQ_97nApJjmHEZTHhHyCJOrqvKfV9I_xjCePjt4YkJ7V3DkfX4SZXS16vgDAA8PYqf40MOmPqPnlP1y7ma2bMXsr5DJoBHwlZeIcZHYlYoz9PGDTZhGxJhzXO5S9B27S_1usI5AfMOvnTQnFUWMcLKiCH5eiUa-cclFTXX8w&amp;__tn__=%2ANK%2AF\" data-ft=\"{&quot;type&quot;:104,&quot;tn&quot;:&quot;*N&quot;}\">#Coronav\u00edrus<\/a><br \/>\n<a class=\"_58cn\" href=\"https:\/\/www.facebook.com\/hashtag\/fiqueemcasa?epa=HASHTAG&amp;__xts__%5B0%5D=68.ARAA1HXj9gG7QdsUazLsna98KhaIyLy-ygmZnhSnw0gx6Ih2V2c09nZkc82p_QmuMRc9X7NktIH7BMfT3S_Ytqnnd7abAJ2hYQA-CZSPpOMCY-y4tYz1ZPVtJx0qcvaZukKA8YWjv4UwedsXC7eO_CtnsYiIAdTOcRUUXbK2mjiYbsrS7EEFpdOdAQAgxk-Q1n5ce7EoAVDq-TYmJ9i6N1DqyvNAW5yQ_97nApJjmHEZTHhHyCJOrqvKfV9I_xjCePjt4YkJ7V3DkfX4SZXS16vgDAA8PYqf40MOmPqPnlP1y7ma2bMXsr5DJoBHwlZeIcZHYlYoz9PGDTZhGxJhzXO5S9B27S_1usI5AfMOvnTQnFUWMcLKiCH5eiUa-cclFTXX8w&amp;__tn__=%2ANK%2AF\" data-ft=\"{&quot;type&quot;:104,&quot;tn&quot;:&quot;*N&quot;}\">#FiqueEmCasa<\/a><br \/>\n<a class=\"_58cn\" href=\"https:\/\/www.facebook.com\/hashtag\/nad%C3%BAvidapergunteparaprefeitura?epa=HASHTAG&amp;__xts__%5B0%5D=68.ARAA1HXj9gG7QdsUazLsna98KhaIyLy-ygmZnhSnw0gx6Ih2V2c09nZkc82p_QmuMRc9X7NktIH7BMfT3S_Ytqnnd7abAJ2hYQA-CZSPpOMCY-y4tYz1ZPVtJx0qcvaZukKA8YWjv4UwedsXC7eO_CtnsYiIAdTOcRUUXbK2mjiYbsrS7EEFpdOdAQAgxk-Q1n5ce7EoAVDq-TYmJ9i6N1DqyvNAW5yQ_97nApJjmHEZTHhHyCJOrqvKfV9I_xjCePjt4YkJ7V3DkfX4SZXS16vgDAA8PYqf40MOmPqPnlP1y7ma2bMXsr5DJoBHwlZeIcZHYlYoz9PGDTZhGxJhzXO5S9B27S_1usI5AfMOvnTQnFUWMcLKiCH5eiUa-cclFTXX8w&amp;__tn__=%2ANK%2AF\" data-ft=\"{&quot;type&quot;:104,&quot;tn&quot;:&quot;*N&quot;}\">#Nad\u00favidaPergunteParaPrefe<wbr \/>itura<\/a><br \/>\n<a class=\"_58cn\" href=\"https:\/\/www.facebook.com\/hashtag\/chequeainforma%C3%A7%C3%A3onafonte?epa=HASHTAG&amp;__xts__%5B0%5D=68.ARAA1HXj9gG7QdsUazLsna98KhaIyLy-ygmZnhSnw0gx6Ih2V2c09nZkc82p_QmuMRc9X7NktIH7BMfT3S_Ytqnnd7abAJ2hYQA-CZSPpOMCY-y4tYz1ZPVtJx0qcvaZukKA8YWjv4UwedsXC7eO_CtnsYiIAdTOcRUUXbK2mjiYbsrS7EEFpdOdAQAgxk-Q1n5ce7EoAVDq-TYmJ9i6N1DqyvNAW5yQ_97nApJjmHEZTHhHyCJOrqvKfV9I_xjCePjt4YkJ7V3DkfX4SZXS16vgDAA8PYqf40MOmPqPnlP1y7ma2bMXsr5DJoBHwlZeIcZHYlYoz9PGDTZhGxJhzXO5S9B27S_1usI5AfMOvnTQnFUWMcLKiCH5eiUa-cclFTXX8w&amp;__tn__=%2ANK%2AF\" data-ft=\"{&quot;type&quot;:104,&quot;tn&quot;:&quot;*N&quot;}\">#ChequeAInforma\u00e7\u00e3oNaFonte<\/a><\/span><\/div>\n<p style=\"text-align: justify;\"><span id=\"fbPhotoSnowliftCaption\" class=\"fbPhotosPhotoCaption\" tabindex=\"0\" aria-live=\"polite\" data-ft=\"{&quot;tn&quot;:&quot;K&quot;}\"><\/span><span id=\"fbPhotoSnowliftTagList\" class=\"fbPhotoTagList\"><span class=\"fcg\">\u00a0\u2014 em\u00a0<span class=\"fbPhotoTagListTag withTagItem tagItem\"><a class=\"taggee\" href=\"https:\/\/www.facebook.com\/pages\/Dracena\/112336908778693\" data-hovercard=\"\/ajax\/hovercard\/page.php?id=112336908778693\" data-hovercard-prefer-more-content-show=\"1\">Dracena<\/a><\/span>.<\/span><\/span><\/p>\n<p style=\"text-align: justify;\">Fonte: Diretoria de Comunica\u00e7\u00e3o<\/p>\n","protected":false},"excerpt":{"rendered":"<p>NOTA OFICIAL A Prefeitura de Dracena, por meio da Secretaria Municipal de Sa\u00fade e Higiene P\u00fablica, comunica que um paciente morador de Dracena do sexo masculino de 64 anos, deu entrada no Pronto Atendimento Municipal (PAM) apresentando sintomas do novo coronav\u00edrus (Covid-19). O paciente encontra-se internado na Santa Casa em isolamento, onde passar\u00e1 por exame [&hellip;]<\/p>\n","protected":false},"author":1,"featured_media":22525,"comment_status":"closed","ping_status":"open","sticky":false,"template":"","format":"standard","meta":{"footnotes":""},"categories":[179,184,110],"tags":[],"class_list":["post-22524","post","type-post","status-publish","format-standard","has-post-thumbnail","hentry","category-cidadeseregiao","category-dracena","category-noticiasdestaque"],"_links":{"self":[{"href":"https:\/\/jorgezanoni.com.br\/2019\/wp-json\/wp\/v2\/posts\/22524","targetHints":{"allow":["GET"]}}],"collection":[{"href":"https:\/\/jorgezanoni.com.br\/2019\/wp-json\/wp\/v2\/posts"}],"about":[{"href":"https:\/\/jorgezanoni.com.br\/2019\/wp-json\/wp\/v2\/types\/post"}],"author":[{"embeddable":true,"href":"https:\/\/jorgezanoni.com.br\/2019\/wp-json\/wp\/v2\/users\/1"}],"replies":[{"embeddable":true,"href":"https:\/\/jorgezanoni.com.br\/2019\/wp-json\/wp\/v2\/comments?post=22524"}],"version-history":[{"count":0,"href":"https:\/\/jorgezanoni.com.br\/2019\/wp-json\/wp\/v2\/posts\/22524\/revisions"}],"wp:featuredmedia":[{"embeddable":true,"href":"https:\/\/jorgezanoni.com.br\/2019\/wp-json\/wp\/v2\/media\/22525"}],"wp:attachment":[{"href":"https:\/\/jorgezanoni.com.br\/2019\/wp-json\/wp\/v2\/media?parent=22524"}],"wp:term":[{"taxonomy":"category","embeddable":true,"href":"https:\/\/jorgezanoni.com.br\/2019\/wp-json\/wp\/v2\/categories?post=22524"},{"taxonomy":"post_tag","embeddable":true,"href":"https:\/\/jorgezanoni.com.br\/2019\/wp-json\/wp\/v2\/tags?post=22524"}],"curies":[{"name":"wp","href":"https:\/\/api.w.org\/{rel}","templated":true}]}}