{"id":22485,"date":"2020-03-29T16:46:18","date_gmt":"2020-03-29T16:46:18","guid":{"rendered":"https:\/\/jorgezanoni.com.br\/2019\/?p=22485"},"modified":"2020-03-29T16:46:18","modified_gmt":"2020-03-29T16:46:18","slug":"adolescente-de-16-anos-internado-com-suspeita-de-coronavirus-morre-em-rancharia","status":"publish","type":"post","link":"https:\/\/jorgezanoni.com.br\/2019\/adolescente-de-16-anos-internado-com-suspeita-de-coronavirus-morre-em-rancharia\/","title":{"rendered":"Adolescente de 16 anos internado com suspeita de coronav\u00edrus morre em Rancharia"},"content":{"rendered":"<h2 class=\"content-head__subtitle\" style=\"text-align: justify;\"><strong>De acordo com a secret\u00e1ria municipal de Sa\u00fade, Ana Teresa Ara\u00fajo, os familiares do rapaz, que era morador do distrito de Gard\u00eania, na zona rural, est\u00e3o protegidos e em quarentena.<\/strong><\/h2>\n<div class=\"mc-column content-text active-extra-styles \" data-block-type=\"unstyled\" data-block-weight=\"40\" data-block-id=\"2\">\n<p class=\"content-text__container \" style=\"text-align: justify;\" data-track-category=\"Link no Texto\" data-track-links=\"\">Um adolescente de 16 anos morreu na noite da sexta-feira (27) com suspeita de Covid-19, a doen\u00e7a transmitida pelo coronav\u00edrus, em\u00a0<a href=\"https:\/\/g1.globo.com\/sp\/presidente-prudente-regiao\/cidade\/rancharia\/\">Rancharia (SP)<\/a>, conforme an\u00fancio oficial feito pela secret\u00e1ria municipal de Sa\u00fade, Ana Teresa Ara\u00fajo, na tarde deste s\u00e1bado (28).<\/p>\n<\/div>\n<div class=\"wall protected-content\">\n<div class=\"mc-column content-text active-extra-styles \" style=\"text-align: justify;\" data-block-type=\"unstyled\" data-block-weight=\"22\" data-block-id=\"3\">\n<p class=\"content-text__container \" data-track-category=\"Link no Texto\" data-track-links=\"\">O rapaz, que era morador do distrito de Gard\u00eania, na zona rural da cidade, estava internado no Hospital e Maternidade de Rancharia.<\/p>\n<\/div>\n<div class=\"mc-column content-text active-extra-styles \" style=\"text-align: justify;\" data-block-type=\"unstyled\" data-block-weight=\"22\" data-block-id=\"4\">\n<p class=\"content-text__container \" data-track-category=\"Link no Texto\" data-track-links=\"\">A secret\u00e1ria informou que o hospital notificou o munic\u00edpio na pr\u00f3pria sexta-feira (27), informando que havia recebido o paciente com \u201csintomatologias graves\u201d.<\/p>\n<\/div>\n<div class=\"mc-column content-text active-extra-styles \" style=\"text-align: justify;\" data-block-type=\"unstyled\" data-block-weight=\"19\" data-block-id=\"5\">\n<p class=\"content-text__container \" data-track-category=\"Link no Texto\" data-track-links=\"\">Ana Teresa explicou que o paciente ainda n\u00e3o tem o seu diagn\u00f3stico fechado, pois haviam suspeitas de v\u00e1rias doen\u00e7as.<\/p>\n<\/div>\n<div class=\"mc-column content-text active-extra-styles \" style=\"text-align: justify;\" data-block-type=\"unstyled\" data-block-weight=\"24\" data-block-id=\"6\">\n<p class=\"content-text__container \" data-track-category=\"Link no Texto\" data-track-links=\"\">Ainda segundo a secret\u00e1ria, foram colhidos diferentes tipos de exames, entre os quais, inclusive, por medida de seguran\u00e7a, o de Covid-19, conforme orienta\u00e7\u00e3o m\u00e9dica.<\/p>\n<\/div>\n<div class=\"mc-column content-text active-extra-styles \" style=\"text-align: justify;\" data-block-type=\"unstyled\" data-block-weight=\"17\" data-block-id=\"7\">\n<p class=\"content-text__container \" data-track-category=\"Link no Texto\" data-track-links=\"\">Os exames foram encaminhados para\u00a0<a href=\"https:\/\/g1.globo.com\/sp\/presidente-prudente-regiao\/cidade\/presidente-prudente\/\">Presidente Prudente (SP)<\/a>\u00a0e ainda n\u00e3o existe previs\u00e3o de quando ficar\u00e3o prontos.<\/p>\n<\/div>\n<div class=\"mc-column content-text active-extra-styles\" style=\"text-align: justify;\" data-block-type=\"raw\" data-block-weight=\"20\" data-block-id=\"8\">\n<blockquote class=\"content-blockquote theme-border-color-primary-before\"><p>\u201cN\u00e3o h\u00e1 confirma\u00e7\u00e3o de que seja um caso de Covid. \u00c9 um caso suspeito tamb\u00e9m de Covid\u201d, esclareceu Ana Teresa.<\/p><\/blockquote>\n<\/div>\n<div class=\"mc-column content-text active-extra-styles \" style=\"text-align: justify;\" data-block-type=\"unstyled\" data-block-weight=\"14\" data-block-id=\"9\">\n<p class=\"content-text__container \" data-track-category=\"Link no Texto\" data-track-links=\"\">De acordo com a secret\u00e1ria, os familiares do adolescente est\u00e3o protegidos e em quarentena.<\/p>\n<\/div>\n<div class=\"mc-column content-text active-extra-styles \" style=\"text-align: justify;\" data-block-type=\"unstyled\" data-block-weight=\"15\" data-block-id=\"10\">\n<p class=\"content-text__container \" data-track-category=\"Link no Texto\" data-track-links=\"\">Ela salientou que \u201cforam tomadas as medidas conforme os protocolos orientados pelo Minist\u00e9rio da Sa\u00fade\u201d.<\/p>\n<\/div>\n<div class=\"mc-column content-text active-extra-styles \" style=\"text-align: justify;\" data-block-type=\"unstyled\" data-block-weight=\"20\" data-block-id=\"11\">\n<p class=\"content-text__container \" data-track-category=\"Link no Texto\" data-track-links=\"\">Segundo o boletim epidemiol\u00f3gico oficial atualizado neste s\u00e1bado (28) pela Prefeitura, Rancharia possui dois casos suspeitos de coronav\u00edrus na atualidade.<\/p>\n<\/div>\n<div class=\"mc-column content-text active-extra-styles \" style=\"text-align: justify;\" data-block-type=\"unstyled\" data-block-weight=\"36\" data-block-id=\"13\">\n<p class=\"content-text__container \" data-track-category=\"Link no Texto\" data-track-links=\"\">Ana Teresa tamb\u00e9m informou que terminou nesta sexta-feira (27) o prazo de quarentena ou isolamento social das\u00a0<a href=\"https:\/\/g1.globo.com\/sp\/presidente-prudente-regiao\/noticia\/2020\/03\/18\/rancharia-registra-1a-notificacao-suspeita-de-coronavirus-e-monitora-38-pessoas-que-tiveram-contato-com-caso-positivo.ghtml\">38 pessoas que tiveram contato<\/a>\u00a0com o deputado federal Cezinha de Madureira (PSD-SP),\u00a0<a href=\"https:\/\/g1.globo.com\/politica\/noticia\/2020\/03\/17\/cezinha-de-madureira-e-primeiro-deputado-federal-a-contrair-coronavirus.ghtml\">que testou positivo para o coronav\u00edrus<\/a>.<\/p>\n<\/div>\n<div class=\"mc-column content-text active-extra-styles \" style=\"text-align: justify;\" data-block-type=\"unstyled\" data-block-weight=\"20\" data-block-id=\"14\">\n<p class=\"content-text__container \" data-track-category=\"Link no Texto\" data-track-links=\"\">Outras duas pessoas moradoras de Rancharia que viajaram recentemente \u00e0 It\u00e1lia tamb\u00e9m j\u00e1 tiveram o seu per\u00edodo de isolamento encerrado.<\/p>\n<\/div>\n<div class=\"mc-column content-text active-extra-styles \" style=\"text-align: justify;\" data-block-type=\"unstyled\" data-block-weight=\"11\" data-block-id=\"15\">\n<p class=\"content-text__container \" data-track-category=\"Link no Texto\" data-track-links=\"\">\u201cTodos passam bem, sem sintomas associados ao Covid\u201d, pontuou Ana Teresa.<\/p>\n<\/div>\n<div class=\"mc-column content-text active-extra-styles\" style=\"text-align: justify;\" data-block-type=\"raw\" data-block-weight=\"58\" data-block-id=\"16\">\n<blockquote class=\"content-blockquote theme-border-color-primary-before\"><p>\u201cPedimos \u00e0 popula\u00e7\u00e3o que continue realizando as medidas de etiqueta sanit\u00e1ria, lavando as m\u00e3os, usando \u00e1lcool gel sempre que poss\u00edvel e n\u00e3o se esque\u00e7am de manter o isolamento de uma pessoa a outra de no m\u00ednimo uma dist\u00e2ncia de um metro a um metro e meio, que \u00e9 o recomendado por todos os organismos internacionais\u201d, orientou a secret\u00e1ria.<\/p><\/blockquote>\n<\/div>\n<div class=\"mc-column content-text active-extra-styles \" data-block-type=\"unstyled\" data-block-weight=\"14\" data-block-id=\"17\">\n<p class=\"content-text__container \" style=\"text-align: justify;\" data-track-category=\"Link no Texto\" data-track-links=\"\">\u201cEspero que todos nos ajudem a combater aqui no nosso munic\u00edpio essa pandemia\u201d, concluiu.<\/p>\n<p style=\"text-align: justify;\" data-track-category=\"Link no Texto\" data-track-links=\"\">Fonte: G1<\/p>\n<\/div>\n<\/div>\n","protected":false},"excerpt":{"rendered":"<p>De acordo com a secret\u00e1ria municipal de Sa\u00fade, Ana Teresa Ara\u00fajo, os familiares do rapaz, que era morador do distrito de Gard\u00eania, na zona rural, est\u00e3o protegidos e em quarentena. Um adolescente de 16 anos morreu na noite da sexta-feira (27) com suspeita de Covid-19, a doen\u00e7a transmitida pelo coronav\u00edrus, em\u00a0Rancharia (SP), conforme an\u00fancio oficial [&hellip;]<\/p>\n","protected":false},"author":1,"featured_media":22486,"comment_status":"closed","ping_status":"open","sticky":false,"template":"","format":"standard","meta":{"footnotes":""},"categories":[110,122],"tags":[],"class_list":["post-22485","post","type-post","status-publish","format-standard","has-post-thumbnail","hentry","category-noticiasdestaque","category-saudeeducacaoeconcurso"],"_links":{"self":[{"href":"https:\/\/jorgezanoni.com.br\/2019\/wp-json\/wp\/v2\/posts\/22485","targetHints":{"allow":["GET"]}}],"collection":[{"href":"https:\/\/jorgezanoni.com.br\/2019\/wp-json\/wp\/v2\/posts"}],"about":[{"href":"https:\/\/jorgezanoni.com.br\/2019\/wp-json\/wp\/v2\/types\/post"}],"author":[{"embeddable":true,"href":"https:\/\/jorgezanoni.com.br\/2019\/wp-json\/wp\/v2\/users\/1"}],"replies":[{"embeddable":true,"href":"https:\/\/jorgezanoni.com.br\/2019\/wp-json\/wp\/v2\/comments?post=22485"}],"version-history":[{"count":0,"href":"https:\/\/jorgezanoni.com.br\/2019\/wp-json\/wp\/v2\/posts\/22485\/revisions"}],"wp:featuredmedia":[{"embeddable":true,"href":"https:\/\/jorgezanoni.com.br\/2019\/wp-json\/wp\/v2\/media\/22486"}],"wp:attachment":[{"href":"https:\/\/jorgezanoni.com.br\/2019\/wp-json\/wp\/v2\/media?parent=22485"}],"wp:term":[{"taxonomy":"category","embeddable":true,"href":"https:\/\/jorgezanoni.com.br\/2019\/wp-json\/wp\/v2\/categories?post=22485"},{"taxonomy":"post_tag","embeddable":true,"href":"https:\/\/jorgezanoni.com.br\/2019\/wp-json\/wp\/v2\/tags?post=22485"}],"curies":[{"name":"wp","href":"https:\/\/api.w.org\/{rel}","templated":true}]}}