{"id":22482,"date":"2020-03-29T16:30:24","date_gmt":"2020-03-29T16:30:24","guid":{"rendered":"https:\/\/jorgezanoni.com.br\/2019\/?p=22482"},"modified":"2020-03-29T16:30:24","modified_gmt":"2020-03-29T16:30:24","slug":"idoso-vitima-de-acidente-de-transito-em-regente-feijo-morre-apos-ficar-uma-semana-internado","status":"publish","type":"post","link":"https:\/\/jorgezanoni.com.br\/2019\/idoso-vitima-de-acidente-de-transito-em-regente-feijo-morre-apos-ficar-uma-semana-internado\/","title":{"rendered":"Idoso v\u00edtima de acidente de tr\u00e2nsito em Regente Feij\u00f3 morre ap\u00f3s ficar uma semana internado"},"content":{"rendered":"<h2 class=\"content-head__subtitle\" style=\"text-align: justify;\"><strong>Homem de 78 anos recebia atendimento m\u00e9dico na Santa Casa de Presidente Prudente, mas n\u00e3o resistiu. Batida entre carro e caminh\u00e3o ocorreu na Rodovia Jos\u00e9 Batista de Souza (SP-483).<\/strong><\/h2>\n<div class=\"mc-column content-text active-extra-styles \" data-block-type=\"unstyled\" data-block-weight=\"37\" data-block-id=\"2\">\n<p class=\"content-text__container \" style=\"text-align: justify;\" data-track-category=\"Link no Texto\" data-track-links=\"\">Morreu na noite deste s\u00e1bado (28), na Santa Casa de Miseric\u00f3rdia de\u00a0<a href=\"https:\/\/g1.globo.com\/sp\/presidente-prudente-regiao\/cidade\/presidente-prudente\/\">Presidente Prudente<\/a>, o idoso de 78 anos que foi v\u00edtima de um acidente de tr\u00e2nsito na Rodovia Jos\u00e9 Batista de Souza (SP-483), em\u00a0<a href=\"https:\/\/g1.globo.com\/sp\/presidente-prudente-regiao\/cidade\/regente-feijo\/\">Regente Feij\u00f3<\/a>.<\/p>\n<\/div>\n<div class=\"wall protected-content\">\n<div class=\"mc-column content-text active-extra-styles \" style=\"text-align: justify;\" data-block-type=\"unstyled\" data-block-weight=\"17\" data-block-id=\"3\">\n<p class=\"content-text__container \" data-track-category=\"Link no Texto\" data-track-links=\"\"><a href=\"https:\/\/g1.globo.com\/sp\/presidente-prudente-regiao\/noticia\/2020\/03\/21\/colisao-traseira-entre-carro-e-caminhao-deixa-idoso-gravemente-ferido-em-regente-feijo.ghtml\">A batida, que ocorreu no dia 21 de mar\u00e7o,<\/a>\u00a0envolveu o carro do idoso e um caminh\u00e3o.<\/p>\n<\/div>\n<div class=\"mc-column content-text active-extra-styles \" style=\"text-align: justify;\" data-block-type=\"unstyled\" data-block-weight=\"17\" data-block-id=\"4\">\n<p class=\"content-text__container \" data-track-category=\"Link no Texto\" data-track-links=\"\">O filho da v\u00edtima compareceu \u00e0 Delegacia Participativa da Pol\u00edcia Civil para comunicar a morte do pai.<\/p>\n<\/div>\n<div class=\"mc-column content-text active-extra-styles \" style=\"text-align: justify;\" data-block-type=\"unstyled\" data-block-weight=\"30\" data-block-id=\"5\">\n<p class=\"content-text__container \" data-track-category=\"Link no Texto\" data-track-links=\"\">Segundo o Boletim de Ocorr\u00eancia, no dia do acidente, o idoso foi socorrido para o Hospital Regional (HR) com fraturas nas costelas, bra\u00e7o esquerdo, perna direita e les\u00e3o no pulm\u00e3o.<\/p>\n<\/div>\n<div class=\"mc-column content-text active-extra-styles \" style=\"text-align: justify;\" data-block-type=\"unstyled\" data-block-weight=\"14\" data-block-id=\"6\">\n<p class=\"content-text__container \" data-track-category=\"Link no Texto\" data-track-links=\"\">No dia seguinte, ele foi transferido para a Santa Casa a pedido da fam\u00edlia.<\/p>\n<\/div>\n<div class=\"mc-column content-text active-extra-styles \" style=\"text-align: justify;\" data-block-type=\"unstyled\" data-block-weight=\"12\" data-block-id=\"7\">\n<p class=\"content-text__container \" data-track-category=\"Link no Texto\" data-track-links=\"\">A prov\u00e1vel causa da morte foi insufici\u00eancia renal aguda, conforme o boletim.<\/p>\n<\/div>\n<div class=\"mc-column content-text active-extra-styles\" style=\"text-align: justify;\" data-block-type=\"raw\" data-block-weight=\"13\" data-block-id=\"8\">\n<ul class=\"content-unordered-list\">\n<li><a href=\"https:\/\/g1.globo.com\/sp\/presidente-prudente-regiao\/noticia\/2020\/03\/21\/colisao-traseira-entre-carro-e-caminhao-deixa-idoso-gravemente-ferido-em-regente-feijo.ghtml\">Colis\u00e3o traseira entre carro e caminh\u00e3o deixa idoso gravemente ferido em Regente Feij\u00f3<\/a><\/li>\n<\/ul>\n<\/div>\n<div class=\"mc-column content-text active-extra-styles\" style=\"text-align: justify;\" data-block-type=\"raw\" data-block-weight=\"2\" data-block-id=\"9\">\n<div class=\"content-intertitle\">\n<h2>O acidente<\/h2>\n<\/div>\n<\/div>\n<div class=\"mc-column content-text active-extra-styles \" style=\"text-align: justify;\" data-block-type=\"unstyled\" data-block-weight=\"23\" data-block-id=\"10\">\n<p class=\"content-text__container \" data-track-category=\"Link no Texto\" data-track-links=\"\">O acidente aconteceu na manh\u00e3 do dia 21 de mar\u00e7o, no km 1,300 da Rodovia Jos\u00e9 Batista de Souza (SP-483), em Regente Feij\u00f3 (SP).<\/p>\n<\/div>\n<div class=\"mc-column content-text active-extra-styles \" style=\"text-align: justify;\" data-block-type=\"unstyled\" data-block-weight=\"28\" data-block-id=\"11\">\n<p class=\"content-text__container \" data-track-category=\"Link no Texto\" data-track-links=\"\">De acordo com as informa\u00e7\u00f5es da Pol\u00edcia Militar Rodovi\u00e1ria, o idoso era o condutor de um carro que, por volta das 8h20, bateu na traseira de um caminh\u00e3o.<\/p>\n<\/div>\n<div class=\"mc-column content-text active-extra-styles \" data-block-type=\"unstyled\" data-block-weight=\"11\" data-block-id=\"12\">\n<p class=\"content-text__container \" style=\"text-align: justify;\" data-track-category=\"Link no Texto\" data-track-links=\"\">Ambos os ve\u00edculos seguiam no sentido Taciba (SP)\u2013Rodovia Raposo Tavares (SP-270).<\/p>\n<p style=\"text-align: justify;\" data-track-category=\"Link no Texto\" data-track-links=\"\">O idoso foi socorrido pelo Corpo de Bombeiros, em estado grave, e encaminhado para receber atendimento m\u00e9dico.<\/p>\n<p style=\"text-align: justify;\" data-track-category=\"Link no Texto\" data-track-links=\"\">Fonte: G1<\/p>\n<\/div>\n<\/div>\n","protected":false},"excerpt":{"rendered":"<p>Homem de 78 anos recebia atendimento m\u00e9dico na Santa Casa de Presidente Prudente, mas n\u00e3o resistiu. Batida entre carro e caminh\u00e3o ocorreu na Rodovia Jos\u00e9 Batista de Souza (SP-483). Morreu na noite deste s\u00e1bado (28), na Santa Casa de Miseric\u00f3rdia de\u00a0Presidente Prudente, o idoso de 78 anos que foi v\u00edtima de um acidente de tr\u00e2nsito [&hellip;]<\/p>\n","protected":false},"author":1,"featured_media":22483,"comment_status":"closed","ping_status":"open","sticky":false,"template":"","format":"standard","meta":{"footnotes":""},"categories":[170,110],"tags":[],"class_list":["post-22482","post","type-post","status-publish","format-standard","has-post-thumbnail","hentry","category-acidentes","category-noticiasdestaque"],"_links":{"self":[{"href":"https:\/\/jorgezanoni.com.br\/2019\/wp-json\/wp\/v2\/posts\/22482","targetHints":{"allow":["GET"]}}],"collection":[{"href":"https:\/\/jorgezanoni.com.br\/2019\/wp-json\/wp\/v2\/posts"}],"about":[{"href":"https:\/\/jorgezanoni.com.br\/2019\/wp-json\/wp\/v2\/types\/post"}],"author":[{"embeddable":true,"href":"https:\/\/jorgezanoni.com.br\/2019\/wp-json\/wp\/v2\/users\/1"}],"replies":[{"embeddable":true,"href":"https:\/\/jorgezanoni.com.br\/2019\/wp-json\/wp\/v2\/comments?post=22482"}],"version-history":[{"count":0,"href":"https:\/\/jorgezanoni.com.br\/2019\/wp-json\/wp\/v2\/posts\/22482\/revisions"}],"wp:featuredmedia":[{"embeddable":true,"href":"https:\/\/jorgezanoni.com.br\/2019\/wp-json\/wp\/v2\/media\/22483"}],"wp:attachment":[{"href":"https:\/\/jorgezanoni.com.br\/2019\/wp-json\/wp\/v2\/media?parent=22482"}],"wp:term":[{"taxonomy":"category","embeddable":true,"href":"https:\/\/jorgezanoni.com.br\/2019\/wp-json\/wp\/v2\/categories?post=22482"},{"taxonomy":"post_tag","embeddable":true,"href":"https:\/\/jorgezanoni.com.br\/2019\/wp-json\/wp\/v2\/tags?post=22482"}],"curies":[{"name":"wp","href":"https:\/\/api.w.org\/{rel}","templated":true}]}}