{"id":22473,"date":"2020-03-29T15:26:19","date_gmt":"2020-03-29T15:26:19","guid":{"rendered":"https:\/\/jorgezanoni.com.br\/2019\/?p=22473"},"modified":"2020-03-29T15:26:19","modified_gmt":"2020-03-29T15:26:19","slug":"presidente-prudente-registra-segunda-morte-de-paciente-com-suspeita-de-coronavirus","status":"publish","type":"post","link":"https:\/\/jorgezanoni.com.br\/2019\/presidente-prudente-registra-segunda-morte-de-paciente-com-suspeita-de-coronavirus\/","title":{"rendered":"Presidente Prudente registra segunda morte de paciente com suspeita de coronav\u00edrus"},"content":{"rendered":"<h2 class=\"content-head__subtitle\" style=\"text-align: justify;\"><strong>De acordo com a Vigil\u00e2ncia Epidemiol\u00f3gica Municipal (VEM), a mulher, de 56 anos, era portadora de doen\u00e7a cr\u00f4nica e estava internada em Unidade de Terapia Intensiva (UTI).<\/strong><\/h2>\n<div class=\"mc-column content-text active-extra-styles \" data-block-type=\"unstyled\" data-block-weight=\"25\" data-block-id=\"2\">\n<p class=\"content-text__container \" style=\"text-align: justify;\" data-track-category=\"Link no Texto\" data-track-links=\"\">A Vigil\u00e2ncia Epidemiol\u00f3gica Municipal (VEM) divulgou na tarde deste s\u00e1bado (28) a segunda morte de uma pessoa com suspeita de coronav\u00edrus em\u00a0<a href=\"https:\/\/g1.globo.com\/sp\/presidente-prudente-regiao\/cidade\/presidente-prudente\/\">Presidente Prudente (SP)<\/a>.<\/p>\n<\/div>\n<div class=\"wall protected-content\">\n<div class=\"mc-column content-text active-extra-styles \" style=\"text-align: justify;\" data-block-type=\"unstyled\" data-block-weight=\"27\" data-block-id=\"3\">\n<p class=\"content-text__container \" data-track-category=\"Link no Texto\" data-track-links=\"\">A paciente \u00e9 uma mulher, de 56 anos, que estava internada em Unidade de Terapia Intensiva (UTI) com suspeita da Covid-19 e que morreu nesta sexta-feira (27).<\/p>\n<\/div>\n<div class=\"mc-column content-text active-extra-styles \" style=\"text-align: justify;\" data-block-type=\"unstyled\" data-block-weight=\"40\" data-block-id=\"4\">\n<p class=\"content-text__container \" data-track-category=\"Link no Texto\" data-track-links=\"\">De acordo com a VEM, a paciente era portadora de doen\u00e7a cr\u00f4nica e ainda \u00e9 tratada como caso suspeito de coronav\u00edrus, j\u00e1 que o diagn\u00f3stico s\u00f3 poder\u00e1 ser confirmado ap\u00f3s o resultado dos exames por parte do Instituto Adolpho Lutz.<\/p>\n<\/div>\n<div class=\"mc-column content-text active-extra-styles \" style=\"text-align: justify;\" data-block-type=\"unstyled\" data-block-weight=\"39\" data-block-id=\"5\">\n<p class=\"content-text__container \" data-track-category=\"Link no Texto\" data-track-links=\"\">Esta \u00e9 a segunda morte em Presidente Prudente de pacientes com suspeita de terem contra\u00eddo a Covid-19. Na tarde da sexta-feira (27),\u00a0<a href=\"https:\/\/g1.globo.com\/sp\/presidente-prudente-regiao\/noticia\/2020\/03\/27\/prefeitura-anuncia-morte-de-paciente-que-estava-internado-com-suspeita-de-coronavirus-em-presidente-prudente.ghtml\">a vigil\u00e2ncia divulgou o falecimento de um homem, de 57 anos, que tamb\u00e9m sofria de doen\u00e7as cr\u00f4nicas<\/a>.<\/p>\n<\/div>\n<div class=\"mc-column content-text active-extra-styles\" style=\"text-align: justify;\" data-block-type=\"raw\" data-block-weight=\"15\" data-block-id=\"6\">\n<ul class=\"content-unordered-list\">\n<li><a href=\"https:\/\/g1.globo.com\/sp\/presidente-prudente-regiao\/noticia\/2020\/03\/27\/prefeitura-anuncia-morte-de-paciente-que-estava-internado-com-suspeita-de-coronavirus-em-presidente-prudente.ghtml\">Prefeitura anuncia morte de paciente que estava internado com suspeita de coronav\u00edrus em Presidente Prudente<\/a><\/li>\n<\/ul>\n<\/div>\n<div class=\"mc-column content-text active-extra-styles \" style=\"text-align: justify;\" data-block-type=\"unstyled\" data-block-weight=\"53\" data-block-id=\"7\">\n<p class=\"content-text__container \" data-track-category=\"Link no Texto\" data-track-links=\"\">Tamb\u00e9m na tarde deste s\u00e1bado (28), a Vigil\u00e2ncia Epidemiol\u00f3gica Municipal divulgou um novo balan\u00e7o de casos suspeitos de coronav\u00edrus na cidade. Agora, s\u00e3o 157 notifica\u00e7\u00f5es da doen\u00e7a, entre as quais 17 j\u00e1 foram descartadas e outras 140 aguardam resultados de exames processados no Laborat\u00f3rio Central do Instituto Adolpho Lutz, em S\u00e3o Paulo (SP).<\/p>\n<\/div>\n<div class=\"mc-column content-text active-extra-styles \" data-block-type=\"unstyled\" data-block-weight=\"13\" data-block-id=\"8\">\n<p class=\"content-text__container \" style=\"text-align: justify;\" data-track-category=\"Link no Texto\" data-track-links=\"\">Segundo os dados oficiais, Presidente Prudente ainda n\u00e3o contabiliza caso confirmado de coronav\u00edrus.<\/p>\n<p style=\"text-align: justify;\" data-track-category=\"Link no Texto\" data-track-links=\"\">Fonte: G1<\/p>\n<\/div>\n<\/div>\n","protected":false},"excerpt":{"rendered":"<p>De acordo com a Vigil\u00e2ncia Epidemiol\u00f3gica Municipal (VEM), a mulher, de 56 anos, era portadora de doen\u00e7a cr\u00f4nica e estava internada em Unidade de Terapia Intensiva (UTI). A Vigil\u00e2ncia Epidemiol\u00f3gica Municipal (VEM) divulgou na tarde deste s\u00e1bado (28) a segunda morte de uma pessoa com suspeita de coronav\u00edrus em\u00a0Presidente Prudente (SP). A paciente \u00e9 uma [&hellip;]<\/p>\n","protected":false},"author":1,"featured_media":22474,"comment_status":"closed","ping_status":"open","sticky":false,"template":"","format":"standard","meta":{"footnotes":""},"categories":[110,122],"tags":[],"class_list":["post-22473","post","type-post","status-publish","format-standard","has-post-thumbnail","hentry","category-noticiasdestaque","category-saudeeducacaoeconcurso"],"_links":{"self":[{"href":"https:\/\/jorgezanoni.com.br\/2019\/wp-json\/wp\/v2\/posts\/22473","targetHints":{"allow":["GET"]}}],"collection":[{"href":"https:\/\/jorgezanoni.com.br\/2019\/wp-json\/wp\/v2\/posts"}],"about":[{"href":"https:\/\/jorgezanoni.com.br\/2019\/wp-json\/wp\/v2\/types\/post"}],"author":[{"embeddable":true,"href":"https:\/\/jorgezanoni.com.br\/2019\/wp-json\/wp\/v2\/users\/1"}],"replies":[{"embeddable":true,"href":"https:\/\/jorgezanoni.com.br\/2019\/wp-json\/wp\/v2\/comments?post=22473"}],"version-history":[{"count":0,"href":"https:\/\/jorgezanoni.com.br\/2019\/wp-json\/wp\/v2\/posts\/22473\/revisions"}],"wp:featuredmedia":[{"embeddable":true,"href":"https:\/\/jorgezanoni.com.br\/2019\/wp-json\/wp\/v2\/media\/22474"}],"wp:attachment":[{"href":"https:\/\/jorgezanoni.com.br\/2019\/wp-json\/wp\/v2\/media?parent=22473"}],"wp:term":[{"taxonomy":"category","embeddable":true,"href":"https:\/\/jorgezanoni.com.br\/2019\/wp-json\/wp\/v2\/categories?post=22473"},{"taxonomy":"post_tag","embeddable":true,"href":"https:\/\/jorgezanoni.com.br\/2019\/wp-json\/wp\/v2\/tags?post=22473"}],"curies":[{"name":"wp","href":"https:\/\/api.w.org\/{rel}","templated":true}]}}