{"id":22470,"date":"2020-03-29T15:12:26","date_gmt":"2020-03-29T15:12:26","guid":{"rendered":"https:\/\/jorgezanoni.com.br\/2019\/?p=22470"},"modified":"2020-03-29T15:12:26","modified_gmt":"2020-03-29T15:12:26","slug":"casal-mata-vizinho-com-golpes-de-faca-e-capacete-em-presidente-prudente","status":"publish","type":"post","link":"https:\/\/jorgezanoni.com.br\/2019\/casal-mata-vizinho-com-golpes-de-faca-e-capacete-em-presidente-prudente\/","title":{"rendered":"Casal mata vizinho com golpes de faca e capacete em Presidente Prudente"},"content":{"rendered":"<h2 class=\"content-head__subtitle\" style=\"text-align: justify;\"><strong>Crime ocorreu no Jardim Maracan\u00e3 ap\u00f3s uma discuss\u00e3o entre os envolvidos. V\u00edtima chegou a receber atendimento m\u00e9dico do Corpo de Bombeiros, mas n\u00e3o resistiu.<\/strong><\/h2>\n<div class=\"mc-column content-text active-extra-styles active-capital-letter\" data-block-type=\"unstyled\" data-block-weight=\"30\" data-block-id=\"1\">\n<p class=\"content-text__container theme-color-primary-first-letter\" style=\"text-align: justify;\" data-track-category=\"Link no Texto\" data-track-links=\"\">Um homem de 33 anos foi assassinado na noite deste s\u00e1bado (28), no Jardim Maracan\u00e3, em\u00a0<a href=\"https:\/\/g1.globo.com\/sp\/presidente-prudente-regiao\/cidade\/presidente-prudente\/\">Presidente Prudente<\/a>. Um casal suspeito de ter cometido o crime foi preso em flagrante.<\/p>\n<\/div>\n<div class=\"wall protected-content\">\n<div class=\"mc-column content-text active-extra-styles \" style=\"text-align: justify;\" data-block-type=\"unstyled\" data-block-weight=\"48\" data-block-id=\"2\">\n<p class=\"content-text__container \" data-track-category=\"Link no Texto\" data-track-links=\"\">De acordo com as informa\u00e7\u00f5es contidas no Boletim de Ocorr\u00eancia, uma equipe da Pol\u00edcia Militar foi acionada para comparecer ao local, onde um casal se envolveu em uma briga com a v\u00edtima e desferiu-lhe facadas. Ap\u00f3s o crime, o casal fugiu em um ve\u00edculo de transporte por aplicativo.<\/p>\n<\/div>\n<div class=\"mc-column content-text active-extra-styles \" style=\"text-align: justify;\" data-block-type=\"unstyled\" data-block-weight=\"20\" data-block-id=\"3\">\n<p class=\"content-text__container \" data-track-category=\"Link no Texto\" data-track-links=\"\">Os policiais descobriram que a dupla foi para a casa da m\u00e3e da suspeita e se deslocaram at\u00e9 o local.<\/p>\n<\/div>\n<div class=\"mc-column content-text active-extra-styles \" style=\"text-align: justify;\" data-block-type=\"unstyled\" data-block-weight=\"19\" data-block-id=\"4\">\n<p class=\"content-text__container \" data-track-category=\"Link no Texto\" data-track-links=\"\">Os dois suspeitos estavam no im\u00f3vel, sentados tranquilamente em cadeiras de \u00e1rea na frente da resid\u00eancia, segundo o boletim.<\/p>\n<\/div>\n<div class=\"mc-column content-text active-extra-styles \" style=\"text-align: justify;\" data-block-type=\"unstyled\" data-block-weight=\"27\" data-block-id=\"5\">\n<p class=\"content-text__container \" data-track-category=\"Link no Texto\" data-track-links=\"\">Em princ\u00edpio, o homem deu o nome de outra pessoa aos militares e disse n\u00e3o saber de nada. Depois de ser identificado, ele recebeu voz de pris\u00e3o.<\/p>\n<\/div>\n<div class=\"mc-column content-text active-extra-styles \" style=\"text-align: justify;\" data-block-type=\"unstyled\" data-block-weight=\"26\" data-block-id=\"6\">\n<p class=\"content-text__container \" data-track-category=\"Link no Texto\" data-track-links=\"\">Nesse momento, a mulher come\u00e7ou a gritar que tinha sido leg\u00edtima defesa o que havia feito e partiu para cima de uma policial, mas foi contida.<\/p>\n<\/div>\n<div class=\"mc-column content-text active-extra-styles \" style=\"text-align: justify;\" data-block-type=\"unstyled\" data-block-weight=\"30\" data-block-id=\"7\">\n<p class=\"content-text__container \" data-track-category=\"Link no Texto\" data-track-links=\"\">Conforme o documento policial, os militares foram informados no local do crime de que havia ocorrido uma briga, onde o homem suspeito deu facadas na v\u00edtima e a mulher capacetadas.<\/p>\n<\/div>\n<div class=\"mc-column content-text active-extra-styles \" style=\"text-align: justify;\" data-block-type=\"unstyled\" data-block-weight=\"34\" data-block-id=\"8\">\n<p class=\"content-text__container \" data-track-category=\"Link no Texto\" data-track-links=\"\">O suspeito relatou aos policiais que estava chegando da rua com sua esposa, com um fardo de cerveja, quando a v\u00edtima, que morava em frente, mexeu com sua mulher e ambos come\u00e7aram a discutir.<\/p>\n<\/div>\n<div class=\"mc-column content-text active-extra-styles \" style=\"text-align: justify;\" data-block-type=\"unstyled\" data-block-weight=\"49\" data-block-id=\"9\">\n<p class=\"content-text__container \" data-track-category=\"Link no Texto\" data-track-links=\"\">Segundo o relato do suspeito, a v\u00edtima disse que n\u00e3o ficaria assim e, logo em seguida, voltou com outro homem em uma picape. Se iniciou uma nova discuss\u00e3o, o suspeito entrou em sua casa, pegou uma faca, voltou e deu uma facada no peito da v\u00edtima, conforme o boletim.<\/p>\n<\/div>\n<div class=\"mc-column content-text active-extra-styles \" style=\"text-align: justify;\" data-block-type=\"unstyled\" data-block-weight=\"33\" data-block-id=\"10\">\n<p class=\"content-text__container \" data-track-category=\"Link no Texto\" data-track-links=\"\">O homem ainda disse aos militares que, toda vez que chegava em casa, a v\u00edtima o encarava e por isso foi tirar satisfa\u00e7\u00e3o com ela, quando come\u00e7ou a discuss\u00e3o que terminou em crime.<\/p>\n<p class=\"content-text__container \" data-track-category=\"Link no Texto\" data-track-links=\"\"><span style=\"font-family: inherit; font-size: inherit; font-style: inherit; font-variant-ligatures: inherit; font-variant-caps: inherit; font-weight: inherit; text-align: center;\">J\u00e1 a mulher disse aos policiais que no momento dos fatos sofreu um \u201capag\u00e3o\u201d e gritava que tinha sido leg\u00edtima defesa.<\/span><\/p>\n<\/div>\n<div class=\"mc-column content-text active-extra-styles \" style=\"text-align: justify;\" data-block-type=\"unstyled\" data-block-weight=\"16\" data-block-id=\"13\">\n<p class=\"content-text__container \" data-track-category=\"Link no Texto\" data-track-links=\"\">A dupla recebeu voz de pris\u00e3o e foi encaminhada para a Delegacia Participativa da Pol\u00edcia Civil.<\/p>\n<\/div>\n<div class=\"mc-column content-text active-extra-styles\" style=\"text-align: justify;\" data-block-type=\"raw\" data-block-weight=\"2\" data-block-id=\"14\">\n<div class=\"content-intertitle\">\n<h2>V\u00edtima agonizando<\/h2>\n<\/div>\n<\/div>\n<div class=\"mc-column content-text active-extra-styles \" style=\"text-align: justify;\" data-block-type=\"unstyled\" data-block-weight=\"33\" data-block-id=\"15\">\n<p class=\"content-text__container \" data-track-category=\"Link no Texto\" data-track-links=\"\">Os primeiros policiais que chegaram no local do crime viram o port\u00e3o da resid\u00eancia aberto e a v\u00edtima ca\u00edda no ch\u00e3o, de lado, no fundo do im\u00f3vel e agonizando com perfura\u00e7\u00e3o no peito.<\/p>\n<\/div>\n<div class=\"mc-column content-text active-extra-styles \" style=\"text-align: justify;\" data-block-type=\"unstyled\" data-block-weight=\"26\" data-block-id=\"16\">\n<p class=\"content-text__container \" data-track-category=\"Link no Texto\" data-track-links=\"\">Segundo o boletim, os militares perguntaram para a v\u00edtima quem era o autor e ela respondeu baixo, mas os policiais conseguiram entender o nome do suspeito.<\/p>\n<\/div>\n<div class=\"mc-column content-text active-extra-styles \" style=\"text-align: justify;\" data-block-type=\"unstyled\" data-block-weight=\"36\" data-block-id=\"17\">\n<p class=\"content-text__container \" data-track-category=\"Link no Texto\" data-track-links=\"\">Uma equipe do Corpo de Bombeiros compareceu ao local e tentou diversas manobras de reanima\u00e7\u00e3o na v\u00edtima, mas ela n\u00e3o resistiu e morreu. O \u00f3bito foi constatado por um m\u00e9dico que integrava a equipe dos bombeiros.<\/p>\n<\/div>\n<div class=\"mc-column content-text active-extra-styles \" style=\"text-align: justify;\" data-block-type=\"unstyled\" data-block-weight=\"50\" data-block-id=\"18\">\n<p class=\"content-text__container \" data-track-category=\"Link no Texto\" data-track-links=\"\">Os policiais foram informados por populares que a v\u00edtima teve um desentendimento com o casal, sendo que a mulher desferiu capacetadas no vizinho e o homem uma facada no peito e outra nas costas. Ainda segundo o boletim, a v\u00edtima correu para os fundos de sua casa, onde morava sozinho.<\/p>\n<\/div>\n<div class=\"mc-column content-text active-extra-styles \" style=\"text-align: justify;\" data-block-type=\"unstyled\" data-block-weight=\"12\" data-block-id=\"19\">\n<p class=\"content-text__container \" data-track-category=\"Link no Texto\" data-track-links=\"\">Na delegacia, os dois suspeitos, de 19 e 26 anos, permaneceram calados.<\/p>\n<\/div>\n<div class=\"mc-column content-text active-extra-styles \" style=\"text-align: justify;\" data-block-type=\"unstyled\" data-block-weight=\"27\" data-block-id=\"20\">\n<p class=\"content-text__container \" data-track-category=\"Link no Texto\" data-track-links=\"\">Eles tiveram as pris\u00f5es ratificadas e permaneceram na unidade policial. O caso ser\u00e1 encaminhado para uma delegacia especializada para o prosseguimento das investiga\u00e7\u00f5es, segundo o documento policial.<\/p>\n<\/div>\n<div class=\"mc-column content-text active-extra-styles \" style=\"text-align: justify;\" data-block-type=\"unstyled\" data-block-weight=\"7\" data-block-id=\"21\">\n<p class=\"content-text__container \" data-track-category=\"Link no Texto\" data-track-links=\"\">Foi requisitado exame necrosc\u00f3pico para a v\u00edtima.<\/p>\n<\/div>\n<div class=\"mc-column content-text active-extra-styles \" data-block-type=\"unstyled\" data-block-weight=\"10\" data-block-id=\"22\">\n<p class=\"content-text__container \" style=\"text-align: justify;\" data-track-category=\"Link no Texto\" data-track-links=\"\">O caso foi registrado como homic\u00eddio qualificado por motivo f\u00fatil.<\/p>\n<p style=\"text-align: justify;\" data-track-category=\"Link no Texto\" data-track-links=\"\">Fonte: G1<\/p>\n<\/div>\n<\/div>\n","protected":false},"excerpt":{"rendered":"<p>Crime ocorreu no Jardim Maracan\u00e3 ap\u00f3s uma discuss\u00e3o entre os envolvidos. V\u00edtima chegou a receber atendimento m\u00e9dico do Corpo de Bombeiros, mas n\u00e3o resistiu. Um homem de 33 anos foi assassinado na noite deste s\u00e1bado (28), no Jardim Maracan\u00e3, em\u00a0Presidente Prudente. Um casal suspeito de ter cometido o crime foi preso em flagrante. De acordo [&hellip;]<\/p>\n","protected":false},"author":1,"featured_media":22471,"comment_status":"closed","ping_status":"open","sticky":false,"template":"","format":"standard","meta":{"footnotes":""},"categories":[110,2],"tags":[],"class_list":["post-22470","post","type-post","status-publish","format-standard","has-post-thumbnail","hentry","category-noticiasdestaque","category-policial"],"_links":{"self":[{"href":"https:\/\/jorgezanoni.com.br\/2019\/wp-json\/wp\/v2\/posts\/22470","targetHints":{"allow":["GET"]}}],"collection":[{"href":"https:\/\/jorgezanoni.com.br\/2019\/wp-json\/wp\/v2\/posts"}],"about":[{"href":"https:\/\/jorgezanoni.com.br\/2019\/wp-json\/wp\/v2\/types\/post"}],"author":[{"embeddable":true,"href":"https:\/\/jorgezanoni.com.br\/2019\/wp-json\/wp\/v2\/users\/1"}],"replies":[{"embeddable":true,"href":"https:\/\/jorgezanoni.com.br\/2019\/wp-json\/wp\/v2\/comments?post=22470"}],"version-history":[{"count":0,"href":"https:\/\/jorgezanoni.com.br\/2019\/wp-json\/wp\/v2\/posts\/22470\/revisions"}],"wp:featuredmedia":[{"embeddable":true,"href":"https:\/\/jorgezanoni.com.br\/2019\/wp-json\/wp\/v2\/media\/22471"}],"wp:attachment":[{"href":"https:\/\/jorgezanoni.com.br\/2019\/wp-json\/wp\/v2\/media?parent=22470"}],"wp:term":[{"taxonomy":"category","embeddable":true,"href":"https:\/\/jorgezanoni.com.br\/2019\/wp-json\/wp\/v2\/categories?post=22470"},{"taxonomy":"post_tag","embeddable":true,"href":"https:\/\/jorgezanoni.com.br\/2019\/wp-json\/wp\/v2\/tags?post=22470"}],"curies":[{"name":"wp","href":"https:\/\/api.w.org\/{rel}","templated":true}]}}