{"id":2247,"date":"2019-07-27T18:06:31","date_gmt":"2019-07-27T18:06:31","guid":{"rendered":"http:\/\/jorgezanoni.com.br\/2019\/?p=2247"},"modified":"2019-07-27T18:06:31","modified_gmt":"2019-07-27T18:06:31","slug":"sete-onibus-pegam-fogo-na-garagem-de-empresa-em-santa-cruz-do-rio-pardo","status":"publish","type":"post","link":"https:\/\/jorgezanoni.com.br\/2019\/sete-onibus-pegam-fogo-na-garagem-de-empresa-em-santa-cruz-do-rio-pardo\/","title":{"rendered":"Sete \u00f4nibus pegam fogo na garagem de empresa em Santa Cruz do Rio Pardo"},"content":{"rendered":"<h2 class=\"content-head__subtitle\"><strong>Inc\u00eandio come\u00e7ou em terreno vizinho e se espalhou, segundo empresa respons\u00e1vel pelo transporte coletivo.<\/strong><\/h2>\n<p><img loading=\"lazy\" decoding=\"async\" class=\"alignnone size-full wp-image-2248\" src=\"http:\/\/jorgezanoni.com.br\/2019\/wp-content\/uploads\/2019\/07\/onibus.jpeg\" alt=\"\" width=\"1000\" height=\"563\" srcset=\"https:\/\/jorgezanoni.com.br\/2019\/wp-content\/uploads\/2019\/07\/onibus.jpeg 1000w, https:\/\/jorgezanoni.com.br\/2019\/wp-content\/uploads\/2019\/07\/onibus-300x169.jpeg 300w, https:\/\/jorgezanoni.com.br\/2019\/wp-content\/uploads\/2019\/07\/onibus-768x432.jpeg 768w, https:\/\/jorgezanoni.com.br\/2019\/wp-content\/uploads\/2019\/07\/onibus-696x392.jpeg 696w, https:\/\/jorgezanoni.com.br\/2019\/wp-content\/uploads\/2019\/07\/onibus-746x420.jpeg 746w\" sizes=\"auto, (max-width: 1000px) 100vw, 1000px\" \/><\/p>\n<div class=\"mc-column content-text active-extra-styles \" data-block-type=\"unstyled\" data-block-weight=\"32\" data-block-id=\"2\">\n<p class=\"content-text__container \" style=\"text-align: justify;\" data-track-category=\"Link no Texto\" data-track-links=\"\">Sete \u00f4nibus da empresa que faz o transporte coletivo em Santa Cruz do Rio Pardo pegaram fogo na tarde desta sexta-feira (26), de acordo com o Corpo de Bombeiros. Ningu\u00e9m ficou ferido.<\/p>\n<\/div>\n<div class=\"wall protected-content\">\n<div class=\"mc-column content-text active-extra-styles \" style=\"text-align: justify;\" data-block-type=\"unstyled\" data-block-weight=\"29\" data-block-id=\"3\">\n<p class=\"content-text__container \" data-track-category=\"Link no Texto\" data-track-links=\"\">Segundo a empresa Riopardense, o inc\u00eandio teria come\u00e7ado em um terreno ao lado da garagem e se espalhou. O fogo atingiu sete ve\u00edculos que n\u00e3o est\u00e3o em circula\u00e7\u00e3o.<\/p>\n<\/div>\n<div class=\"mc-column content-text active-extra-styles \" data-block-type=\"unstyled\" data-block-weight=\"16\" data-block-id=\"4\">\n<p class=\"content-text__container \" style=\"text-align: justify;\" data-track-category=\"Link no Texto\" data-track-links=\"\">Ainda de acordo com a empresa, o transporte coletivo da cidade n\u00e3o ser\u00e1 afetado.<\/p>\n<p data-track-category=\"Link no Texto\" data-track-links=\"\"><img loading=\"lazy\" decoding=\"async\" class=\"alignnone size-full wp-image-2249\" src=\"http:\/\/jorgezanoni.com.br\/2019\/wp-content\/uploads\/2019\/07\/onibus1.jpeg\" alt=\"\" width=\"1000\" height=\"1110\" srcset=\"https:\/\/jorgezanoni.com.br\/2019\/wp-content\/uploads\/2019\/07\/onibus1.jpeg 1000w, https:\/\/jorgezanoni.com.br\/2019\/wp-content\/uploads\/2019\/07\/onibus1-270x300.jpeg 270w, https:\/\/jorgezanoni.com.br\/2019\/wp-content\/uploads\/2019\/07\/onibus1-768x852.jpeg 768w, https:\/\/jorgezanoni.com.br\/2019\/wp-content\/uploads\/2019\/07\/onibus1-923x1024.jpeg 923w, https:\/\/jorgezanoni.com.br\/2019\/wp-content\/uploads\/2019\/07\/onibus1-696x773.jpeg 696w, https:\/\/jorgezanoni.com.br\/2019\/wp-content\/uploads\/2019\/07\/onibus1-378x420.jpeg 378w\" sizes=\"auto, (max-width: 1000px) 100vw, 1000px\" \/><\/p>\n<p data-track-category=\"Link no Texto\" data-track-links=\"\"><img loading=\"lazy\" decoding=\"async\" class=\"alignnone size-full wp-image-2250\" src=\"http:\/\/jorgezanoni.com.br\/2019\/wp-content\/uploads\/2019\/07\/onibus2.jpeg\" alt=\"\" width=\"1000\" height=\"1778\" srcset=\"https:\/\/jorgezanoni.com.br\/2019\/wp-content\/uploads\/2019\/07\/onibus2.jpeg 1000w, https:\/\/jorgezanoni.com.br\/2019\/wp-content\/uploads\/2019\/07\/onibus2-169x300.jpeg 169w, https:\/\/jorgezanoni.com.br\/2019\/wp-content\/uploads\/2019\/07\/onibus2-768x1366.jpeg 768w, https:\/\/jorgezanoni.com.br\/2019\/wp-content\/uploads\/2019\/07\/onibus2-576x1024.jpeg 576w, https:\/\/jorgezanoni.com.br\/2019\/wp-content\/uploads\/2019\/07\/onibus2-696x1237.jpeg 696w, https:\/\/jorgezanoni.com.br\/2019\/wp-content\/uploads\/2019\/07\/onibus2-236x420.jpeg 236w\" sizes=\"auto, (max-width: 1000px) 100vw, 1000px\" \/><\/p>\n<p data-track-category=\"Link no Texto\" data-track-links=\"\">Fonte: G1<\/p>\n<\/div>\n<\/div>\n","protected":false},"excerpt":{"rendered":"<p>Inc\u00eandio come\u00e7ou em terreno vizinho e se espalhou, segundo empresa respons\u00e1vel pelo transporte coletivo. Sete \u00f4nibus da empresa que faz o transporte coletivo em Santa Cruz do Rio Pardo pegaram fogo na tarde desta sexta-feira (26), de acordo com o Corpo de Bombeiros. Ningu\u00e9m ficou ferido. Segundo a empresa Riopardense, o inc\u00eandio teria come\u00e7ado em [&hellip;]<\/p>\n","protected":false},"author":1,"featured_media":2251,"comment_status":"open","ping_status":"open","sticky":false,"template":"","format":"standard","meta":{"footnotes":""},"categories":[110,2],"tags":[],"class_list":["post-2247","post","type-post","status-publish","format-standard","has-post-thumbnail","hentry","category-noticiasdestaque","category-policial"],"_links":{"self":[{"href":"https:\/\/jorgezanoni.com.br\/2019\/wp-json\/wp\/v2\/posts\/2247","targetHints":{"allow":["GET"]}}],"collection":[{"href":"https:\/\/jorgezanoni.com.br\/2019\/wp-json\/wp\/v2\/posts"}],"about":[{"href":"https:\/\/jorgezanoni.com.br\/2019\/wp-json\/wp\/v2\/types\/post"}],"author":[{"embeddable":true,"href":"https:\/\/jorgezanoni.com.br\/2019\/wp-json\/wp\/v2\/users\/1"}],"replies":[{"embeddable":true,"href":"https:\/\/jorgezanoni.com.br\/2019\/wp-json\/wp\/v2\/comments?post=2247"}],"version-history":[{"count":0,"href":"https:\/\/jorgezanoni.com.br\/2019\/wp-json\/wp\/v2\/posts\/2247\/revisions"}],"wp:featuredmedia":[{"embeddable":true,"href":"https:\/\/jorgezanoni.com.br\/2019\/wp-json\/wp\/v2\/media\/2251"}],"wp:attachment":[{"href":"https:\/\/jorgezanoni.com.br\/2019\/wp-json\/wp\/v2\/media?parent=2247"}],"wp:term":[{"taxonomy":"category","embeddable":true,"href":"https:\/\/jorgezanoni.com.br\/2019\/wp-json\/wp\/v2\/categories?post=2247"},{"taxonomy":"post_tag","embeddable":true,"href":"https:\/\/jorgezanoni.com.br\/2019\/wp-json\/wp\/v2\/tags?post=2247"}],"curies":[{"name":"wp","href":"https:\/\/api.w.org\/{rel}","templated":true}]}}