{"id":22446,"date":"2020-03-29T13:23:28","date_gmt":"2020-03-29T13:23:28","guid":{"rendered":"https:\/\/jorgezanoni.com.br\/2019\/?p=22446"},"modified":"2020-03-29T14:12:59","modified_gmt":"2020-03-29T14:12:59","slug":"otica-e-relojoaria-foi-furtada-atraves-de-buraco-na-parede-no-centro-de-dracena","status":"publish","type":"post","link":"https:\/\/jorgezanoni.com.br\/2019\/otica-e-relojoaria-foi-furtada-atraves-de-buraco-na-parede-no-centro-de-dracena\/","title":{"rendered":"\u00d3tica e Relojoaria foi furtada atrav\u00e9s de buraco na parede, no centro de Dracena"},"content":{"rendered":"<p style=\"text-align: justify;\"><strong>Por volta de 01:00 Hora da madrugada deste domingo foi registrado um furto em uma \u00d3tica e Relojoaria no centro de Dracena.<\/strong><\/p>\n<p style=\"text-align: justify;\">Segundo informa\u00e7\u00f5es obtidas pela reportagem do Site JZ, o furto se deu atrav\u00e9s da abertura de um buraco em um corredor ao lado do estabelecimento. O autor, ou autores, devem ter entrado pelos fundos, pois o port\u00e3o que d\u00e1 acesso para a avenida estava fechado. N\u00e3o se sabe exatamente a hora que aconteceu o fato.<\/p>\n<p style=\"text-align: justify;\">Foram levados diversos mostru\u00e1rios de an\u00e9is, brincos, correntes, alian\u00e7as e outros produtos, sendo calculado aproximadamente 1 Kg. e meio de ouro e j\u00f3ias. O valor do preju\u00edzo \u00e9 alto, por\u00e9m ainda n\u00e3o foi calculado.<\/p>\n<p style=\"text-align: justify;\">O sistema de filmagem tamb\u00e9m acabou sendo furtado, o que dificulta o trabalho da Pol\u00edcia.<\/p>\n<p style=\"text-align: justify;\">As Pol\u00edcias Militar e T\u00e9cnica estiveram no local e foi registrado um Boletim de Ocorr\u00eancia (B.O) que ser\u00e1 investigado pela Pol\u00edcia Civil para tentar chegar ao autor ou autores do delito.<\/p>\n<p style=\"text-align: justify;\">Jorge Zanoni<\/p>\n<p>Imagem Ilustrativa<\/p>\n<p>&nbsp;<\/p>\n","protected":false},"excerpt":{"rendered":"<p>Por volta de 01:00 Hora da madrugada deste domingo foi registrado um furto em uma \u00d3tica e Relojoaria no centro de Dracena. Segundo informa\u00e7\u00f5es obtidas pela reportagem do Site JZ, o furto se deu atrav\u00e9s da abertura de um buraco em um corredor ao lado do estabelecimento. O autor, ou autores, devem ter entrado pelos [&hellip;]<\/p>\n","protected":false},"author":1,"featured_media":22447,"comment_status":"closed","ping_status":"open","sticky":false,"template":"","format":"standard","meta":{"footnotes":""},"categories":[110,2],"tags":[],"class_list":["post-22446","post","type-post","status-publish","format-standard","has-post-thumbnail","hentry","category-noticiasdestaque","category-policial"],"_links":{"self":[{"href":"https:\/\/jorgezanoni.com.br\/2019\/wp-json\/wp\/v2\/posts\/22446","targetHints":{"allow":["GET"]}}],"collection":[{"href":"https:\/\/jorgezanoni.com.br\/2019\/wp-json\/wp\/v2\/posts"}],"about":[{"href":"https:\/\/jorgezanoni.com.br\/2019\/wp-json\/wp\/v2\/types\/post"}],"author":[{"embeddable":true,"href":"https:\/\/jorgezanoni.com.br\/2019\/wp-json\/wp\/v2\/users\/1"}],"replies":[{"embeddable":true,"href":"https:\/\/jorgezanoni.com.br\/2019\/wp-json\/wp\/v2\/comments?post=22446"}],"version-history":[{"count":0,"href":"https:\/\/jorgezanoni.com.br\/2019\/wp-json\/wp\/v2\/posts\/22446\/revisions"}],"wp:featuredmedia":[{"embeddable":true,"href":"https:\/\/jorgezanoni.com.br\/2019\/wp-json\/wp\/v2\/media\/22447"}],"wp:attachment":[{"href":"https:\/\/jorgezanoni.com.br\/2019\/wp-json\/wp\/v2\/media?parent=22446"}],"wp:term":[{"taxonomy":"category","embeddable":true,"href":"https:\/\/jorgezanoni.com.br\/2019\/wp-json\/wp\/v2\/categories?post=22446"},{"taxonomy":"post_tag","embeddable":true,"href":"https:\/\/jorgezanoni.com.br\/2019\/wp-json\/wp\/v2\/tags?post=22446"}],"curies":[{"name":"wp","href":"https:\/\/api.w.org\/{rel}","templated":true}]}}