{"id":22422,"date":"2020-03-28T14:53:15","date_gmt":"2020-03-28T14:53:15","guid":{"rendered":"https:\/\/jorgezanoni.com.br\/2019\/?p=22422"},"modified":"2020-03-28T14:53:15","modified_gmt":"2020-03-28T14:53:15","slug":"apos-furtar-residencia-em-dracena-policia-militar-prende-autor-e-recupera-tv-furtada","status":"publish","type":"post","link":"https:\/\/jorgezanoni.com.br\/2019\/apos-furtar-residencia-em-dracena-policia-militar-prende-autor-e-recupera-tv-furtada\/","title":{"rendered":"Ap\u00f3s furtar resid\u00eancia em Dracena, Pol\u00edcia Militar prende autor e recupera Tv furtada"},"content":{"rendered":"<p style=\"text-align: justify;\"><strong>AP\u00d3S FURTAR RESID\u00caNCIA EM DRACENA\/SP, POL\u00cdCIA MILITAR PRENDE AUTOR, RECUPERA TV FURTADA E ESCLARECE OUTROS DELITOS.<\/strong><\/p>\n<p style=\"text-align: justify;\">No fim da tarde desta sexta feira (27), os Policiais Militares de Dracena, receberam uma informa\u00e7\u00e3o sobre um furto que acabara de ocorrer e mediante arrombamento, dois indiv\u00edduos teriam furtado uma TV. Com essas informa\u00e7\u00f5es e caracter\u00edsticas, os policiais iniciaram as buscas e diligencias nas proximidades onde avistaram os dois indiv\u00edduos fugindo com a tv, porem estes ao perceber a presen\u00e7a policial, abandonaram a TV em um pasto e sa\u00edram correndo. Um dos autores foi alcan\u00e7ado e abordado. Autor a principio negava a autoria do crime, por\u00e9m acabou confessando o furto e a participa\u00e7\u00e3o do seu comparsa. Autor confessou ainda, ter participado de outro furto ocorrido no mesmo local no dia 23 onde na ocasi\u00e3o teria furtado um aparelho de v\u00eddeo game Nintendo Wii. Foi dada voz de pris\u00e3o em flagrante delito, onde o autor permaneceu preso a disposi\u00e7\u00e3o da justi\u00e7a.<\/p>\n<p style=\"text-align: justify;\">Furto \u2013 Flagrante &#8211;\u00a0Data: 27MAR20 \u00e0s 18h48min.<\/p>\n<p style=\"text-align: justify;\">Local: Av. S\u00e3o Crist\u00f3v\u00e3o\u2013 Jd. S\u00e3o Crist\u00f3v\u00e3o \u2013 Dracena\/SP.<\/p>\n<p style=\"text-align: justify;\">Autor: homem de 19 anos &#8211;\u00a0V\u00edtima: homem 31 anos.<\/p>\n<p style=\"text-align: justify;\">Produto de Furto: 01 Smart TV LG 75\u201d.<\/p>\n<p>Fonte: Com. Social Pol\u00edcia Militar<\/p>\n<p>Foto de Internauta<\/p>\n","protected":false},"excerpt":{"rendered":"<p>AP\u00d3S FURTAR RESID\u00caNCIA EM DRACENA\/SP, POL\u00cdCIA MILITAR PRENDE AUTOR, RECUPERA TV FURTADA E ESCLARECE OUTROS DELITOS. No fim da tarde desta sexta feira (27), os Policiais Militares de Dracena, receberam uma informa\u00e7\u00e3o sobre um furto que acabara de ocorrer e mediante arrombamento, dois indiv\u00edduos teriam furtado uma TV. Com essas informa\u00e7\u00f5es e caracter\u00edsticas, os policiais [&hellip;]<\/p>\n","protected":false},"author":1,"featured_media":22424,"comment_status":"closed","ping_status":"open","sticky":false,"template":"","format":"standard","meta":{"footnotes":""},"categories":[110,2],"tags":[],"class_list":["post-22422","post","type-post","status-publish","format-standard","has-post-thumbnail","hentry","category-noticiasdestaque","category-policial"],"_links":{"self":[{"href":"https:\/\/jorgezanoni.com.br\/2019\/wp-json\/wp\/v2\/posts\/22422","targetHints":{"allow":["GET"]}}],"collection":[{"href":"https:\/\/jorgezanoni.com.br\/2019\/wp-json\/wp\/v2\/posts"}],"about":[{"href":"https:\/\/jorgezanoni.com.br\/2019\/wp-json\/wp\/v2\/types\/post"}],"author":[{"embeddable":true,"href":"https:\/\/jorgezanoni.com.br\/2019\/wp-json\/wp\/v2\/users\/1"}],"replies":[{"embeddable":true,"href":"https:\/\/jorgezanoni.com.br\/2019\/wp-json\/wp\/v2\/comments?post=22422"}],"version-history":[{"count":0,"href":"https:\/\/jorgezanoni.com.br\/2019\/wp-json\/wp\/v2\/posts\/22422\/revisions"}],"wp:featuredmedia":[{"embeddable":true,"href":"https:\/\/jorgezanoni.com.br\/2019\/wp-json\/wp\/v2\/media\/22424"}],"wp:attachment":[{"href":"https:\/\/jorgezanoni.com.br\/2019\/wp-json\/wp\/v2\/media?parent=22422"}],"wp:term":[{"taxonomy":"category","embeddable":true,"href":"https:\/\/jorgezanoni.com.br\/2019\/wp-json\/wp\/v2\/categories?post=22422"},{"taxonomy":"post_tag","embeddable":true,"href":"https:\/\/jorgezanoni.com.br\/2019\/wp-json\/wp\/v2\/tags?post=22422"}],"curies":[{"name":"wp","href":"https:\/\/api.w.org\/{rel}","templated":true}]}}