{"id":22416,"date":"2020-03-28T14:38:54","date_gmt":"2020-03-28T14:38:54","guid":{"rendered":"https:\/\/jorgezanoni.com.br\/2019\/?p=22416"},"modified":"2020-03-28T14:38:54","modified_gmt":"2020-03-28T14:38:54","slug":"acidente-entre-carro-e-moto-na-avenida-presidente-roosevelt-motorista-abandonou-o-local","status":"publish","type":"post","link":"https:\/\/jorgezanoni.com.br\/2019\/acidente-entre-carro-e-moto-na-avenida-presidente-roosevelt-motorista-abandonou-o-local\/","title":{"rendered":"Acidente entre carro e moto na avenida Presidente Roosevelt, motorista abandonou o local"},"content":{"rendered":"<p style=\"text-align: justify;\">Por volta de 10:40 Horas deste s\u00e1bado (28), a Pol\u00edcia Militar registrou um acidente de tr\u00e2nsito com v\u00edtima na avenida Presidente Roosevelt trecho entre as ruas Maria Moretti Carreira e Gast\u00e3o Vidigal.<\/p>\n<p style=\"text-align: justify;\">Segundo informa\u00e7\u00f5es obtidas no local pela reportagem do Site JZ, um ve\u00edculo Ford Ka cinza, que teve as placas anotadas, estava estacionado e ao sair n\u00e3o observou a moto acabando por acontecer a batida.<\/p>\n<p style=\"text-align: justify;\">O detalhe \u00e9 que o motorista n\u00e3o parou para prestar socorro, e uma parte do para choque ficou grudada na moto.<\/p>\n<p style=\"text-align: justify;\">O motociclista L.A.N.A. de 20 anos, foi socorrido pela Unidade de Resgate do Corpo de Bombeiros ao Pronto Atendimento Municipal com ferimentos e um dos p\u00e9s.<\/p>\n<p style=\"text-align: justify;\">A Policia T\u00e9cnica vai elaborar um laudo e apontar as reais causas do acidente.<\/p>\n<p><img loading=\"lazy\" decoding=\"async\" class=\"alignnone size-full wp-image-22417\" src=\"https:\/\/jorgezanoni.com.br\/2019\/wp-content\/uploads\/2020\/03\/IMG_3448.jpg\" alt=\"\" width=\"800\" height=\"600\" srcset=\"https:\/\/jorgezanoni.com.br\/2019\/wp-content\/uploads\/2020\/03\/IMG_3448.jpg 800w, https:\/\/jorgezanoni.com.br\/2019\/wp-content\/uploads\/2020\/03\/IMG_3448-300x225.jpg 300w, https:\/\/jorgezanoni.com.br\/2019\/wp-content\/uploads\/2020\/03\/IMG_3448-768x576.jpg 768w, https:\/\/jorgezanoni.com.br\/2019\/wp-content\/uploads\/2020\/03\/IMG_3448-80x60.jpg 80w, https:\/\/jorgezanoni.com.br\/2019\/wp-content\/uploads\/2020\/03\/IMG_3448-265x198.jpg 265w, https:\/\/jorgezanoni.com.br\/2019\/wp-content\/uploads\/2020\/03\/IMG_3448-696x522.jpg 696w, https:\/\/jorgezanoni.com.br\/2019\/wp-content\/uploads\/2020\/03\/IMG_3448-560x420.jpg 560w\" sizes=\"auto, (max-width: 800px) 100vw, 800px\" \/> <img loading=\"lazy\" decoding=\"async\" class=\"alignnone size-full wp-image-22418\" src=\"https:\/\/jorgezanoni.com.br\/2019\/wp-content\/uploads\/2020\/03\/IMG_3449.jpg\" alt=\"\" width=\"800\" height=\"600\" srcset=\"https:\/\/jorgezanoni.com.br\/2019\/wp-content\/uploads\/2020\/03\/IMG_3449.jpg 800w, https:\/\/jorgezanoni.com.br\/2019\/wp-content\/uploads\/2020\/03\/IMG_3449-300x225.jpg 300w, https:\/\/jorgezanoni.com.br\/2019\/wp-content\/uploads\/2020\/03\/IMG_3449-768x576.jpg 768w, https:\/\/jorgezanoni.com.br\/2019\/wp-content\/uploads\/2020\/03\/IMG_3449-80x60.jpg 80w, https:\/\/jorgezanoni.com.br\/2019\/wp-content\/uploads\/2020\/03\/IMG_3449-265x198.jpg 265w, https:\/\/jorgezanoni.com.br\/2019\/wp-content\/uploads\/2020\/03\/IMG_3449-696x522.jpg 696w, https:\/\/jorgezanoni.com.br\/2019\/wp-content\/uploads\/2020\/03\/IMG_3449-560x420.jpg 560w\" sizes=\"auto, (max-width: 800px) 100vw, 800px\" \/> <img loading=\"lazy\" decoding=\"async\" class=\"alignnone size-full wp-image-22420\" src=\"https:\/\/jorgezanoni.com.br\/2019\/wp-content\/uploads\/2020\/03\/IMG_3451.jpg\" alt=\"\" width=\"800\" height=\"600\" srcset=\"https:\/\/jorgezanoni.com.br\/2019\/wp-content\/uploads\/2020\/03\/IMG_3451.jpg 800w, https:\/\/jorgezanoni.com.br\/2019\/wp-content\/uploads\/2020\/03\/IMG_3451-300x225.jpg 300w, https:\/\/jorgezanoni.com.br\/2019\/wp-content\/uploads\/2020\/03\/IMG_3451-768x576.jpg 768w, https:\/\/jorgezanoni.com.br\/2019\/wp-content\/uploads\/2020\/03\/IMG_3451-80x60.jpg 80w, https:\/\/jorgezanoni.com.br\/2019\/wp-content\/uploads\/2020\/03\/IMG_3451-265x198.jpg 265w, https:\/\/jorgezanoni.com.br\/2019\/wp-content\/uploads\/2020\/03\/IMG_3451-696x522.jpg 696w, https:\/\/jorgezanoni.com.br\/2019\/wp-content\/uploads\/2020\/03\/IMG_3451-560x420.jpg 560w\" sizes=\"auto, (max-width: 800px) 100vw, 800px\" \/><\/p>\n<p style=\"text-align: justify;\">Jorge Zanoni<\/p>\n","protected":false},"excerpt":{"rendered":"<p>Por volta de 10:40 Horas deste s\u00e1bado (28), a Pol\u00edcia Militar registrou um acidente de tr\u00e2nsito com v\u00edtima na avenida Presidente Roosevelt trecho entre as ruas Maria Moretti Carreira e Gast\u00e3o Vidigal. Segundo informa\u00e7\u00f5es obtidas no local pela reportagem do Site JZ, um ve\u00edculo Ford Ka cinza, que teve as placas anotadas, estava estacionado e [&hellip;]<\/p>\n","protected":false},"author":1,"featured_media":22419,"comment_status":"closed","ping_status":"open","sticky":false,"template":"","format":"standard","meta":{"footnotes":""},"categories":[170,110],"tags":[],"class_list":["post-22416","post","type-post","status-publish","format-standard","has-post-thumbnail","hentry","category-acidentes","category-noticiasdestaque"],"_links":{"self":[{"href":"https:\/\/jorgezanoni.com.br\/2019\/wp-json\/wp\/v2\/posts\/22416","targetHints":{"allow":["GET"]}}],"collection":[{"href":"https:\/\/jorgezanoni.com.br\/2019\/wp-json\/wp\/v2\/posts"}],"about":[{"href":"https:\/\/jorgezanoni.com.br\/2019\/wp-json\/wp\/v2\/types\/post"}],"author":[{"embeddable":true,"href":"https:\/\/jorgezanoni.com.br\/2019\/wp-json\/wp\/v2\/users\/1"}],"replies":[{"embeddable":true,"href":"https:\/\/jorgezanoni.com.br\/2019\/wp-json\/wp\/v2\/comments?post=22416"}],"version-history":[{"count":0,"href":"https:\/\/jorgezanoni.com.br\/2019\/wp-json\/wp\/v2\/posts\/22416\/revisions"}],"wp:featuredmedia":[{"embeddable":true,"href":"https:\/\/jorgezanoni.com.br\/2019\/wp-json\/wp\/v2\/media\/22419"}],"wp:attachment":[{"href":"https:\/\/jorgezanoni.com.br\/2019\/wp-json\/wp\/v2\/media?parent=22416"}],"wp:term":[{"taxonomy":"category","embeddable":true,"href":"https:\/\/jorgezanoni.com.br\/2019\/wp-json\/wp\/v2\/categories?post=22416"},{"taxonomy":"post_tag","embeddable":true,"href":"https:\/\/jorgezanoni.com.br\/2019\/wp-json\/wp\/v2\/tags?post=22416"}],"curies":[{"name":"wp","href":"https:\/\/api.w.org\/{rel}","templated":true}]}}