{"id":2241,"date":"2019-07-27T17:40:59","date_gmt":"2019-07-27T17:40:59","guid":{"rendered":"http:\/\/jorgezanoni.com.br\/2019\/?p=2241"},"modified":"2019-07-27T17:50:40","modified_gmt":"2019-07-27T17:50:40","slug":"falecimento-27-07-19","status":"publish","type":"post","link":"https:\/\/jorgezanoni.com.br\/2019\/falecimento-27-07-19\/","title":{"rendered":"Falecimento 27\/07\/19"},"content":{"rendered":"<p style=\"text-align: justify;\">Comunicamos com pesar o falecimento da senhora L\u00edgia Cristina Paschoaloto de 55 anos. O \u00f3bito aconteceu no Hospital Amaral Carvalho de Ja\u00fa.<\/p>\n<p style=\"text-align: justify;\">Era Professora aposentada da Rede Municipal de ensino. \u00daltima escola que trabalhou foi Jo\u00e3o Milan Barboza no bairro Em\u00edlio Zanata.<\/p>\n<p style=\"text-align: justify;\">O seu Corpo ser\u00e1 velado a partir das 05:00 Horas da manh\u00e3 no Memorial Vida Prev e o Sepultamento ocorre amanh\u00e3 (28) \u00e0s 16:30 Horas no Cemit\u00e9rio de Dracena.<\/p>\n<p style=\"text-align: justify;\">\u00c1 fam\u00edlia e amigos os sentimentos do Site JZ<\/p>\n<p>&nbsp;<\/p>\n","protected":false},"excerpt":{"rendered":"<p>Comunicamos com pesar o falecimento da senhora L\u00edgia Cristina Paschoaloto de 55 anos. O \u00f3bito aconteceu no Hospital Amaral Carvalho de Ja\u00fa. Era Professora aposentada da Rede Municipal de ensino. \u00daltima escola que trabalhou foi Jo\u00e3o Milan Barboza no bairro Em\u00edlio Zanata. O seu Corpo ser\u00e1 velado a partir das 05:00 Horas da manh\u00e3 no [&hellip;]<\/p>\n","protected":false},"author":1,"featured_media":2242,"comment_status":"open","ping_status":"open","sticky":false,"template":"","format":"standard","meta":{"footnotes":""},"categories":[178,110],"tags":[],"class_list":["post-2241","post","type-post","status-publish","format-standard","has-post-thumbnail","hentry","category-notadefalecimento","category-noticiasdestaque"],"_links":{"self":[{"href":"https:\/\/jorgezanoni.com.br\/2019\/wp-json\/wp\/v2\/posts\/2241","targetHints":{"allow":["GET"]}}],"collection":[{"href":"https:\/\/jorgezanoni.com.br\/2019\/wp-json\/wp\/v2\/posts"}],"about":[{"href":"https:\/\/jorgezanoni.com.br\/2019\/wp-json\/wp\/v2\/types\/post"}],"author":[{"embeddable":true,"href":"https:\/\/jorgezanoni.com.br\/2019\/wp-json\/wp\/v2\/users\/1"}],"replies":[{"embeddable":true,"href":"https:\/\/jorgezanoni.com.br\/2019\/wp-json\/wp\/v2\/comments?post=2241"}],"version-history":[{"count":0,"href":"https:\/\/jorgezanoni.com.br\/2019\/wp-json\/wp\/v2\/posts\/2241\/revisions"}],"wp:featuredmedia":[{"embeddable":true,"href":"https:\/\/jorgezanoni.com.br\/2019\/wp-json\/wp\/v2\/media\/2242"}],"wp:attachment":[{"href":"https:\/\/jorgezanoni.com.br\/2019\/wp-json\/wp\/v2\/media?parent=2241"}],"wp:term":[{"taxonomy":"category","embeddable":true,"href":"https:\/\/jorgezanoni.com.br\/2019\/wp-json\/wp\/v2\/categories?post=2241"},{"taxonomy":"post_tag","embeddable":true,"href":"https:\/\/jorgezanoni.com.br\/2019\/wp-json\/wp\/v2\/tags?post=2241"}],"curies":[{"name":"wp","href":"https:\/\/api.w.org\/{rel}","templated":true}]}}