{"id":22393,"date":"2020-03-28T02:42:42","date_gmt":"2020-03-28T02:42:42","guid":{"rendered":"https:\/\/jorgezanoni.com.br\/2019\/?p=22393"},"modified":"2020-03-28T02:42:42","modified_gmt":"2020-03-28T02:42:42","slug":"bandidos-amarram-idosa-durante-assalto-e-fogem-levando-cartao-bancario-com-senha-em-dracena","status":"publish","type":"post","link":"https:\/\/jorgezanoni.com.br\/2019\/bandidos-amarram-idosa-durante-assalto-e-fogem-levando-cartao-bancario-com-senha-em-dracena\/","title":{"rendered":"Bandidos amarram idosa durante assalto e fogem levando cart\u00e3o banc\u00e1rio com senha em Dracena"},"content":{"rendered":"<h2 class=\"content-head__subtitle\" style=\"text-align: justify;\"><strong>Roubo ocorreu em uma resid\u00eancia no Centro de Dracena. V\u00edtima conseguiu pegar o celular e ligar para o vigia da rua, que acionou a Pol\u00edcia Militar.<\/strong><\/h2>\n<div class=\"mc-column content-text active-extra-styles \" data-block-type=\"unstyled\" data-block-weight=\"31\" data-block-id=\"2\">\n<p class=\"content-text__container \" style=\"text-align: justify;\" data-track-category=\"Link no Texto\" data-track-links=\"\">Uma idosa de 81 anos foi amarrada por dois indiv\u00edduos ap\u00f3s ter a casa invadida na madrugada desta quinta-feira (26), no Centro de\u00a0<a href=\"https:\/\/g1.globo.com\/sp\/presidente-prudente-regiao\/cidade\/dracena\/\">Dracena<\/a>. Ela estava sozinha no momento do assalto.<\/p>\n<\/div>\n<div class=\"wall protected-content\">\n<div class=\"mc-column content-text active-extra-styles \" style=\"text-align: justify;\" data-block-type=\"unstyled\" data-block-weight=\"38\" data-block-id=\"3\">\n<p class=\"content-text__container \" data-track-category=\"Link no Texto\" data-track-links=\"\">Segundo a Pol\u00edcia Civil, por volta das 3h, dois homens entraram pelo forro da resid\u00eancia localizada no Centro da cidade. Os ladr\u00f5es exigiram por meio de amea\u00e7a e agress\u00f5es contra a idosa que ela informasse onde guardava dinheiro.<\/p>\n<\/div>\n<div class=\"mc-column content-text active-extra-styles \" style=\"text-align: justify;\" data-block-type=\"unstyled\" data-block-weight=\"37\" data-block-id=\"4\">\n<p class=\"content-text__container \" data-track-category=\"Link no Texto\" data-track-links=\"\">Depois de revirar os m\u00f3veis, os bandidos perceberam que n\u00e3o havia nenhuma quantia em dinheiro na resid\u00eancia. Os homens amarraram a v\u00edtima e fugiram levando um cart\u00e3o banc\u00e1rio com a senha que estava dentro de uma bolsa.<\/p>\n<\/div>\n<div class=\"mc-column content-text active-extra-styles \" style=\"text-align: justify;\" data-block-type=\"unstyled\" data-block-weight=\"20\" data-block-id=\"5\">\n<p class=\"content-text__container \" data-track-category=\"Link no Texto\" data-track-links=\"\">Mesmo amarrada, a idosa conseguiu pegar o celular e ligar para o vigia da rua, que acionou a Pol\u00edcia Militar.<\/p>\n<\/div>\n<div class=\"mc-column content-text active-extra-styles \" data-block-type=\"unstyled\" data-block-weight=\"15\" data-block-id=\"6\">\n<p class=\"content-text__container \" style=\"text-align: justify;\" data-track-category=\"Link no Texto\" data-track-links=\"\">Ainda de acordo com a Pol\u00edcia Civil, at\u00e9 o momento ningu\u00e9m foi identificado ou preso.<\/p>\n<p style=\"text-align: justify;\" data-track-category=\"Link no Texto\" data-track-links=\"\">Fonte: G1<\/p>\n<\/div>\n<\/div>\n","protected":false},"excerpt":{"rendered":"<p>Roubo ocorreu em uma resid\u00eancia no Centro de Dracena. V\u00edtima conseguiu pegar o celular e ligar para o vigia da rua, que acionou a Pol\u00edcia Militar. Uma idosa de 81 anos foi amarrada por dois indiv\u00edduos ap\u00f3s ter a casa invadida na madrugada desta quinta-feira (26), no Centro de\u00a0Dracena. Ela estava sozinha no momento do [&hellip;]<\/p>\n","protected":false},"author":1,"featured_media":22394,"comment_status":"closed","ping_status":"open","sticky":false,"template":"","format":"standard","meta":{"footnotes":""},"categories":[110,2],"tags":[],"class_list":["post-22393","post","type-post","status-publish","format-standard","has-post-thumbnail","hentry","category-noticiasdestaque","category-policial"],"_links":{"self":[{"href":"https:\/\/jorgezanoni.com.br\/2019\/wp-json\/wp\/v2\/posts\/22393","targetHints":{"allow":["GET"]}}],"collection":[{"href":"https:\/\/jorgezanoni.com.br\/2019\/wp-json\/wp\/v2\/posts"}],"about":[{"href":"https:\/\/jorgezanoni.com.br\/2019\/wp-json\/wp\/v2\/types\/post"}],"author":[{"embeddable":true,"href":"https:\/\/jorgezanoni.com.br\/2019\/wp-json\/wp\/v2\/users\/1"}],"replies":[{"embeddable":true,"href":"https:\/\/jorgezanoni.com.br\/2019\/wp-json\/wp\/v2\/comments?post=22393"}],"version-history":[{"count":0,"href":"https:\/\/jorgezanoni.com.br\/2019\/wp-json\/wp\/v2\/posts\/22393\/revisions"}],"wp:featuredmedia":[{"embeddable":true,"href":"https:\/\/jorgezanoni.com.br\/2019\/wp-json\/wp\/v2\/media\/22394"}],"wp:attachment":[{"href":"https:\/\/jorgezanoni.com.br\/2019\/wp-json\/wp\/v2\/media?parent=22393"}],"wp:term":[{"taxonomy":"category","embeddable":true,"href":"https:\/\/jorgezanoni.com.br\/2019\/wp-json\/wp\/v2\/categories?post=22393"},{"taxonomy":"post_tag","embeddable":true,"href":"https:\/\/jorgezanoni.com.br\/2019\/wp-json\/wp\/v2\/tags?post=22393"}],"curies":[{"name":"wp","href":"https:\/\/api.w.org\/{rel}","templated":true}]}}