{"id":22372,"date":"2020-03-28T01:53:27","date_gmt":"2020-03-28T01:53:27","guid":{"rendered":"https:\/\/jorgezanoni.com.br\/2019\/?p=22372"},"modified":"2020-03-28T02:20:52","modified_gmt":"2020-03-28T02:20:52","slug":"prefeitura-anuncia-morte-de-paciente-que-estava-internado-com-suspeita-de-coronavirus-em-presidente-prudente","status":"publish","type":"post","link":"https:\/\/jorgezanoni.com.br\/2019\/prefeitura-anuncia-morte-de-paciente-que-estava-internado-com-suspeita-de-coronavirus-em-presidente-prudente\/","title":{"rendered":"Prefeitura anuncia morte de paciente que estava internado com suspeita de coronav\u00edrus em Presidente Prudente"},"content":{"rendered":"<div class=\"row content-head non-featured \">\n<div class=\"medium-centered subtitle\">\n<h2 class=\"content-head__subtitle\" style=\"text-align: justify;\"><strong>Segundo a Vigil\u00e2ncia Epidemiol\u00f3gica Municipal, houve agravamento no quadro cl\u00ednico do homem, de 57 anos, que seguia em tratamento na Unidade de Terapia Intensiva (UTI).<\/strong><\/h2>\n<div class=\"mc-column content-text active-extra-styles \" data-block-type=\"unstyled\" data-block-weight=\"24\" data-block-id=\"2\">\n<p class=\"content-text__container \" style=\"text-align: justify;\" data-track-category=\"Link no Texto\" data-track-links=\"\">A Prefeitura de\u00a0<a href=\"https:\/\/g1.globo.com\/sp\/presidente-prudente-regiao\/cidade\/presidente-prudente\/\">Presidente Prudente (SP)<\/a>\u00a0anunciou na tarde desta sexta-feira (27) a morte de um paciente que estava internado com suspeita de coronav\u00edrus.<\/p>\n<\/div>\n<div class=\"wall protected-content\">\n<div class=\"mc-column content-text active-extra-styles \" style=\"text-align: justify;\" data-block-type=\"unstyled\" data-block-weight=\"19\" data-block-id=\"3\">\n<p class=\"content-text__container \" data-track-category=\"Link no Texto\" data-track-links=\"\">Segundo o Poder Executivo, a v\u00edtima \u00e9 um homem, de 57 anos, que j\u00e1 era portador de doen\u00e7a cr\u00f4nica.<\/p>\n<\/div>\n<div class=\"mc-column content-text active-extra-styles \" style=\"text-align: justify;\" data-block-type=\"unstyled\" data-block-weight=\"30\" data-block-id=\"4\">\n<p class=\"content-text__container \" data-track-category=\"Link no Texto\" data-track-links=\"\">Ainda conforme a Prefeitura, o diagn\u00f3stico de coronav\u00edrus para o paciente n\u00e3o foi confirmado e o resultado do exame realizado pelo Instituto Adolfo Lutz, em S\u00e3o Paulo (SP), \u00e9 aguardado.<\/p>\n<\/div>\n<div class=\"mc-column content-text active-extra-styles \" style=\"text-align: justify;\" data-block-type=\"unstyled\" data-block-weight=\"56\" data-block-id=\"5\">\n<p class=\"content-text__container \" data-track-category=\"Link no Texto\" data-track-links=\"\">Segundo a Vigil\u00e2ncia Epidemiol\u00f3gica Municipal (VEM), houve agravamento no quadro cl\u00ednico do paciente, que estava internado na Unidade de Terapia Intensiva (UTI). Dessa forma, ele n\u00e3o suportou as complica\u00e7\u00f5es e morreu nesta sexta-feira (27). O \u00f3rg\u00e3o ressaltou que o caso \u00e9 tratado como suspeito da Codiv-19, pois s\u00f3 ser\u00e1 confirmado ap\u00f3s laudos do Instituto Adolfo Lutz.<\/p>\n<\/div>\n<div class=\"mc-column content-text active-extra-styles \" style=\"text-align: justify;\" data-block-type=\"unstyled\" data-block-weight=\"83\" data-block-id=\"6\">\n<p class=\"content-text__container \" data-track-category=\"Link no Texto\" data-track-links=\"\">\u201cQuero dizer para a fam\u00edlia dessa pessoa que faleceu que n\u00f3s estamos consternados com essa situa\u00e7\u00e3o. Eu quero aqui transmitir os meus sentimentos a toda a fam\u00edlia por essa perda por essa pessoa que eu n\u00e3o conhe\u00e7o e tamb\u00e9m n\u00e3o poderia aqui identificar. Mas ficam aqui os nossos sentimentos, de todos os profissionais da sa\u00fade que est\u00e3o se empenhando no dia a dia para enfrentar essa grave crise de sa\u00fade [com] que n\u00f3s estamos lidando hoje\u201d, disse o prefeito Nelson Roberto Bugalho (PSDB).<\/p>\n<p class=\"content-text__container \" data-track-category=\"Link no Texto\" data-track-links=\"\"><span style=\"font-family: inherit; font-size: inherit; font-style: inherit; font-variant-ligatures: inherit; font-variant-caps: inherit; font-weight: inherit; text-align: center;\">Ainda segundo o prefeito, sete pessoas est\u00e3o internadas em Presidente Prudente com suspeita de coronav\u00edrus atualmente.<\/span><\/p>\n<\/div>\n<div class=\"mc-column content-text active-extra-styles \" data-block-type=\"unstyled\" data-block-weight=\"30\" data-block-id=\"9\">\n<p class=\"content-text__container \" style=\"text-align: justify;\" data-track-category=\"Link no Texto\" data-track-links=\"\">S\u00e3o duas mulheres, de 81 e 32 anos, e outros cinco pacientes do sexo masculino, de 68, 52, 42, 34 e 4 anos de idade, tamb\u00e9m conforme o Poder Executivo.<\/p>\n<div class=\"wall protected-content\">\n<div class=\"mc-column content-text active-extra-styles \" style=\"text-align: justify;\" data-block-type=\"unstyled\" data-block-weight=\"83\" data-block-id=\"6\">\n<p data-track-category=\"Link no Texto\" data-track-links=\"\"><img loading=\"lazy\" decoding=\"async\" class=\"alignnone size-full wp-image-22373\" src=\"https:\/\/jorgezanoni.com.br\/2019\/wp-content\/uploads\/2020\/03\/balan\u00f5.jpg\" alt=\"\" width=\"640\" height=\"364\" srcset=\"https:\/\/jorgezanoni.com.br\/2019\/wp-content\/uploads\/2020\/03\/balan\u00f5.jpg 640w, https:\/\/jorgezanoni.com.br\/2019\/wp-content\/uploads\/2020\/03\/balan\u00f5-300x171.jpg 300w\" sizes=\"auto, (max-width: 640px) 100vw, 640px\" \/>Balan\u00e7o sobre o novo coronav\u00edrus em Presidente Prudente foi divulgado nesta sexta-feira (27) \u2014 Foto: Reprodu\u00e7\u00e3o<\/p>\n<div class=\"mc-column content-text active-extra-styles \" data-block-type=\"unstyled\" data-block-weight=\"41\" data-block-id=\"11\">\n<p class=\"content-text__container \" data-track-category=\"Link no Texto\" data-track-links=\"\">O balan\u00e7o oficial atualizado nesta sexta-feira (27) pela Prefeitura indica que 136 pacientes com suspeita de coronav\u00edrus na cidade ainda aguardam os resultados de exames realizados pelo Instituto Adolfo Lutz, em S\u00e3o Paulo, para confirmar ou descartar o diagn\u00f3stico da doen\u00e7a.<\/p>\n<\/div>\n<div class=\"mc-column content-text active-extra-styles \" data-block-type=\"unstyled\" data-block-weight=\"26\" data-block-id=\"12\">\n<p class=\"content-text__container \" data-track-category=\"Link no Texto\" data-track-links=\"\">Outros 17 casos que eram tratados como suspeitos j\u00e1 foram descartados. Desses resultados negativos para coronav\u00edrus, segundo a Vigil\u00e2ncia Epidemiol\u00f3gica, tr\u00eas foram confirmados como Influenza A.<\/p>\n<\/div>\n<div class=\"mc-column content-text active-extra-styles \" data-block-type=\"unstyled\" data-block-weight=\"27\" data-block-id=\"13\">\n<p class=\"content-text__container \" data-track-category=\"Link no Texto\" data-track-links=\"\">Com isso, j\u00e1 foram feitas 153 notifica\u00e7\u00f5es de coronav\u00edrus na cidade, n\u00famero que se refere \u00e0 soma dos 136 suspeitos em aberto e dos 17 j\u00e1 descartados.<\/p>\n<\/div>\n<div class=\"mc-column content-text active-extra-styles \" data-block-type=\"unstyled\" data-block-weight=\"14\" data-block-id=\"14\">\n<p class=\"content-text__container \" data-track-category=\"Link no Texto\" data-track-links=\"\">O balan\u00e7o oficial aponta que n\u00e3o existe caso confirmado da doen\u00e7a em Presidente Prudente.<\/p>\n<p data-track-category=\"Link no Texto\" data-track-links=\"\">Fonte: G1<\/p>\n<\/div>\n<\/div>\n<div class=\"mc-column content-text active-extra-styles \" data-block-type=\"unstyled\" data-block-weight=\"30\" data-block-id=\"9\">\n<p style=\"text-align: justify;\" data-track-category=\"Link no Texto\" data-track-links=\"\">\n<\/div>\n<\/div>\n<\/div>\n<\/div>\n<\/div>\n<\/div>\n<div class=\"content__signa-share\">\n<div class=\"content__signature\">\n<div class=\"content-publication-data\">\n<div class=\"content-publication-data__text\">\n<p class=\"content-publication-data__from\" title=\"G1 Presidente Prudente\">\n<\/div>\n<\/div>\n<\/div>\n<\/div>\n","protected":false},"excerpt":{"rendered":"<p>Segundo a Vigil\u00e2ncia Epidemiol\u00f3gica Municipal, houve agravamento no quadro cl\u00ednico do homem, de 57 anos, que seguia em tratamento na Unidade de Terapia Intensiva (UTI). A Prefeitura de\u00a0Presidente Prudente (SP)\u00a0anunciou na tarde desta sexta-feira (27) a morte de um paciente que estava internado com suspeita de coronav\u00edrus. Segundo o Poder Executivo, a v\u00edtima \u00e9 um [&hellip;]<\/p>\n","protected":false},"author":1,"featured_media":22375,"comment_status":"closed","ping_status":"open","sticky":false,"template":"","format":"standard","meta":{"footnotes":""},"categories":[110,122],"tags":[],"class_list":["post-22372","post","type-post","status-publish","format-standard","has-post-thumbnail","hentry","category-noticiasdestaque","category-saudeeducacaoeconcurso"],"_links":{"self":[{"href":"https:\/\/jorgezanoni.com.br\/2019\/wp-json\/wp\/v2\/posts\/22372","targetHints":{"allow":["GET"]}}],"collection":[{"href":"https:\/\/jorgezanoni.com.br\/2019\/wp-json\/wp\/v2\/posts"}],"about":[{"href":"https:\/\/jorgezanoni.com.br\/2019\/wp-json\/wp\/v2\/types\/post"}],"author":[{"embeddable":true,"href":"https:\/\/jorgezanoni.com.br\/2019\/wp-json\/wp\/v2\/users\/1"}],"replies":[{"embeddable":true,"href":"https:\/\/jorgezanoni.com.br\/2019\/wp-json\/wp\/v2\/comments?post=22372"}],"version-history":[{"count":0,"href":"https:\/\/jorgezanoni.com.br\/2019\/wp-json\/wp\/v2\/posts\/22372\/revisions"}],"wp:featuredmedia":[{"embeddable":true,"href":"https:\/\/jorgezanoni.com.br\/2019\/wp-json\/wp\/v2\/media\/22375"}],"wp:attachment":[{"href":"https:\/\/jorgezanoni.com.br\/2019\/wp-json\/wp\/v2\/media?parent=22372"}],"wp:term":[{"taxonomy":"category","embeddable":true,"href":"https:\/\/jorgezanoni.com.br\/2019\/wp-json\/wp\/v2\/categories?post=22372"},{"taxonomy":"post_tag","embeddable":true,"href":"https:\/\/jorgezanoni.com.br\/2019\/wp-json\/wp\/v2\/tags?post=22372"}],"curies":[{"name":"wp","href":"https:\/\/api.w.org\/{rel}","templated":true}]}}