{"id":2236,"date":"2019-07-27T17:29:02","date_gmt":"2019-07-27T17:29:02","guid":{"rendered":"http:\/\/jorgezanoni.com.br\/2019\/?p=2236"},"modified":"2019-07-27T17:29:02","modified_gmt":"2019-07-27T17:29:02","slug":"carga-de-relogios-sem-nota-fiscal-e-apreendida-dentro-de-carro-em-teodoro-sampaio","status":"publish","type":"post","link":"https:\/\/jorgezanoni.com.br\/2019\/carga-de-relogios-sem-nota-fiscal-e-apreendida-dentro-de-carro-em-teodoro-sampaio\/","title":{"rendered":"Carga de rel\u00f3gios sem nota fiscal \u00e9 apreendida dentro de carro em Teodoro Sampaio"},"content":{"rendered":"<h2 class=\"content-head__subtitle\" style=\"text-align: justify;\"><strong>Ve\u00edculo foi abordado pela Pol\u00edcia Militar Rodovi\u00e1ria. Produtos foram encaminhados para a Receita Federal, em Presidente Prudente.<\/strong><\/h2>\n<p><img loading=\"lazy\" decoding=\"async\" class=\"alignnone size-full wp-image-2237\" src=\"http:\/\/jorgezanoni.com.br\/2019\/wp-content\/uploads\/2019\/07\/relogio.jpeg\" alt=\"\" width=\"1000\" height=\"569\" srcset=\"https:\/\/jorgezanoni.com.br\/2019\/wp-content\/uploads\/2019\/07\/relogio.jpeg 1000w, https:\/\/jorgezanoni.com.br\/2019\/wp-content\/uploads\/2019\/07\/relogio-300x171.jpeg 300w, https:\/\/jorgezanoni.com.br\/2019\/wp-content\/uploads\/2019\/07\/relogio-768x437.jpeg 768w, https:\/\/jorgezanoni.com.br\/2019\/wp-content\/uploads\/2019\/07\/relogio-696x396.jpeg 696w, https:\/\/jorgezanoni.com.br\/2019\/wp-content\/uploads\/2019\/07\/relogio-738x420.jpeg 738w\" sizes=\"auto, (max-width: 1000px) 100vw, 1000px\" \/><\/p>\n<div class=\"mc-column content-text active-extra-styles \" data-block-type=\"unstyled\" data-block-weight=\"20\" data-block-id=\"2\">\n<p class=\"content-text__container \" style=\"text-align: justify;\" data-track-category=\"Link no Texto\" data-track-links=\"\">A Pol\u00edcia Militar Rodovi\u00e1ria apreendeu uma carga de rel\u00f3gios sem nota fiscal na tarde desta sexta-feira (26), em\u00a0<a href=\"https:\/\/g1.globo.com\/sp\/presidente-prudente-regiao\/cidade\/teodoro-sampaio-sp\/\">Teodoro Sampaio<\/a>.<\/p>\n<\/div>\n<div class=\"wall protected-content\">\n<div class=\"mc-column content-text active-extra-styles \" style=\"text-align: justify;\" data-block-type=\"unstyled\" data-block-weight=\"33\" data-block-id=\"3\">\n<p class=\"content-text__container \" data-track-category=\"Link no Texto\" data-track-links=\"\">Durante fiscaliza\u00e7\u00e3o, uma equipe do T\u00e1tico Ostensivo Rodovi\u00e1rio (TOR) abordou um carro, com placas de S\u00e3o Paulo (SP), que aparentava estar pesado. Dois homens de 38 anos estavam no ve\u00edculo, segundo a pol\u00edcia.<\/p>\n<\/div>\n<div class=\"mc-column content-text active-extra-styles \" style=\"text-align: justify;\" data-block-type=\"unstyled\" data-block-weight=\"16\" data-block-id=\"4\">\n<p class=\"content-text__container \" data-track-category=\"Link no Texto\" data-track-links=\"\">No procedimento de vistoria foram localizados aproximadamente 8 mil rel\u00f3gios sem marcas e sem comprovante fiscal.<\/p>\n<\/div>\n<div class=\"mc-column content-text active-extra-styles \" style=\"text-align: justify;\" data-block-type=\"unstyled\" data-block-weight=\"11\" data-block-id=\"5\">\n<p class=\"content-text__container \" data-track-category=\"Link no Texto\" data-track-links=\"\">Os produtos estavam no banco traseiro e no porta-malas do ve\u00edculo.<\/p>\n<\/div>\n<div class=\"mc-column content-text active-extra-styles \" style=\"text-align: justify;\" data-block-type=\"unstyled\" data-block-weight=\"14\" data-block-id=\"6\">\n<p class=\"content-text__container \" data-track-category=\"Link no Texto\" data-track-links=\"\">Os ocupantes e a carga foram encaminhados para a Receita Federal em\u00a0<a href=\"https:\/\/g1.globo.com\/sp\/presidente-prudente-regiao\/cidade\/presidente-prudente\/\">Presidente Prudente<\/a>.<\/p>\n<\/div>\n<div class=\"mc-column content-text active-extra-styles \" data-block-type=\"unstyled\" data-block-weight=\"17\" data-block-id=\"7\">\n<p class=\"content-text__container \" style=\"text-align: justify;\" data-track-category=\"Link no Texto\" data-track-links=\"\">Ap\u00f3s a elabora\u00e7\u00e3o do termo de apreens\u00e3o, os dois homens foram liberados, segundo a Pol\u00edcia Militar Rodovi\u00e1ria.<\/p>\n<p data-track-category=\"Link no Texto\" data-track-links=\"\"><img loading=\"lazy\" decoding=\"async\" class=\"alignnone size-full wp-image-2238\" src=\"http:\/\/jorgezanoni.com.br\/2019\/wp-content\/uploads\/2019\/07\/relogio1.jpeg\" alt=\"\" width=\"1000\" height=\"724\" srcset=\"https:\/\/jorgezanoni.com.br\/2019\/wp-content\/uploads\/2019\/07\/relogio1.jpeg 1000w, https:\/\/jorgezanoni.com.br\/2019\/wp-content\/uploads\/2019\/07\/relogio1-300x217.jpeg 300w, https:\/\/jorgezanoni.com.br\/2019\/wp-content\/uploads\/2019\/07\/relogio1-768x556.jpeg 768w, https:\/\/jorgezanoni.com.br\/2019\/wp-content\/uploads\/2019\/07\/relogio1-324x235.jpeg 324w, https:\/\/jorgezanoni.com.br\/2019\/wp-content\/uploads\/2019\/07\/relogio1-696x504.jpeg 696w, https:\/\/jorgezanoni.com.br\/2019\/wp-content\/uploads\/2019\/07\/relogio1-580x420.jpeg 580w\" sizes=\"auto, (max-width: 1000px) 100vw, 1000px\" \/><\/p>\n<p data-track-category=\"Link no Texto\" data-track-links=\"\">Fonte: G1<\/p>\n<\/div>\n<\/div>\n","protected":false},"excerpt":{"rendered":"<p>Ve\u00edculo foi abordado pela Pol\u00edcia Militar Rodovi\u00e1ria. Produtos foram encaminhados para a Receita Federal, em Presidente Prudente. A Pol\u00edcia Militar Rodovi\u00e1ria apreendeu uma carga de rel\u00f3gios sem nota fiscal na tarde desta sexta-feira (26), em\u00a0Teodoro Sampaio. Durante fiscaliza\u00e7\u00e3o, uma equipe do T\u00e1tico Ostensivo Rodovi\u00e1rio (TOR) abordou um carro, com placas de S\u00e3o Paulo (SP), que [&hellip;]<\/p>\n","protected":false},"author":1,"featured_media":2239,"comment_status":"open","ping_status":"open","sticky":false,"template":"","format":"standard","meta":{"footnotes":""},"categories":[110,2],"tags":[],"class_list":["post-2236","post","type-post","status-publish","format-standard","has-post-thumbnail","hentry","category-noticiasdestaque","category-policial"],"_links":{"self":[{"href":"https:\/\/jorgezanoni.com.br\/2019\/wp-json\/wp\/v2\/posts\/2236","targetHints":{"allow":["GET"]}}],"collection":[{"href":"https:\/\/jorgezanoni.com.br\/2019\/wp-json\/wp\/v2\/posts"}],"about":[{"href":"https:\/\/jorgezanoni.com.br\/2019\/wp-json\/wp\/v2\/types\/post"}],"author":[{"embeddable":true,"href":"https:\/\/jorgezanoni.com.br\/2019\/wp-json\/wp\/v2\/users\/1"}],"replies":[{"embeddable":true,"href":"https:\/\/jorgezanoni.com.br\/2019\/wp-json\/wp\/v2\/comments?post=2236"}],"version-history":[{"count":0,"href":"https:\/\/jorgezanoni.com.br\/2019\/wp-json\/wp\/v2\/posts\/2236\/revisions"}],"wp:featuredmedia":[{"embeddable":true,"href":"https:\/\/jorgezanoni.com.br\/2019\/wp-json\/wp\/v2\/media\/2239"}],"wp:attachment":[{"href":"https:\/\/jorgezanoni.com.br\/2019\/wp-json\/wp\/v2\/media?parent=2236"}],"wp:term":[{"taxonomy":"category","embeddable":true,"href":"https:\/\/jorgezanoni.com.br\/2019\/wp-json\/wp\/v2\/categories?post=2236"},{"taxonomy":"post_tag","embeddable":true,"href":"https:\/\/jorgezanoni.com.br\/2019\/wp-json\/wp\/v2\/tags?post=2236"}],"curies":[{"name":"wp","href":"https:\/\/api.w.org\/{rel}","templated":true}]}}