{"id":22340,"date":"2020-03-28T00:40:40","date_gmt":"2020-03-28T00:40:40","guid":{"rendered":"https:\/\/jorgezanoni.com.br\/2019\/?p=22340"},"modified":"2020-03-28T01:20:31","modified_gmt":"2020-03-28T01:20:31","slug":"aniversariantes-do-dia-27-03-20","status":"publish","type":"post","link":"https:\/\/jorgezanoni.com.br\/2019\/aniversariantes-do-dia-27-03-20\/","title":{"rendered":"Aniversariantes do Dia 27\/03\/20"},"content":{"rendered":"<p>PARABENIZAMOS OS ANIVERSARIANTES DE HOJE:<\/p>\n<p><img loading=\"lazy\" decoding=\"async\" class=\"alignnone size-full wp-image-22341\" src=\"https:\/\/jorgezanoni.com.br\/2019\/wp-content\/uploads\/2020\/03\/Alba-Rocha.jpg\" alt=\"\" width=\"811\" height=\"812\" srcset=\"https:\/\/jorgezanoni.com.br\/2019\/wp-content\/uploads\/2020\/03\/Alba-Rocha.jpg 811w, https:\/\/jorgezanoni.com.br\/2019\/wp-content\/uploads\/2020\/03\/Alba-Rocha-150x150.jpg 150w, https:\/\/jorgezanoni.com.br\/2019\/wp-content\/uploads\/2020\/03\/Alba-Rocha-300x300.jpg 300w, https:\/\/jorgezanoni.com.br\/2019\/wp-content\/uploads\/2020\/03\/Alba-Rocha-768x769.jpg 768w, https:\/\/jorgezanoni.com.br\/2019\/wp-content\/uploads\/2020\/03\/Alba-Rocha-696x697.jpg 696w, https:\/\/jorgezanoni.com.br\/2019\/wp-content\/uploads\/2020\/03\/Alba-Rocha-419x420.jpg 419w\" sizes=\"auto, (max-width: 811px) 100vw, 811px\" \/>Alba Rocha<\/p>\n<p><img loading=\"lazy\" decoding=\"async\" class=\"alignnone size-full wp-image-22342\" src=\"https:\/\/jorgezanoni.com.br\/2019\/wp-content\/uploads\/2020\/03\/Ana-Laura-T\u00f3fano.jpg\" alt=\"\" width=\"960\" height=\"960\" srcset=\"https:\/\/jorgezanoni.com.br\/2019\/wp-content\/uploads\/2020\/03\/Ana-Laura-T\u00f3fano.jpg 960w, https:\/\/jorgezanoni.com.br\/2019\/wp-content\/uploads\/2020\/03\/Ana-Laura-T\u00f3fano-150x150.jpg 150w, https:\/\/jorgezanoni.com.br\/2019\/wp-content\/uploads\/2020\/03\/Ana-Laura-T\u00f3fano-300x300.jpg 300w, https:\/\/jorgezanoni.com.br\/2019\/wp-content\/uploads\/2020\/03\/Ana-Laura-T\u00f3fano-768x768.jpg 768w, https:\/\/jorgezanoni.com.br\/2019\/wp-content\/uploads\/2020\/03\/Ana-Laura-T\u00f3fano-696x696.jpg 696w, https:\/\/jorgezanoni.com.br\/2019\/wp-content\/uploads\/2020\/03\/Ana-Laura-T\u00f3fano-420x420.jpg 420w\" sizes=\"auto, (max-width: 960px) 100vw, 960px\" \/>Ana Laura T\u00f3fano<\/p>\n<p><img loading=\"lazy\" decoding=\"async\" class=\"alignnone size-full wp-image-22343\" src=\"https:\/\/jorgezanoni.com.br\/2019\/wp-content\/uploads\/2020\/03\/Carmen-Moraes.jpg\" alt=\"\" width=\"901\" height=\"901\" srcset=\"https:\/\/jorgezanoni.com.br\/2019\/wp-content\/uploads\/2020\/03\/Carmen-Moraes.jpg 901w, https:\/\/jorgezanoni.com.br\/2019\/wp-content\/uploads\/2020\/03\/Carmen-Moraes-150x150.jpg 150w, https:\/\/jorgezanoni.com.br\/2019\/wp-content\/uploads\/2020\/03\/Carmen-Moraes-300x300.jpg 300w, https:\/\/jorgezanoni.com.br\/2019\/wp-content\/uploads\/2020\/03\/Carmen-Moraes-768x768.jpg 768w, https:\/\/jorgezanoni.com.br\/2019\/wp-content\/uploads\/2020\/03\/Carmen-Moraes-696x696.jpg 696w, https:\/\/jorgezanoni.com.br\/2019\/wp-content\/uploads\/2020\/03\/Carmen-Moraes-420x420.jpg 420w\" sizes=\"auto, (max-width: 901px) 100vw, 901px\" \/>Carmen Moraes<\/p>\n<p><img loading=\"lazy\" decoding=\"async\" class=\"alignnone size-full wp-image-22344\" src=\"https:\/\/jorgezanoni.com.br\/2019\/wp-content\/uploads\/2020\/03\/\u00c9rica-Vaz-da-Silva.jpg\" alt=\"\" width=\"540\" height=\"960\" srcset=\"https:\/\/jorgezanoni.com.br\/2019\/wp-content\/uploads\/2020\/03\/\u00c9rica-Vaz-da-Silva.jpg 540w, https:\/\/jorgezanoni.com.br\/2019\/wp-content\/uploads\/2020\/03\/\u00c9rica-Vaz-da-Silva-169x300.jpg 169w, https:\/\/jorgezanoni.com.br\/2019\/wp-content\/uploads\/2020\/03\/\u00c9rica-Vaz-da-Silva-236x420.jpg 236w\" sizes=\"auto, (max-width: 540px) 100vw, 540px\" \/> \u00c9rica Vaz da Silva<\/p>\n<p><img loading=\"lazy\" decoding=\"async\" class=\"alignnone size-full wp-image-22345\" src=\"https:\/\/jorgezanoni.com.br\/2019\/wp-content\/uploads\/2020\/03\/Francisco-Torturello-e-Neide-Izabel-Moreno-Munhoz-Torturello-49-anos-de-casamento.jpg\" alt=\"\" width=\"1280\" height=\"720\" srcset=\"https:\/\/jorgezanoni.com.br\/2019\/wp-content\/uploads\/2020\/03\/Francisco-Torturello-e-Neide-Izabel-Moreno-Munhoz-Torturello-49-anos-de-casamento.jpg 1280w, https:\/\/jorgezanoni.com.br\/2019\/wp-content\/uploads\/2020\/03\/Francisco-Torturello-e-Neide-Izabel-Moreno-Munhoz-Torturello-49-anos-de-casamento-300x169.jpg 300w, https:\/\/jorgezanoni.com.br\/2019\/wp-content\/uploads\/2020\/03\/Francisco-Torturello-e-Neide-Izabel-Moreno-Munhoz-Torturello-49-anos-de-casamento-768x432.jpg 768w, https:\/\/jorgezanoni.com.br\/2019\/wp-content\/uploads\/2020\/03\/Francisco-Torturello-e-Neide-Izabel-Moreno-Munhoz-Torturello-49-anos-de-casamento-1024x576.jpg 1024w, https:\/\/jorgezanoni.com.br\/2019\/wp-content\/uploads\/2020\/03\/Francisco-Torturello-e-Neide-Izabel-Moreno-Munhoz-Torturello-49-anos-de-casamento-696x392.jpg 696w, https:\/\/jorgezanoni.com.br\/2019\/wp-content\/uploads\/2020\/03\/Francisco-Torturello-e-Neide-Izabel-Moreno-Munhoz-Torturello-49-anos-de-casamento-1068x601.jpg 1068w, https:\/\/jorgezanoni.com.br\/2019\/wp-content\/uploads\/2020\/03\/Francisco-Torturello-e-Neide-Izabel-Moreno-Munhoz-Torturello-49-anos-de-casamento-747x420.jpg 747w\" sizes=\"auto, (max-width: 1280px) 100vw, 1280px\" \/>Francisco Torturello e Neide Izabel Moreno Munhoz Torturello (49 anos de casamento)<\/p>\n<p><img loading=\"lazy\" decoding=\"async\" class=\"alignnone size-full wp-image-22346\" src=\"https:\/\/jorgezanoni.com.br\/2019\/wp-content\/uploads\/2020\/03\/Jaime-Silva-1.jpg\" alt=\"\" width=\"540\" height=\"960\" srcset=\"https:\/\/jorgezanoni.com.br\/2019\/wp-content\/uploads\/2020\/03\/Jaime-Silva-1.jpg 540w, https:\/\/jorgezanoni.com.br\/2019\/wp-content\/uploads\/2020\/03\/Jaime-Silva-1-169x300.jpg 169w, https:\/\/jorgezanoni.com.br\/2019\/wp-content\/uploads\/2020\/03\/Jaime-Silva-1-236x420.jpg 236w\" sizes=\"auto, (max-width: 540px) 100vw, 540px\" \/> Jaime Silva<\/p>\n<p><img loading=\"lazy\" decoding=\"async\" class=\"alignnone size-full wp-image-22349\" src=\"https:\/\/jorgezanoni.com.br\/2019\/wp-content\/uploads\/2020\/03\/La\u00eds-Panicio.jpg\" alt=\"\" width=\"572\" height=\"572\" srcset=\"https:\/\/jorgezanoni.com.br\/2019\/wp-content\/uploads\/2020\/03\/La\u00eds-Panicio.jpg 572w, https:\/\/jorgezanoni.com.br\/2019\/wp-content\/uploads\/2020\/03\/La\u00eds-Panicio-150x150.jpg 150w, https:\/\/jorgezanoni.com.br\/2019\/wp-content\/uploads\/2020\/03\/La\u00eds-Panicio-300x300.jpg 300w, https:\/\/jorgezanoni.com.br\/2019\/wp-content\/uploads\/2020\/03\/La\u00eds-Panicio-420x420.jpg 420w\" sizes=\"auto, (max-width: 572px) 100vw, 572px\" \/> La\u00eds Panicio<\/p>\n<p><img loading=\"lazy\" decoding=\"async\" class=\"alignnone size-full wp-image-22350\" src=\"https:\/\/jorgezanoni.com.br\/2019\/wp-content\/uploads\/2020\/03\/Magda-Salles.jpg\" alt=\"\" width=\"456\" height=\"456\" srcset=\"https:\/\/jorgezanoni.com.br\/2019\/wp-content\/uploads\/2020\/03\/Magda-Salles.jpg 456w, https:\/\/jorgezanoni.com.br\/2019\/wp-content\/uploads\/2020\/03\/Magda-Salles-150x150.jpg 150w, https:\/\/jorgezanoni.com.br\/2019\/wp-content\/uploads\/2020\/03\/Magda-Salles-300x300.jpg 300w, https:\/\/jorgezanoni.com.br\/2019\/wp-content\/uploads\/2020\/03\/Magda-Salles-420x420.jpg 420w\" sizes=\"auto, (max-width: 456px) 100vw, 456px\" \/> Magda Salles<\/p>\n<p><img loading=\"lazy\" decoding=\"async\" class=\"alignnone size-full wp-image-22351\" src=\"https:\/\/jorgezanoni.com.br\/2019\/wp-content\/uploads\/2020\/03\/Maria-Clara-T\u00f3fano-Rodrigues.jpg\" alt=\"\" width=\"750\" height=\"749\" srcset=\"https:\/\/jorgezanoni.com.br\/2019\/wp-content\/uploads\/2020\/03\/Maria-Clara-T\u00f3fano-Rodrigues.jpg 750w, https:\/\/jorgezanoni.com.br\/2019\/wp-content\/uploads\/2020\/03\/Maria-Clara-T\u00f3fano-Rodrigues-150x150.jpg 150w, https:\/\/jorgezanoni.com.br\/2019\/wp-content\/uploads\/2020\/03\/Maria-Clara-T\u00f3fano-Rodrigues-300x300.jpg 300w, https:\/\/jorgezanoni.com.br\/2019\/wp-content\/uploads\/2020\/03\/Maria-Clara-T\u00f3fano-Rodrigues-696x695.jpg 696w, https:\/\/jorgezanoni.com.br\/2019\/wp-content\/uploads\/2020\/03\/Maria-Clara-T\u00f3fano-Rodrigues-421x420.jpg 421w\" sizes=\"auto, (max-width: 750px) 100vw, 750px\" \/>Maria Clara T\u00f3fano Rodrigues<\/p>\n<p><img loading=\"lazy\" decoding=\"async\" class=\"alignnone size-full wp-image-22352\" src=\"https:\/\/jorgezanoni.com.br\/2019\/wp-content\/uploads\/2020\/03\/Marina-Oliveira-Falconi.jpg\" alt=\"\" width=\"720\" height=\"720\" srcset=\"https:\/\/jorgezanoni.com.br\/2019\/wp-content\/uploads\/2020\/03\/Marina-Oliveira-Falconi.jpg 720w, https:\/\/jorgezanoni.com.br\/2019\/wp-content\/uploads\/2020\/03\/Marina-Oliveira-Falconi-150x150.jpg 150w, https:\/\/jorgezanoni.com.br\/2019\/wp-content\/uploads\/2020\/03\/Marina-Oliveira-Falconi-300x300.jpg 300w, https:\/\/jorgezanoni.com.br\/2019\/wp-content\/uploads\/2020\/03\/Marina-Oliveira-Falconi-696x696.jpg 696w, https:\/\/jorgezanoni.com.br\/2019\/wp-content\/uploads\/2020\/03\/Marina-Oliveira-Falconi-420x420.jpg 420w\" sizes=\"auto, (max-width: 720px) 100vw, 720px\" \/>Marina Oliveira Falconi<\/p>\n<p><img loading=\"lazy\" decoding=\"async\" class=\"alignnone size-full wp-image-22353\" src=\"https:\/\/jorgezanoni.com.br\/2019\/wp-content\/uploads\/2020\/03\/Renato-Cavalcante.jpg\" alt=\"\" width=\"307\" height=\"307\" srcset=\"https:\/\/jorgezanoni.com.br\/2019\/wp-content\/uploads\/2020\/03\/Renato-Cavalcante.jpg 307w, https:\/\/jorgezanoni.com.br\/2019\/wp-content\/uploads\/2020\/03\/Renato-Cavalcante-150x150.jpg 150w, https:\/\/jorgezanoni.com.br\/2019\/wp-content\/uploads\/2020\/03\/Renato-Cavalcante-300x300.jpg 300w\" sizes=\"auto, (max-width: 307px) 100vw, 307px\" \/> Renato Cavalcante<\/p>\n<p><img loading=\"lazy\" decoding=\"async\" class=\"alignnone size-full wp-image-22354\" src=\"https:\/\/jorgezanoni.com.br\/2019\/wp-content\/uploads\/2020\/03\/Roseli-Valentino.jpg\" alt=\"\" width=\"960\" height=\"720\" srcset=\"https:\/\/jorgezanoni.com.br\/2019\/wp-content\/uploads\/2020\/03\/Roseli-Valentino.jpg 960w, https:\/\/jorgezanoni.com.br\/2019\/wp-content\/uploads\/2020\/03\/Roseli-Valentino-300x225.jpg 300w, https:\/\/jorgezanoni.com.br\/2019\/wp-content\/uploads\/2020\/03\/Roseli-Valentino-768x576.jpg 768w, https:\/\/jorgezanoni.com.br\/2019\/wp-content\/uploads\/2020\/03\/Roseli-Valentino-80x60.jpg 80w, https:\/\/jorgezanoni.com.br\/2019\/wp-content\/uploads\/2020\/03\/Roseli-Valentino-265x198.jpg 265w, https:\/\/jorgezanoni.com.br\/2019\/wp-content\/uploads\/2020\/03\/Roseli-Valentino-696x522.jpg 696w, https:\/\/jorgezanoni.com.br\/2019\/wp-content\/uploads\/2020\/03\/Roseli-Valentino-560x420.jpg 560w\" sizes=\"auto, (max-width: 960px) 100vw, 960px\" \/>Roseli Valentino<\/p>\n<p><img loading=\"lazy\" decoding=\"async\" class=\"alignnone size-full wp-image-22355\" src=\"https:\/\/jorgezanoni.com.br\/2019\/wp-content\/uploads\/2020\/03\/Silene-Perozo-Bortoloto.jpg\" alt=\"\" width=\"960\" height=\"960\" srcset=\"https:\/\/jorgezanoni.com.br\/2019\/wp-content\/uploads\/2020\/03\/Silene-Perozo-Bortoloto.jpg 960w, https:\/\/jorgezanoni.com.br\/2019\/wp-content\/uploads\/2020\/03\/Silene-Perozo-Bortoloto-150x150.jpg 150w, https:\/\/jorgezanoni.com.br\/2019\/wp-content\/uploads\/2020\/03\/Silene-Perozo-Bortoloto-300x300.jpg 300w, https:\/\/jorgezanoni.com.br\/2019\/wp-content\/uploads\/2020\/03\/Silene-Perozo-Bortoloto-768x768.jpg 768w, https:\/\/jorgezanoni.com.br\/2019\/wp-content\/uploads\/2020\/03\/Silene-Perozo-Bortoloto-696x696.jpg 696w, https:\/\/jorgezanoni.com.br\/2019\/wp-content\/uploads\/2020\/03\/Silene-Perozo-Bortoloto-420x420.jpg 420w\" sizes=\"auto, (max-width: 960px) 100vw, 960px\" \/>Silene Perozo Bortoloto<\/p>\n<p><img loading=\"lazy\" decoding=\"async\" class=\"alignnone size-full wp-image-22357\" src=\"https:\/\/jorgezanoni.com.br\/2019\/wp-content\/uploads\/2020\/03\/Valdir-Scardovelli.jpg\" alt=\"\" width=\"720\" height=\"960\" srcset=\"https:\/\/jorgezanoni.com.br\/2019\/wp-content\/uploads\/2020\/03\/Valdir-Scardovelli.jpg 720w, https:\/\/jorgezanoni.com.br\/2019\/wp-content\/uploads\/2020\/03\/Valdir-Scardovelli-225x300.jpg 225w, https:\/\/jorgezanoni.com.br\/2019\/wp-content\/uploads\/2020\/03\/Valdir-Scardovelli-696x928.jpg 696w, https:\/\/jorgezanoni.com.br\/2019\/wp-content\/uploads\/2020\/03\/Valdir-Scardovelli-315x420.jpg 315w\" sizes=\"auto, (max-width: 720px) 100vw, 720px\" \/>Valdir Scardovelli<\/p>\n<p><img loading=\"lazy\" decoding=\"async\" class=\"alignnone size-full wp-image-22365\" src=\"https:\/\/jorgezanoni.com.br\/2019\/wp-content\/uploads\/2020\/03\/Vanessa-Pereira-Rodrigues.jpg\" alt=\"\" width=\"960\" height=\"1280\" srcset=\"https:\/\/jorgezanoni.com.br\/2019\/wp-content\/uploads\/2020\/03\/Vanessa-Pereira-Rodrigues.jpg 960w, https:\/\/jorgezanoni.com.br\/2019\/wp-content\/uploads\/2020\/03\/Vanessa-Pereira-Rodrigues-225x300.jpg 225w, https:\/\/jorgezanoni.com.br\/2019\/wp-content\/uploads\/2020\/03\/Vanessa-Pereira-Rodrigues-768x1024.jpg 768w, https:\/\/jorgezanoni.com.br\/2019\/wp-content\/uploads\/2020\/03\/Vanessa-Pereira-Rodrigues-696x928.jpg 696w, https:\/\/jorgezanoni.com.br\/2019\/wp-content\/uploads\/2020\/03\/Vanessa-Pereira-Rodrigues-315x420.jpg 315w\" sizes=\"auto, (max-width: 960px) 100vw, 960px\" \/>Vanessa Pereira Rodrigues<\/p>\n<p><img loading=\"lazy\" decoding=\"async\" class=\"alignnone size-full wp-image-22358\" src=\"https:\/\/jorgezanoni.com.br\/2019\/wp-content\/uploads\/2020\/03\/Vera-L\u00facia-Pereira.jpg\" alt=\"\" width=\"576\" height=\"576\" srcset=\"https:\/\/jorgezanoni.com.br\/2019\/wp-content\/uploads\/2020\/03\/Vera-L\u00facia-Pereira.jpg 576w, https:\/\/jorgezanoni.com.br\/2019\/wp-content\/uploads\/2020\/03\/Vera-L\u00facia-Pereira-150x150.jpg 150w, https:\/\/jorgezanoni.com.br\/2019\/wp-content\/uploads\/2020\/03\/Vera-L\u00facia-Pereira-300x300.jpg 300w, https:\/\/jorgezanoni.com.br\/2019\/wp-content\/uploads\/2020\/03\/Vera-L\u00facia-Pereira-420x420.jpg 420w\" sizes=\"auto, (max-width: 576px) 100vw, 576px\" \/><\/p>\n<p>Vera Lucia Pereira<\/p>\n<p><img loading=\"lazy\" decoding=\"async\" class=\"alignnone size-full wp-image-22359\" src=\"https:\/\/jorgezanoni.com.br\/2019\/wp-content\/uploads\/2020\/03\/Willian-Artale.jpg\" alt=\"\" width=\"950\" height=\"960\" srcset=\"https:\/\/jorgezanoni.com.br\/2019\/wp-content\/uploads\/2020\/03\/Willian-Artale.jpg 950w, https:\/\/jorgezanoni.com.br\/2019\/wp-content\/uploads\/2020\/03\/Willian-Artale-297x300.jpg 297w, https:\/\/jorgezanoni.com.br\/2019\/wp-content\/uploads\/2020\/03\/Willian-Artale-768x776.jpg 768w, https:\/\/jorgezanoni.com.br\/2019\/wp-content\/uploads\/2020\/03\/Willian-Artale-696x703.jpg 696w, https:\/\/jorgezanoni.com.br\/2019\/wp-content\/uploads\/2020\/03\/Willian-Artale-416x420.jpg 416w\" sizes=\"auto, (max-width: 950px) 100vw, 950px\" \/>Willian Artale<\/p>\n","protected":false},"excerpt":{"rendered":"<p>PARABENIZAMOS OS ANIVERSARIANTES DE HOJE: Alba Rocha Ana Laura T\u00f3fano Carmen Moraes \u00c9rica Vaz da Silva Francisco Torturello e Neide Izabel Moreno Munhoz Torturello (49 anos de casamento) Jaime Silva La\u00eds Panicio Magda Salles Maria Clara T\u00f3fano Rodrigues Marina Oliveira Falconi Renato Cavalcante Roseli Valentino Silene Perozo Bortoloto Valdir Scardovelli Vanessa Pereira Rodrigues Vera Lucia [&hellip;]<\/p>\n","protected":false},"author":1,"featured_media":22342,"comment_status":"closed","ping_status":"open","sticky":false,"template":"","format":"standard","meta":{"footnotes":""},"categories":[174],"tags":[],"class_list":["post-22340","post","type-post","status-publish","format-standard","has-post-thumbnail","hentry","category-aniversariantes"],"_links":{"self":[{"href":"https:\/\/jorgezanoni.com.br\/2019\/wp-json\/wp\/v2\/posts\/22340","targetHints":{"allow":["GET"]}}],"collection":[{"href":"https:\/\/jorgezanoni.com.br\/2019\/wp-json\/wp\/v2\/posts"}],"about":[{"href":"https:\/\/jorgezanoni.com.br\/2019\/wp-json\/wp\/v2\/types\/post"}],"author":[{"embeddable":true,"href":"https:\/\/jorgezanoni.com.br\/2019\/wp-json\/wp\/v2\/users\/1"}],"replies":[{"embeddable":true,"href":"https:\/\/jorgezanoni.com.br\/2019\/wp-json\/wp\/v2\/comments?post=22340"}],"version-history":[{"count":0,"href":"https:\/\/jorgezanoni.com.br\/2019\/wp-json\/wp\/v2\/posts\/22340\/revisions"}],"wp:featuredmedia":[{"embeddable":true,"href":"https:\/\/jorgezanoni.com.br\/2019\/wp-json\/wp\/v2\/media\/22342"}],"wp:attachment":[{"href":"https:\/\/jorgezanoni.com.br\/2019\/wp-json\/wp\/v2\/media?parent=22340"}],"wp:term":[{"taxonomy":"category","embeddable":true,"href":"https:\/\/jorgezanoni.com.br\/2019\/wp-json\/wp\/v2\/categories?post=22340"},{"taxonomy":"post_tag","embeddable":true,"href":"https:\/\/jorgezanoni.com.br\/2019\/wp-json\/wp\/v2\/tags?post=22340"}],"curies":[{"name":"wp","href":"https:\/\/api.w.org\/{rel}","templated":true}]}}