{"id":22337,"date":"2020-03-28T00:07:28","date_gmt":"2020-03-28T00:07:28","guid":{"rendered":"https:\/\/jorgezanoni.com.br\/2019\/?p=22337"},"modified":"2020-03-28T00:07:28","modified_gmt":"2020-03-28T00:07:28","slug":"santa-casa-de-dracena-abre-campanha-para-doacoes","status":"publish","type":"post","link":"https:\/\/jorgezanoni.com.br\/2019\/santa-casa-de-dracena-abre-campanha-para-doacoes\/","title":{"rendered":"Santa Casa de Dracena abre campanha para doa\u00e7\u00f5es"},"content":{"rendered":"<p style=\"text-align: justify;\">A \u200bSanta Casa de Dracena, se precavendo ao enfrentamento da pandemia da nova Coronav\u00edrus, na tentativa de se manter h\u00edgida, com a finalidade de atender \u00e0 popula\u00e7\u00e3o, resolveu inserir uma campanha visando o recebimento de doa\u00e7\u00f5es, e neste sentido, est\u00e1 lan\u00e7ando um folheto ilustrativo contendo o n\u00famero de conta banc\u00e1ria onde ser\u00e3o recepcionados os recursos.<\/p>\n<p style=\"text-align: justify;\">\u200bQualquer doa\u00e7\u00e3o ser\u00e1 recebida por esta conta, sem qualquer discrimina\u00e7\u00e3o e com uma mensagem de agradecimento em nome da comunidade.<\/p>\n<p style=\"text-align: justify;\">\u200bLembrando da import\u00e2ncia da presta\u00e7\u00e3o de contas, como mencionado pela orienta\u00e7\u00e3o transmitida pelo Minist\u00e9rio P\u00fablico, que a Santa Casa adotou como obriga\u00e7\u00e3o primordial e com a necess\u00e1ria publicidade.<\/p>\n<p style=\"text-align: justify;\">\u200bEvidentemente, as doa\u00e7\u00f5es n\u00e3o se resumem a recursos em esp\u00e9cie, que poder\u00e3o ser em bens materiais, como j\u00e1 est\u00e3o ocorrendo com a iniciativa de membros da sociedade que fizeram a doa\u00e7\u00e3o de \u00e1lcool 70\u00b0, luvas, m\u00e1scaras, tecidos, produtos de limpeza e higieniza\u00e7\u00e3o, etc, que igualmente ter\u00e1 a devida presta\u00e7\u00e3o de contas.<\/p>\n<p style=\"text-align: justify;\">Ressaltar, a libera\u00e7\u00e3o de recursos pelo Poder Judici\u00e1rio de fundos de presta\u00e7\u00e3o pecuni\u00e1ria.<\/p>\n<p style=\"text-align: justify;\">\u200bDesde j\u00e1, a Diretoria, os colaboradores, a Irmandade, os membros do Corpo Cl\u00ednico, agradecem os volunt\u00e1rios que fizerem as suas doa\u00e7\u00f5es, pois tudo \u00e9 em nome do Patrim\u00f4nio da Comunidade.<\/p>\n<p style=\"text-align: justify;\">Fonte: Assessoria da Santa Casa<\/p>\n","protected":false},"excerpt":{"rendered":"<p>A \u200bSanta Casa de Dracena, se precavendo ao enfrentamento da pandemia da nova Coronav\u00edrus, na tentativa de se manter h\u00edgida, com a finalidade de atender \u00e0 popula\u00e7\u00e3o, resolveu inserir uma campanha visando o recebimento de doa\u00e7\u00f5es, e neste sentido, est\u00e1 lan\u00e7ando um folheto ilustrativo contendo o n\u00famero de conta banc\u00e1ria onde ser\u00e3o recepcionados os recursos. [&hellip;]<\/p>\n","protected":false},"author":1,"featured_media":22338,"comment_status":"closed","ping_status":"open","sticky":false,"template":"","format":"standard","meta":{"footnotes":""},"categories":[110,122],"tags":[],"class_list":["post-22337","post","type-post","status-publish","format-standard","has-post-thumbnail","hentry","category-noticiasdestaque","category-saudeeducacaoeconcurso"],"_links":{"self":[{"href":"https:\/\/jorgezanoni.com.br\/2019\/wp-json\/wp\/v2\/posts\/22337","targetHints":{"allow":["GET"]}}],"collection":[{"href":"https:\/\/jorgezanoni.com.br\/2019\/wp-json\/wp\/v2\/posts"}],"about":[{"href":"https:\/\/jorgezanoni.com.br\/2019\/wp-json\/wp\/v2\/types\/post"}],"author":[{"embeddable":true,"href":"https:\/\/jorgezanoni.com.br\/2019\/wp-json\/wp\/v2\/users\/1"}],"replies":[{"embeddable":true,"href":"https:\/\/jorgezanoni.com.br\/2019\/wp-json\/wp\/v2\/comments?post=22337"}],"version-history":[{"count":0,"href":"https:\/\/jorgezanoni.com.br\/2019\/wp-json\/wp\/v2\/posts\/22337\/revisions"}],"wp:featuredmedia":[{"embeddable":true,"href":"https:\/\/jorgezanoni.com.br\/2019\/wp-json\/wp\/v2\/media\/22338"}],"wp:attachment":[{"href":"https:\/\/jorgezanoni.com.br\/2019\/wp-json\/wp\/v2\/media?parent=22337"}],"wp:term":[{"taxonomy":"category","embeddable":true,"href":"https:\/\/jorgezanoni.com.br\/2019\/wp-json\/wp\/v2\/categories?post=22337"},{"taxonomy":"post_tag","embeddable":true,"href":"https:\/\/jorgezanoni.com.br\/2019\/wp-json\/wp\/v2\/tags?post=22337"}],"curies":[{"name":"wp","href":"https:\/\/api.w.org\/{rel}","templated":true}]}}