{"id":22329,"date":"2020-03-27T23:17:29","date_gmt":"2020-03-27T23:17:29","guid":{"rendered":"https:\/\/jorgezanoni.com.br\/2019\/?p=22329"},"modified":"2020-03-27T23:17:29","modified_gmt":"2020-03-27T23:17:29","slug":"empresarios-fazem-carreata-com-buzinaco-pedindo-a-reabertura-do-comercio-na-segunda-feira-em-dracena","status":"publish","type":"post","link":"https:\/\/jorgezanoni.com.br\/2019\/empresarios-fazem-carreata-com-buzinaco-pedindo-a-reabertura-do-comercio-na-segunda-feira-em-dracena\/","title":{"rendered":"Empres\u00e1rios fazem carreata com buzina\u00e7o pedindo a reabertura do com\u00e9rcio na segunda-feira em Dracena"},"content":{"rendered":"<p>VEJA DOIS V\u00cdDEOS:<\/p>\n<p>Video 1<\/p>\n<div id=\"fb-root\"><\/div>\n<p><script async=\"1\" defer=\"1\" crossorigin=\"anonymous\" src=\"https:\/\/connect.facebook.net\/en_US\/sdk.js#xfbml=1&amp;version=v6.0\"><\/script><\/p>\n<div class=\"fb-video\" data-href=\"https:\/\/www.facebook.com\/jorgezanonidracena\/videos\/162490508222892\/\" data-width=\"696\">\n<blockquote cite=\"https:\/\/www.facebook.com\/jorgezanonidracena\/videos\/162490508222892\/\" class=\"fb-xfbml-parse-ignore\"><p><a href=\"https:\/\/www.facebook.com\/jorgezanonidracena\/videos\/162490508222892\/\">Empres\u00e1rios fazem carreata com buzina\u00e7o pedindo a reabertura do com\u00e9rcio na segunda-feira em Dracena(v\u00eddeo 1)<\/a><\/p>\n<p>Empres\u00e1rios fazem carreata com buzina\u00e7o pedindo a reabertura do com\u00e9rcio na segunda-feira em Dracena (v\u00eddeo 1)<\/p>\n<p>Posted by <a href=\"https:\/\/www.facebook.com\/jorgezanonidracena\/\">Jorge Zanoni<\/a> on Friday, March 27, 2020<\/p><\/blockquote>\n<\/div>\n<p>V\u00eddeo 2<\/p>\n<div id=\"fb-root\"><\/div>\n<p><script async=\"1\" defer=\"1\" crossorigin=\"anonymous\" src=\"https:\/\/connect.facebook.net\/en_US\/sdk.js#xfbml=1&amp;version=v6.0\"><\/script><\/p>\n<div class=\"fb-video\" data-href=\"https:\/\/www.facebook.com\/jorgezanonidracena\/videos\/498851021023082\/\" data-width=\"696\">\n<blockquote cite=\"https:\/\/www.facebook.com\/jorgezanonidracena\/videos\/498851021023082\/\" class=\"fb-xfbml-parse-ignore\"><p><a href=\"https:\/\/www.facebook.com\/jorgezanonidracena\/videos\/498851021023082\/\">Empres\u00e1rios fazem carreata com buzina\u00e7o pedindo a reabertura do com\u00e9rcio na segunda-feira em Dracena(v\u00eddeo 2)<\/a><\/p>\n<p>Empres\u00e1rios fazem carreata com buzina\u00e7o pedindo a reabertura do com\u00e9rcio na segunda-feira em Dracena (v\u00eddeo 2)<\/p>\n<p>Posted by <a href=\"https:\/\/www.facebook.com\/jorgezanonidracena\/\">Jorge Zanoni<\/a> on Friday, March 27, 2020<\/p><\/blockquote>\n<\/div>\n","protected":false},"excerpt":{"rendered":"<p>VEJA DOIS V\u00cdDEOS: Video 1 Empres\u00e1rios fazem carreata com buzina\u00e7o pedindo a reabertura do com\u00e9rcio na segunda-feira em Dracena(v\u00eddeo 1) Empres\u00e1rios fazem carreata com buzina\u00e7o pedindo a reabertura do com\u00e9rcio na segunda-feira em Dracena (v\u00eddeo 1) Posted by Jorge Zanoni on Friday, March 27, 2020 V\u00eddeo 2 Empres\u00e1rios fazem carreata com buzina\u00e7o pedindo a reabertura [&hellip;]<\/p>\n","protected":false},"author":1,"featured_media":22330,"comment_status":"closed","ping_status":"open","sticky":false,"template":"","format":"video","meta":{"footnotes":""},"categories":[110,169],"tags":[],"class_list":["post-22329","post","type-post","status-publish","format-video","has-post-thumbnail","hentry","category-noticiasdestaque","category-videos","post_format-post-format-video"],"_links":{"self":[{"href":"https:\/\/jorgezanoni.com.br\/2019\/wp-json\/wp\/v2\/posts\/22329","targetHints":{"allow":["GET"]}}],"collection":[{"href":"https:\/\/jorgezanoni.com.br\/2019\/wp-json\/wp\/v2\/posts"}],"about":[{"href":"https:\/\/jorgezanoni.com.br\/2019\/wp-json\/wp\/v2\/types\/post"}],"author":[{"embeddable":true,"href":"https:\/\/jorgezanoni.com.br\/2019\/wp-json\/wp\/v2\/users\/1"}],"replies":[{"embeddable":true,"href":"https:\/\/jorgezanoni.com.br\/2019\/wp-json\/wp\/v2\/comments?post=22329"}],"version-history":[{"count":0,"href":"https:\/\/jorgezanoni.com.br\/2019\/wp-json\/wp\/v2\/posts\/22329\/revisions"}],"wp:featuredmedia":[{"embeddable":true,"href":"https:\/\/jorgezanoni.com.br\/2019\/wp-json\/wp\/v2\/media\/22330"}],"wp:attachment":[{"href":"https:\/\/jorgezanoni.com.br\/2019\/wp-json\/wp\/v2\/media?parent=22329"}],"wp:term":[{"taxonomy":"category","embeddable":true,"href":"https:\/\/jorgezanoni.com.br\/2019\/wp-json\/wp\/v2\/categories?post=22329"},{"taxonomy":"post_tag","embeddable":true,"href":"https:\/\/jorgezanoni.com.br\/2019\/wp-json\/wp\/v2\/tags?post=22329"}],"curies":[{"name":"wp","href":"https:\/\/api.w.org\/{rel}","templated":true}]}}